{"id":43085,"date":"2026-01-23T14:37:00","date_gmt":"2026-01-23T14:37:00","guid":{"rendered":"https:\/\/www.nordex-online.com\/fr\/?p=43085"},"modified":"2026-01-23T14:37:00","modified_gmt":"2026-01-23T14:37:00","slug":"nordex-group-avec-ceo-jose-luis-blanco-au-forum-economique-mondial-de-davos","status":"publish","type":"post","link":"https:\/\/www.nordex-online.com\/fr\/2026\/01\/nordex-group-avec-ceo-jose-luis-blanco-au-forum-economique-mondial-de-davos\/","title":{"rendered":"Nordex Group avec CEO Jos\u00e9 Luis Blanco au Forum \u00c9conomique Mondial de Davos"},"content":{"rendered":"\n<p>Du 19 au 23 janvier 2026, la r\u00e9union annuelle du Forum \u00e9conomique mondial a de nouveau fait de Davos, en Suisse, le centre politique et \u00e9conomique du monde. Des chefs d\u2019\u00c9tat et de gouvernement, des CEO des plus grandes entreprises ainsi que des ONG influentes se r\u00e9unissent lors de plus de 200 sessions pour discuter des d\u00e9fis les plus urgents et des opportunit\u00e9s qui fa\u00e7onnent le d\u00e9veloppement \u00e9conomique et social mondial.<br>Parmi les quelque 2 500 participants figure Jos\u00e9 Luis Blanco, CEO du Nordex Group, qui participe \u00e0 de nombreux panels et r\u00e9unions avec des clients et des repr\u00e9sentants du monde \u00e9conomique.<br>Un \u00e9l\u00e9ment traditionnel du Forum \u00e9conomique mondial est \u00e9galement la publication du prestigieux classement des 100 entreprises les plus durables : le \u00ab Corporate Knight Global 100 \u00bb. Ce classement \u00e9value divers indicateurs de performance en mati\u00e8re de durabilit\u00e9. Nous sommes fiers que Nordex se soit class\u00e9 25e au niveau mondial \u2014 une preuve forte de l\u2019engagement et de l\u2019impact de notre \u00e9quipe Sustainability ainsi que de nos coll\u00e8gues de tous les d\u00e9partements dans le monde, qui font avancer la durabilit\u00e9 au quotidien.<\/p>\n\n\n\n<p class=\"has-small-font-size\"><br>Source de l\u2019image \u201cAnnual Meeting 2026\u201d : Forum \u00e9conomique mondial<\/p>\n","protected":false},"excerpt":{"rendered":"<p>Du 19 au 23 janvier 2026, la r\u00e9union annuelle du Forum \u00e9conomique mondial a de nouveau fait de Davos, en Suisse, le centre politique et \u00e9conomique du monde. Des chefs d\u2019\u00c9tat et de gouvernement, des CEO des plus grandes entreprises ainsi que des ONG influentes se r\u00e9unissent lors de plus de 200 sessions pour discuter [&hellip;]<\/p>\n","protected":false},"author":6,"featured_media":43086,"comment_status":"closed","ping_status":"closed","sticky":false,"template":"","format":"standard","meta":{"_trash_the_other_posts":false,"editor_notices":[],"footnotes":""},"categories":[905],"tags":[],"class_list":["post-43085","post","type-post","status-publish","format-standard","has-post-thumbnail","hentry","category-company-news"],"yoast_head":"<!-- This site is optimized with the Yoast SEO Premium plugin v27.3 (Yoast SEO v27.3) - https:\/\/yoast.com\/product\/yoast-seo-premium-wordpress\/ -->\n<title>Nordex Group avec CEO Jos\u00e9 Luis Blanco au Forum \u00c9conomique Mondial de Davos - Nordex SE<\/title>\n<meta name=\"robots\" content=\"index, follow, max-snippet:-1, max-image-preview:large, max-video-preview:-1\" \/>\n<link rel=\"canonical\" href=\"https:\/\/www.nordex-online.com\/fr\/2026\/01\/nordex-group-avec-ceo-jose-luis-blanco-au-forum-economique-mondial-de-davos\/\" \/>\n<meta property=\"og:locale\" content=\"fr_FR\" \/>\n<meta property=\"og:type\" content=\"article\" \/>\n<meta property=\"og:title\" content=\"Nordex Group avec CEO Jos\u00e9 Luis Blanco au Forum \u00c9conomique Mondial de Davos\" \/>\n<meta property=\"og:description\" content=\"Du 19 au 23 janvier 2026, la r\u00e9union annuelle du Forum \u00e9conomique mondial a de nouveau fait de Davos, en Suisse, le centre politique et \u00e9conomique du monde. Des chefs d\u2019\u00c9tat et de gouvernement, des CEO des plus grandes entreprises ainsi que des ONG influentes se r\u00e9unissent lors de plus de 200 sessions pour discuter [&hellip;]\" \/>\n<meta property=\"og:url\" content=\"https:\/\/www.nordex-online.com\/fr\/2026\/01\/nordex-group-avec-ceo-jose-luis-blanco-au-forum-economique-mondial-de-davos\/\" \/>\n<meta property=\"og:site_name\" content=\"Nordex SE\" \/>\n<meta property=\"article:published_time\" content=\"2026-01-23T14:37:00+00:00\" \/>\n<meta property=\"og:image\" content=\"https:\/\/www.nordex-online.com\/wp-content\/uploads\/sites\/6\/2026\/01\/30.png\" \/>\n\t<meta property=\"og:image:width\" content=\"930\" \/>\n\t<meta property=\"og:image:height\" content=\"482\" \/>\n\t<meta property=\"og:image:type\" content=\"image\/png\" \/>\n<meta name=\"author\" content=\"Lueske, Annkathrin\" \/>\n<meta name=\"twitter:card\" content=\"summary_large_image\" \/>\n<meta name=\"twitter:label1\" content=\"\u00c9crit par\" \/>\n\t<meta name=\"twitter:data1\" content=\"Lueske, Annkathrin\" \/>\n\t<meta name=\"twitter:label2\" content=\"Dur\u00e9e de lecture estim\u00e9e\" \/>\n\t<meta name=\"twitter:data2\" content=\"2 minutes\" \/>\n<script type=\"application\/ld+json\" class=\"yoast-schema-graph\">{\"@context\":\"https:\\\/\\\/schema.org\",\"@graph\":[{\"@type\":\"Article\",\"@id\":\"https:\\\/\\\/www.nordex-online.com\\\/fr\\\/2026\\\/01\\\/nordex-group-avec-ceo-jose-luis-blanco-au-forum-economique-mondial-de-davos\\\/#article\",\"isPartOf\":{\"@id\":\"https:\\\/\\\/www.nordex-online.com\\\/fr\\\/2026\\\/01\\\/nordex-group-avec-ceo-jose-luis-blanco-au-forum-economique-mondial-de-davos\\\/\"},\"author\":{\"name\":\"Lueske, Annkathrin\",\"@id\":\"https:\\\/\\\/www.nordex-online.com\\\/fr\\\/#\\\/schema\\\/person\\\/c4337f60eb01413422bc1da80e01eefa\"},\"headline\":\"Nordex Group avec CEO Jos\u00e9 Luis Blanco au Forum \u00c9conomique Mondial de Davos\",\"datePublished\":\"2026-01-23T14:37:00+00:00\",\"mainEntityOfPage\":{\"@id\":\"https:\\\/\\\/www.nordex-online.com\\\/fr\\\/2026\\\/01\\\/nordex-group-avec-ceo-jose-luis-blanco-au-forum-economique-mondial-de-davos\\\/\"},\"wordCount\":209,\"publisher\":{\"@id\":\"https:\\\/\\\/www.nordex-online.com\\\/fr\\\/#organization\"},\"image\":{\"@id\":\"https:\\\/\\\/www.nordex-online.com\\\/fr\\\/2026\\\/01\\\/nordex-group-avec-ceo-jose-luis-blanco-au-forum-economique-mondial-de-davos\\\/#primaryimage\"},\"thumbnailUrl\":\"https:\\\/\\\/www.nordex-online.com\\\/wp-content\\\/uploads\\\/sites\\\/6\\\/2026\\\/01\\\/30.png\",\"articleSection\":[\"Company news\"],\"inLanguage\":\"fr-FR\"},{\"@type\":\"WebPage\",\"@id\":\"https:\\\/\\\/www.nordex-online.com\\\/fr\\\/2026\\\/01\\\/nordex-group-avec-ceo-jose-luis-blanco-au-forum-economique-mondial-de-davos\\\/\",\"url\":\"https:\\\/\\\/www.nordex-online.com\\\/fr\\\/2026\\\/01\\\/nordex-group-avec-ceo-jose-luis-blanco-au-forum-economique-mondial-de-davos\\\/\",\"name\":\"Nordex Group avec CEO Jos\u00e9 Luis Blanco au Forum \u00c9conomique Mondial de Davos - Nordex SE\",\"isPartOf\":{\"@id\":\"https:\\\/\\\/www.nordex-online.com\\\/fr\\\/#website\"},\"primaryImageOfPage\":{\"@id\":\"https:\\\/\\\/www.nordex-online.com\\\/fr\\\/2026\\\/01\\\/nordex-group-avec-ceo-jose-luis-blanco-au-forum-economique-mondial-de-davos\\\/#primaryimage\"},\"image\":{\"@id\":\"https:\\\/\\\/www.nordex-online.com\\\/fr\\\/2026\\\/01\\\/nordex-group-avec-ceo-jose-luis-blanco-au-forum-economique-mondial-de-davos\\\/#primaryimage\"},\"thumbnailUrl\":\"https:\\\/\\\/www.nordex-online.com\\\/wp-content\\\/uploads\\\/sites\\\/6\\\/2026\\\/01\\\/30.png\",\"datePublished\":\"2026-01-23T14:37:00+00:00\",\"breadcrumb\":{\"@id\":\"https:\\\/\\\/www.nordex-online.com\\\/fr\\\/2026\\\/01\\\/nordex-group-avec-ceo-jose-luis-blanco-au-forum-economique-mondial-de-davos\\\/#breadcrumb\"},\"inLanguage\":\"fr-FR\",\"potentialAction\":[{\"@type\":\"ReadAction\",\"target\":[\"https:\\\/\\\/www.nordex-online.com\\\/fr\\\/2026\\\/01\\\/nordex-group-avec-ceo-jose-luis-blanco-au-forum-economique-mondial-de-davos\\\/\"]}]},{\"@type\":\"ImageObject\",\"inLanguage\":\"fr-FR\",\"@id\":\"https:\\\/\\\/www.nordex-online.com\\\/fr\\\/2026\\\/01\\\/nordex-group-avec-ceo-jose-luis-blanco-au-forum-economique-mondial-de-davos\\\/#primaryimage\",\"url\":\"https:\\\/\\\/www.nordex-online.com\\\/wp-content\\\/uploads\\\/sites\\\/6\\\/2026\\\/01\\\/30.png\",\"contentUrl\":\"https:\\\/\\\/www.nordex-online.com\\\/wp-content\\\/uploads\\\/sites\\\/6\\\/2026\\\/01\\\/30.png\",\"width\":930,\"height\":482},{\"@type\":\"BreadcrumbList\",\"@id\":\"https:\\\/\\\/www.nordex-online.com\\\/fr\\\/2026\\\/01\\\/nordex-group-avec-ceo-jose-luis-blanco-au-forum-economique-mondial-de-davos\\\/#breadcrumb\",\"itemListElement\":[{\"@type\":\"ListItem\",\"position\":1,\"name\":\"Home\",\"item\":\"https:\\\/\\\/www.nordex-online.com\\\/fr\\\/\"},{\"@type\":\"ListItem\",\"position\":2,\"name\":\"Nordex Group avec CEO Jos\u00e9 Luis Blanco au Forum \u00c9conomique Mondial de Davos\"}]},{\"@type\":\"WebSite\",\"@id\":\"https:\\\/\\\/www.nordex-online.com\\\/fr\\\/#website\",\"url\":\"https:\\\/\\\/www.nordex-online.com\\\/fr\\\/\",\"name\":\"Nordex SE\",\"description\":\"Manufacture, installation and maintenance of wind turbines.\",\"publisher\":{\"@id\":\"https:\\\/\\\/www.nordex-online.com\\\/fr\\\/#organization\"},\"potentialAction\":[{\"@type\":\"SearchAction\",\"target\":{\"@type\":\"EntryPoint\",\"urlTemplate\":\"https:\\\/\\\/www.nordex-online.com\\\/fr\\\/?s={search_term_string}\"},\"query-input\":{\"@type\":\"PropertyValueSpecification\",\"valueRequired\":true,\"valueName\":\"search_term_string\"}}],\"inLanguage\":\"fr-FR\"},{\"@type\":\"Organization\",\"@id\":\"https:\\\/\\\/www.nordex-online.com\\\/fr\\\/#organization\",\"name\":\"Nordex SE\",\"url\":\"https:\\\/\\\/www.nordex-online.com\\\/fr\\\/\",\"logo\":{\"@type\":\"ImageObject\",\"inLanguage\":\"fr-FR\",\"@id\":\"https:\\\/\\\/www.nordex-online.com\\\/fr\\\/#\\\/schema\\\/logo\\\/image\\\/\",\"url\":\"https:\\\/\\\/www.nordex-online.com\\\/wp-content\\\/uploads\\\/sites\\\/6\\\/2024\\\/07\\\/cropped-cropped-Combined-Logos_cmyk_PNG.png\",\"contentUrl\":\"https:\\\/\\\/www.nordex-online.com\\\/wp-content\\\/uploads\\\/sites\\\/6\\\/2024\\\/07\\\/cropped-cropped-Combined-Logos_cmyk_PNG.png\",\"width\":1181,\"height\":353,\"caption\":\"Nordex SE\"},\"image\":{\"@id\":\"https:\\\/\\\/www.nordex-online.com\\\/fr\\\/#\\\/schema\\\/logo\\\/image\\\/\"}},{\"@type\":\"Person\",\"@id\":\"https:\\\/\\\/www.nordex-online.com\\\/fr\\\/#\\\/schema\\\/person\\\/c4337f60eb01413422bc1da80e01eefa\",\"name\":\"Lueske, Annkathrin\",\"image\":{\"@type\":\"ImageObject\",\"inLanguage\":\"fr-FR\",\"@id\":\"https:\\\/\\\/secure.gravatar.com\\\/avatar\\\/5f437cb50a62dc548338e5f2f7cdc9d3081c5843b1d3b99dd10c7595c4217fa4?s=96&d=mm&r=g\",\"url\":\"https:\\\/\\\/secure.gravatar.com\\\/avatar\\\/5f437cb50a62dc548338e5f2f7cdc9d3081c5843b1d3b99dd10c7595c4217fa4?s=96&d=mm&r=g\",\"contentUrl\":\"https:\\\/\\\/secure.gravatar.com\\\/avatar\\\/5f437cb50a62dc548338e5f2f7cdc9d3081c5843b1d3b99dd10c7595c4217fa4?s=96&d=mm&r=g\",\"caption\":\"Lueske, Annkathrin\"},\"url\":\"https:\\\/\\\/www.nordex-online.com\\\/fr\\\/author\\\/alueske\\\/\"}]}<\/script>\n<!-- \/ Yoast SEO Premium plugin. -->","yoast_head_json":{"title":"Nordex Group avec CEO Jos\u00e9 Luis Blanco au Forum \u00c9conomique Mondial de Davos - Nordex SE","robots":{"index":"index","follow":"follow","max-snippet":"max-snippet:-1","max-image-preview":"max-image-preview:large","max-video-preview":"max-video-preview:-1"},"canonical":"https:\/\/www.nordex-online.com\/fr\/2026\/01\/nordex-group-avec-ceo-jose-luis-blanco-au-forum-economique-mondial-de-davos\/","og_locale":"fr_FR","og_type":"article","og_title":"Nordex Group avec CEO Jos\u00e9 Luis Blanco au Forum \u00c9conomique Mondial de Davos","og_description":"Du 19 au 23 janvier 2026, la r\u00e9union annuelle du Forum \u00e9conomique mondial a de nouveau fait de Davos, en Suisse, le centre politique et \u00e9conomique du monde. Des chefs d\u2019\u00c9tat et de gouvernement, des CEO des plus grandes entreprises ainsi que des ONG influentes se r\u00e9unissent lors de plus de 200 sessions pour discuter [&hellip;]","og_url":"https:\/\/www.nordex-online.com\/fr\/2026\/01\/nordex-group-avec-ceo-jose-luis-blanco-au-forum-economique-mondial-de-davos\/","og_site_name":"Nordex SE","article_published_time":"2026-01-23T14:37:00+00:00","og_image":[{"width":930,"height":482,"url":"https:\/\/www.nordex-online.com\/wp-content\/uploads\/sites\/6\/2026\/01\/30.png","type":"image\/png"}],"author":"Lueske, Annkathrin","twitter_card":"summary_large_image","twitter_misc":{"\u00c9crit par":"Lueske, Annkathrin","Dur\u00e9e de lecture estim\u00e9e":"2 minutes"},"schema":{"@context":"https:\/\/schema.org","@graph":[{"@type":"Article","@id":"https:\/\/www.nordex-online.com\/fr\/2026\/01\/nordex-group-avec-ceo-jose-luis-blanco-au-forum-economique-mondial-de-davos\/#article","isPartOf":{"@id":"https:\/\/www.nordex-online.com\/fr\/2026\/01\/nordex-group-avec-ceo-jose-luis-blanco-au-forum-economique-mondial-de-davos\/"},"author":{"name":"Lueske, Annkathrin","@id":"https:\/\/www.nordex-online.com\/fr\/#\/schema\/person\/c4337f60eb01413422bc1da80e01eefa"},"headline":"Nordex Group avec CEO Jos\u00e9 Luis Blanco au Forum \u00c9conomique Mondial de Davos","datePublished":"2026-01-23T14:37:00+00:00","mainEntityOfPage":{"@id":"https:\/\/www.nordex-online.com\/fr\/2026\/01\/nordex-group-avec-ceo-jose-luis-blanco-au-forum-economique-mondial-de-davos\/"},"wordCount":209,"publisher":{"@id":"https:\/\/www.nordex-online.com\/fr\/#organization"},"image":{"@id":"https:\/\/www.nordex-online.com\/fr\/2026\/01\/nordex-group-avec-ceo-jose-luis-blanco-au-forum-economique-mondial-de-davos\/#primaryimage"},"thumbnailUrl":"https:\/\/www.nordex-online.com\/wp-content\/uploads\/sites\/6\/2026\/01\/30.png","articleSection":["Company news"],"inLanguage":"fr-FR"},{"@type":"WebPage","@id":"https:\/\/www.nordex-online.com\/fr\/2026\/01\/nordex-group-avec-ceo-jose-luis-blanco-au-forum-economique-mondial-de-davos\/","url":"https:\/\/www.nordex-online.com\/fr\/2026\/01\/nordex-group-avec-ceo-jose-luis-blanco-au-forum-economique-mondial-de-davos\/","name":"Nordex Group avec CEO Jos\u00e9 Luis Blanco au Forum \u00c9conomique Mondial de Davos - Nordex SE","isPartOf":{"@id":"https:\/\/www.nordex-online.com\/fr\/#website"},"primaryImageOfPage":{"@id":"https:\/\/www.nordex-online.com\/fr\/2026\/01\/nordex-group-avec-ceo-jose-luis-blanco-au-forum-economique-mondial-de-davos\/#primaryimage"},"image":{"@id":"https:\/\/www.nordex-online.com\/fr\/2026\/01\/nordex-group-avec-ceo-jose-luis-blanco-au-forum-economique-mondial-de-davos\/#primaryimage"},"thumbnailUrl":"https:\/\/www.nordex-online.com\/wp-content\/uploads\/sites\/6\/2026\/01\/30.png","datePublished":"2026-01-23T14:37:00+00:00","breadcrumb":{"@id":"https:\/\/www.nordex-online.com\/fr\/2026\/01\/nordex-group-avec-ceo-jose-luis-blanco-au-forum-economique-mondial-de-davos\/#breadcrumb"},"inLanguage":"fr-FR","potentialAction":[{"@type":"ReadAction","target":["https:\/\/www.nordex-online.com\/fr\/2026\/01\/nordex-group-avec-ceo-jose-luis-blanco-au-forum-economique-mondial-de-davos\/"]}]},{"@type":"ImageObject","inLanguage":"fr-FR","@id":"https:\/\/www.nordex-online.com\/fr\/2026\/01\/nordex-group-avec-ceo-jose-luis-blanco-au-forum-economique-mondial-de-davos\/#primaryimage","url":"https:\/\/www.nordex-online.com\/wp-content\/uploads\/sites\/6\/2026\/01\/30.png","contentUrl":"https:\/\/www.nordex-online.com\/wp-content\/uploads\/sites\/6\/2026\/01\/30.png","width":930,"height":482},{"@type":"BreadcrumbList","@id":"https:\/\/www.nordex-online.com\/fr\/2026\/01\/nordex-group-avec-ceo-jose-luis-blanco-au-forum-economique-mondial-de-davos\/#breadcrumb","itemListElement":[{"@type":"ListItem","position":1,"name":"Home","item":"https:\/\/www.nordex-online.com\/fr\/"},{"@type":"ListItem","position":2,"name":"Nordex Group avec CEO Jos\u00e9 Luis Blanco au Forum \u00c9conomique Mondial de Davos"}]},{"@type":"WebSite","@id":"https:\/\/www.nordex-online.com\/fr\/#website","url":"https:\/\/www.nordex-online.com\/fr\/","name":"Nordex SE","description":"Manufacture, installation and maintenance of wind turbines.","publisher":{"@id":"https:\/\/www.nordex-online.com\/fr\/#organization"},"potentialAction":[{"@type":"SearchAction","target":{"@type":"EntryPoint","urlTemplate":"https:\/\/www.nordex-online.com\/fr\/?s={search_term_string}"},"query-input":{"@type":"PropertyValueSpecification","valueRequired":true,"valueName":"search_term_string"}}],"inLanguage":"fr-FR"},{"@type":"Organization","@id":"https:\/\/www.nordex-online.com\/fr\/#organization","name":"Nordex SE","url":"https:\/\/www.nordex-online.com\/fr\/","logo":{"@type":"ImageObject","inLanguage":"fr-FR","@id":"https:\/\/www.nordex-online.com\/fr\/#\/schema\/logo\/image\/","url":"https:\/\/www.nordex-online.com\/wp-content\/uploads\/sites\/6\/2024\/07\/cropped-cropped-Combined-Logos_cmyk_PNG.png","contentUrl":"https:\/\/www.nordex-online.com\/wp-content\/uploads\/sites\/6\/2024\/07\/cropped-cropped-Combined-Logos_cmyk_PNG.png","width":1181,"height":353,"caption":"Nordex SE"},"image":{"@id":"https:\/\/www.nordex-online.com\/fr\/#\/schema\/logo\/image\/"}},{"@type":"Person","@id":"https:\/\/www.nordex-online.com\/fr\/#\/schema\/person\/c4337f60eb01413422bc1da80e01eefa","name":"Lueske, Annkathrin","image":{"@type":"ImageObject","inLanguage":"fr-FR","@id":"https:\/\/secure.gravatar.com\/avatar\/5f437cb50a62dc548338e5f2f7cdc9d3081c5843b1d3b99dd10c7595c4217fa4?s=96&d=mm&r=g","url":"https:\/\/secure.gravatar.com\/avatar\/5f437cb50a62dc548338e5f2f7cdc9d3081c5843b1d3b99dd10c7595c4217fa4?s=96&d=mm&r=g","contentUrl":"https:\/\/secure.gravatar.com\/avatar\/5f437cb50a62dc548338e5f2f7cdc9d3081c5843b1d3b99dd10c7595c4217fa4?s=96&d=mm&r=g","caption":"Lueske, Annkathrin"},"url":"https:\/\/www.nordex-online.com\/fr\/author\/alueske\/"}]}},"_links":{"self":[{"href":"https:\/\/www.nordex-online.com\/fr\/wp-json\/wp\/v2\/posts\/43085","targetHints":{"allow":["GET"]}}],"collection":[{"href":"https:\/\/www.nordex-online.com\/fr\/wp-json\/wp\/v2\/posts"}],"about":[{"href":"https:\/\/www.nordex-online.com\/fr\/wp-json\/wp\/v2\/types\/post"}],"author":[{"embeddable":true,"href":"https:\/\/www.nordex-online.com\/fr\/wp-json\/wp\/v2\/users\/6"}],"replies":[{"embeddable":true,"href":"https:\/\/www.nordex-online.com\/fr\/wp-json\/wp\/v2\/comments?post=43085"}],"version-history":[{"count":1,"href":"https:\/\/www.nordex-online.com\/fr\/wp-json\/wp\/v2\/posts\/43085\/revisions"}],"predecessor-version":[{"id":43087,"href":"https:\/\/www.nordex-online.com\/fr\/wp-json\/wp\/v2\/posts\/43085\/revisions\/43087"}],"wp:featuredmedia":[{"embeddable":true,"href":"https:\/\/www.nordex-online.com\/fr\/wp-json\/wp\/v2\/media\/43086"}],"wp:attachment":[{"href":"https:\/\/www.nordex-online.com\/fr\/wp-json\/wp\/v2\/media?parent=43085"}],"wp:term":[{"taxonomy":"category","embeddable":true,"href":"https:\/\/www.nordex-online.com\/fr\/wp-json\/wp\/v2\/categories?post=43085"},{"taxonomy":"post_tag","embeddable":true,"href":"https:\/\/www.nordex-online.com\/fr\/wp-json\/wp\/v2\/tags?post=43085"}],"curies":[{"name":"wp","href":"https:\/\/api.w.org\/{rel}","templated":true}]}}