{"id":12929,"date":"2023-02-21T15:01:55","date_gmt":"2023-02-21T15:01:55","guid":{"rendered":"https:\/\/www.nordex-online.com\/fr\/?p=12929"},"modified":"2023-04-24T11:24:26","modified_gmt":"2023-04-24T11:24:26","slug":"nordex-group-demarre-la-production-en-serie-de-la-classe-6-mw-a-rostock","status":"publish","type":"post","link":"https:\/\/www.nordex-online.com\/fr\/2023\/02\/nordex-group-demarre-la-production-en-serie-de-la-classe-6-mw-a-rostock\/","title":{"rendered":"<strong>Nordex Group d\u00e9marre la production en s\u00e9rie de la classe 6 MW \u00e0 Rostock<\/strong>"},"content":{"rendered":"\n<p>Accompagn\u00e9 du Jochen Schulte, Secr\u00e9taire d\u2019\u00c9tat du Minist\u00e8re de l&rsquo;\u00c9conomie, des Infrastructures, du Tourisme et du Travail de Mecklembourg-Pom\u00e9ranie occidentale, le directeur du site Alexander Farnkopf, et devant quelque 800 coll\u00e8gues, notre PDG, Jos\u00e9 Luis Blanco, a lanc\u00e9 aujourd&rsquo;hui la production en s\u00e9rie des nacelles de l&rsquo;\u00e9olienne N163\/6.X.<br>Le site de Rostock est le c\u0153ur de l&rsquo;ensemble du r\u00e9seau mondial de production des nacelles de Nordex Group, puisque plus de 50 % des nacelles Nordex y sont fabriqu\u00e9es. Le Groupe a investi quelque 2 millions d&rsquo;euros pour reconvertir cette usine de production et agrandir ses trois principales lignes de production afin de les adapter \u00e0 ces \u00e9oliennes hautement performantes.<br>L&rsquo;\u00e9volution technique qui nous a permis d\u2019arriver \u00e0 cette derni\u00e8re g\u00e9n\u00e9ration d&rsquo;\u00e9oliennes est particuli\u00e8rement remarquable. La plus ancienne \u00e9olienne de s\u00e9rie con\u00e7ue et fabriqu\u00e9e par Nordex Group \u2014 la N27 de 150 ou 250 kilowatts \u2013 \u00e9tait, d\u00e8s le d\u00e9but des ann\u00e9es 1990, l&rsquo;\u00e9olienne la plus performante du march\u00e9. Avec une puissance de 6,8 m\u00e9gawatts, le N163\/6.X d\u00e9passe de plus de 4400 % la puissance nominale install\u00e9e de la N27\/150, contribuant ainsi de mani\u00e8re d\u00e9cisive \u00e0 la transition \u00e9nerg\u00e9tique.<br>Les premi\u00e8res \u00e9oliennes de 6 MW de la s\u00e9rie Delta4000, pour un total de 102 m\u00e9gawatts, seront livr\u00e9es \u00e0 deux projets aux Pays-Bas. Nordex Group a d\u00e9j\u00e0 re\u00e7u des commandes pour la livraison et l&rsquo;installation d\u2019\u00e9oliennes N163\/6.X pour une puissance totale de plus de 1,1 GW.<\/p>\n","protected":false},"excerpt":{"rendered":"<p>Accompagn\u00e9 du Jochen Schulte, Secr\u00e9taire d\u2019\u00c9tat du Minist\u00e8re de l&rsquo;\u00c9conomie, des Infrastructures, du Tourisme et du Travail de Mecklembourg-Pom\u00e9ranie occidentale, le directeur du site Alexander Farnkopf, et devant quelque 800 coll\u00e8gues, notre PDG, Jos\u00e9 Luis Blanco, a lanc\u00e9 aujourd&rsquo;hui la production en s\u00e9rie des nacelles de l&rsquo;\u00e9olienne N163\/6.X.Le site de Rostock est le c\u0153ur de [&hellip;]<\/p>\n","protected":false},"author":6,"featured_media":12930,"comment_status":"closed","ping_status":"closed","sticky":false,"template":"","format":"standard","meta":{"_trash_the_other_posts":false,"editor_notices":[],"footnotes":""},"categories":[905],"tags":[],"class_list":["post-12929","post","type-post","status-publish","format-standard","has-post-thumbnail","hentry","category-company-news"],"yoast_head":"<!-- This site is optimized with the Yoast SEO Premium plugin v27.3 (Yoast SEO v27.3) - https:\/\/yoast.com\/product\/yoast-seo-premium-wordpress\/ -->\n<title>Nordex Group d\u00e9marre la production en s\u00e9rie de la classe 6 MW \u00e0 Rostock - Nordex SE<\/title>\n<meta name=\"robots\" content=\"index, follow, max-snippet:-1, max-image-preview:large, max-video-preview:-1\" \/>\n<link rel=\"canonical\" href=\"https:\/\/www.nordex-online.com\/fr\/2023\/02\/nordex-group-demarre-la-production-en-serie-de-la-classe-6-mw-a-rostock\/\" \/>\n<meta property=\"og:locale\" content=\"fr_FR\" \/>\n<meta property=\"og:type\" content=\"article\" \/>\n<meta property=\"og:title\" content=\"Nordex Group d\u00e9marre la production en s\u00e9rie de la classe 6 MW \u00e0 Rostock\" \/>\n<meta property=\"og:description\" content=\"Accompagn\u00e9 du Jochen Schulte, Secr\u00e9taire d\u2019\u00c9tat du Minist\u00e8re de l&rsquo;\u00c9conomie, des Infrastructures, du Tourisme et du Travail de Mecklembourg-Pom\u00e9ranie occidentale, le directeur du site Alexander Farnkopf, et devant quelque 800 coll\u00e8gues, notre PDG, Jos\u00e9 Luis Blanco, a lanc\u00e9 aujourd&rsquo;hui la production en s\u00e9rie des nacelles de l&rsquo;\u00e9olienne N163\/6.X.Le site de Rostock est le c\u0153ur de [&hellip;]\" \/>\n<meta property=\"og:url\" content=\"https:\/\/www.nordex-online.com\/fr\/2023\/02\/nordex-group-demarre-la-production-en-serie-de-la-classe-6-mw-a-rostock\/\" \/>\n<meta property=\"og:site_name\" content=\"Nordex SE\" \/>\n<meta property=\"article:published_time\" content=\"2023-02-21T15:01:55+00:00\" \/>\n<meta property=\"article:modified_time\" content=\"2023-04-24T11:24:26+00:00\" \/>\n<meta property=\"og:image\" content=\"https:\/\/www.nordex-online.com\/wp-content\/uploads\/sites\/6\/2023\/02\/N4-scaled.jpg\" \/>\n\t<meta property=\"og:image:width\" content=\"2560\" \/>\n\t<meta property=\"og:image:height\" content=\"1709\" \/>\n\t<meta property=\"og:image:type\" content=\"image\/jpeg\" \/>\n<meta name=\"author\" content=\"Lueske, Annkathrin\" \/>\n<meta name=\"twitter:card\" content=\"summary_large_image\" \/>\n<meta name=\"twitter:label1\" content=\"\u00c9crit par\" \/>\n\t<meta name=\"twitter:data1\" content=\"Lueske, Annkathrin\" \/>\n\t<meta name=\"twitter:label2\" content=\"Dur\u00e9e de lecture estim\u00e9e\" \/>\n\t<meta name=\"twitter:data2\" content=\"2 minutes\" \/>\n<script type=\"application\/ld+json\" class=\"yoast-schema-graph\">{\"@context\":\"https:\\\/\\\/schema.org\",\"@graph\":[{\"@type\":\"Article\",\"@id\":\"https:\\\/\\\/www.nordex-online.com\\\/fr\\\/2023\\\/02\\\/nordex-group-demarre-la-production-en-serie-de-la-classe-6-mw-a-rostock\\\/#article\",\"isPartOf\":{\"@id\":\"https:\\\/\\\/www.nordex-online.com\\\/fr\\\/2023\\\/02\\\/nordex-group-demarre-la-production-en-serie-de-la-classe-6-mw-a-rostock\\\/\"},\"author\":{\"name\":\"Lueske, Annkathrin\",\"@id\":\"https:\\\/\\\/www.nordex-online.com\\\/fr\\\/#\\\/schema\\\/person\\\/c4337f60eb01413422bc1da80e01eefa\"},\"headline\":\"Nordex Group d\u00e9marre la production en s\u00e9rie de la classe 6 MW \u00e0 Rostock\",\"datePublished\":\"2023-02-21T15:01:55+00:00\",\"dateModified\":\"2023-04-24T11:24:26+00:00\",\"mainEntityOfPage\":{\"@id\":\"https:\\\/\\\/www.nordex-online.com\\\/fr\\\/2023\\\/02\\\/nordex-group-demarre-la-production-en-serie-de-la-classe-6-mw-a-rostock\\\/\"},\"wordCount\":274,\"publisher\":{\"@id\":\"https:\\\/\\\/www.nordex-online.com\\\/fr\\\/#organization\"},\"image\":{\"@id\":\"https:\\\/\\\/www.nordex-online.com\\\/fr\\\/2023\\\/02\\\/nordex-group-demarre-la-production-en-serie-de-la-classe-6-mw-a-rostock\\\/#primaryimage\"},\"thumbnailUrl\":\"https:\\\/\\\/www.nordex-online.com\\\/wp-content\\\/uploads\\\/sites\\\/6\\\/2023\\\/02\\\/N4-scaled.jpg\",\"articleSection\":[\"Company news\"],\"inLanguage\":\"fr-FR\"},{\"@type\":\"WebPage\",\"@id\":\"https:\\\/\\\/www.nordex-online.com\\\/fr\\\/2023\\\/02\\\/nordex-group-demarre-la-production-en-serie-de-la-classe-6-mw-a-rostock\\\/\",\"url\":\"https:\\\/\\\/www.nordex-online.com\\\/fr\\\/2023\\\/02\\\/nordex-group-demarre-la-production-en-serie-de-la-classe-6-mw-a-rostock\\\/\",\"name\":\"Nordex Group d\u00e9marre la production en s\u00e9rie de la classe 6 MW \u00e0 Rostock - Nordex SE\",\"isPartOf\":{\"@id\":\"https:\\\/\\\/www.nordex-online.com\\\/fr\\\/#website\"},\"primaryImageOfPage\":{\"@id\":\"https:\\\/\\\/www.nordex-online.com\\\/fr\\\/2023\\\/02\\\/nordex-group-demarre-la-production-en-serie-de-la-classe-6-mw-a-rostock\\\/#primaryimage\"},\"image\":{\"@id\":\"https:\\\/\\\/www.nordex-online.com\\\/fr\\\/2023\\\/02\\\/nordex-group-demarre-la-production-en-serie-de-la-classe-6-mw-a-rostock\\\/#primaryimage\"},\"thumbnailUrl\":\"https:\\\/\\\/www.nordex-online.com\\\/wp-content\\\/uploads\\\/sites\\\/6\\\/2023\\\/02\\\/N4-scaled.jpg\",\"datePublished\":\"2023-02-21T15:01:55+00:00\",\"dateModified\":\"2023-04-24T11:24:26+00:00\",\"breadcrumb\":{\"@id\":\"https:\\\/\\\/www.nordex-online.com\\\/fr\\\/2023\\\/02\\\/nordex-group-demarre-la-production-en-serie-de-la-classe-6-mw-a-rostock\\\/#breadcrumb\"},\"inLanguage\":\"fr-FR\",\"potentialAction\":[{\"@type\":\"ReadAction\",\"target\":[\"https:\\\/\\\/www.nordex-online.com\\\/fr\\\/2023\\\/02\\\/nordex-group-demarre-la-production-en-serie-de-la-classe-6-mw-a-rostock\\\/\"]}]},{\"@type\":\"ImageObject\",\"inLanguage\":\"fr-FR\",\"@id\":\"https:\\\/\\\/www.nordex-online.com\\\/fr\\\/2023\\\/02\\\/nordex-group-demarre-la-production-en-serie-de-la-classe-6-mw-a-rostock\\\/#primaryimage\",\"url\":\"https:\\\/\\\/www.nordex-online.com\\\/wp-content\\\/uploads\\\/sites\\\/6\\\/2023\\\/02\\\/N4-scaled.jpg\",\"contentUrl\":\"https:\\\/\\\/www.nordex-online.com\\\/wp-content\\\/uploads\\\/sites\\\/6\\\/2023\\\/02\\\/N4-scaled.jpg\",\"width\":2560,\"height\":1709},{\"@type\":\"BreadcrumbList\",\"@id\":\"https:\\\/\\\/www.nordex-online.com\\\/fr\\\/2023\\\/02\\\/nordex-group-demarre-la-production-en-serie-de-la-classe-6-mw-a-rostock\\\/#breadcrumb\",\"itemListElement\":[{\"@type\":\"ListItem\",\"position\":1,\"name\":\"Home\",\"item\":\"https:\\\/\\\/www.nordex-online.com\\\/fr\\\/\"},{\"@type\":\"ListItem\",\"position\":2,\"name\":\"Nordex Group d\u00e9marre la production en s\u00e9rie de la classe 6 MW \u00e0 Rostock\"}]},{\"@type\":\"WebSite\",\"@id\":\"https:\\\/\\\/www.nordex-online.com\\\/fr\\\/#website\",\"url\":\"https:\\\/\\\/www.nordex-online.com\\\/fr\\\/\",\"name\":\"Nordex SE\",\"description\":\"Manufacture, installation and maintenance of wind turbines.\",\"publisher\":{\"@id\":\"https:\\\/\\\/www.nordex-online.com\\\/fr\\\/#organization\"},\"potentialAction\":[{\"@type\":\"SearchAction\",\"target\":{\"@type\":\"EntryPoint\",\"urlTemplate\":\"https:\\\/\\\/www.nordex-online.com\\\/fr\\\/?s={search_term_string}\"},\"query-input\":{\"@type\":\"PropertyValueSpecification\",\"valueRequired\":true,\"valueName\":\"search_term_string\"}}],\"inLanguage\":\"fr-FR\"},{\"@type\":\"Organization\",\"@id\":\"https:\\\/\\\/www.nordex-online.com\\\/fr\\\/#organization\",\"name\":\"Nordex SE\",\"url\":\"https:\\\/\\\/www.nordex-online.com\\\/fr\\\/\",\"logo\":{\"@type\":\"ImageObject\",\"inLanguage\":\"fr-FR\",\"@id\":\"https:\\\/\\\/www.nordex-online.com\\\/fr\\\/#\\\/schema\\\/logo\\\/image\\\/\",\"url\":\"https:\\\/\\\/www.nordex-online.com\\\/wp-content\\\/uploads\\\/sites\\\/6\\\/2024\\\/07\\\/cropped-cropped-Combined-Logos_cmyk_PNG.png\",\"contentUrl\":\"https:\\\/\\\/www.nordex-online.com\\\/wp-content\\\/uploads\\\/sites\\\/6\\\/2024\\\/07\\\/cropped-cropped-Combined-Logos_cmyk_PNG.png\",\"width\":1181,\"height\":353,\"caption\":\"Nordex SE\"},\"image\":{\"@id\":\"https:\\\/\\\/www.nordex-online.com\\\/fr\\\/#\\\/schema\\\/logo\\\/image\\\/\"}},{\"@type\":\"Person\",\"@id\":\"https:\\\/\\\/www.nordex-online.com\\\/fr\\\/#\\\/schema\\\/person\\\/c4337f60eb01413422bc1da80e01eefa\",\"name\":\"Lueske, Annkathrin\",\"image\":{\"@type\":\"ImageObject\",\"inLanguage\":\"fr-FR\",\"@id\":\"https:\\\/\\\/secure.gravatar.com\\\/avatar\\\/5f437cb50a62dc548338e5f2f7cdc9d3081c5843b1d3b99dd10c7595c4217fa4?s=96&d=mm&r=g\",\"url\":\"https:\\\/\\\/secure.gravatar.com\\\/avatar\\\/5f437cb50a62dc548338e5f2f7cdc9d3081c5843b1d3b99dd10c7595c4217fa4?s=96&d=mm&r=g\",\"contentUrl\":\"https:\\\/\\\/secure.gravatar.com\\\/avatar\\\/5f437cb50a62dc548338e5f2f7cdc9d3081c5843b1d3b99dd10c7595c4217fa4?s=96&d=mm&r=g\",\"caption\":\"Lueske, Annkathrin\"},\"url\":\"https:\\\/\\\/www.nordex-online.com\\\/fr\\\/author\\\/alueske\\\/\"}]}<\/script>\n<!-- \/ Yoast SEO Premium plugin. -->","yoast_head_json":{"title":"Nordex Group d\u00e9marre la production en s\u00e9rie de la classe 6 MW \u00e0 Rostock - Nordex SE","robots":{"index":"index","follow":"follow","max-snippet":"max-snippet:-1","max-image-preview":"max-image-preview:large","max-video-preview":"max-video-preview:-1"},"canonical":"https:\/\/www.nordex-online.com\/fr\/2023\/02\/nordex-group-demarre-la-production-en-serie-de-la-classe-6-mw-a-rostock\/","og_locale":"fr_FR","og_type":"article","og_title":"Nordex Group d\u00e9marre la production en s\u00e9rie de la classe 6 MW \u00e0 Rostock","og_description":"Accompagn\u00e9 du Jochen Schulte, Secr\u00e9taire d\u2019\u00c9tat du Minist\u00e8re de l&rsquo;\u00c9conomie, des Infrastructures, du Tourisme et du Travail de Mecklembourg-Pom\u00e9ranie occidentale, le directeur du site Alexander Farnkopf, et devant quelque 800 coll\u00e8gues, notre PDG, Jos\u00e9 Luis Blanco, a lanc\u00e9 aujourd&rsquo;hui la production en s\u00e9rie des nacelles de l&rsquo;\u00e9olienne N163\/6.X.Le site de Rostock est le c\u0153ur de [&hellip;]","og_url":"https:\/\/www.nordex-online.com\/fr\/2023\/02\/nordex-group-demarre-la-production-en-serie-de-la-classe-6-mw-a-rostock\/","og_site_name":"Nordex SE","article_published_time":"2023-02-21T15:01:55+00:00","article_modified_time":"2023-04-24T11:24:26+00:00","og_image":[{"width":2560,"height":1709,"url":"https:\/\/www.nordex-online.com\/wp-content\/uploads\/sites\/6\/2023\/02\/N4-scaled.jpg","type":"image\/jpeg"}],"author":"Lueske, Annkathrin","twitter_card":"summary_large_image","twitter_misc":{"\u00c9crit par":"Lueske, Annkathrin","Dur\u00e9e de lecture estim\u00e9e":"2 minutes"},"schema":{"@context":"https:\/\/schema.org","@graph":[{"@type":"Article","@id":"https:\/\/www.nordex-online.com\/fr\/2023\/02\/nordex-group-demarre-la-production-en-serie-de-la-classe-6-mw-a-rostock\/#article","isPartOf":{"@id":"https:\/\/www.nordex-online.com\/fr\/2023\/02\/nordex-group-demarre-la-production-en-serie-de-la-classe-6-mw-a-rostock\/"},"author":{"name":"Lueske, Annkathrin","@id":"https:\/\/www.nordex-online.com\/fr\/#\/schema\/person\/c4337f60eb01413422bc1da80e01eefa"},"headline":"Nordex Group d\u00e9marre la production en s\u00e9rie de la classe 6 MW \u00e0 Rostock","datePublished":"2023-02-21T15:01:55+00:00","dateModified":"2023-04-24T11:24:26+00:00","mainEntityOfPage":{"@id":"https:\/\/www.nordex-online.com\/fr\/2023\/02\/nordex-group-demarre-la-production-en-serie-de-la-classe-6-mw-a-rostock\/"},"wordCount":274,"publisher":{"@id":"https:\/\/www.nordex-online.com\/fr\/#organization"},"image":{"@id":"https:\/\/www.nordex-online.com\/fr\/2023\/02\/nordex-group-demarre-la-production-en-serie-de-la-classe-6-mw-a-rostock\/#primaryimage"},"thumbnailUrl":"https:\/\/www.nordex-online.com\/wp-content\/uploads\/sites\/6\/2023\/02\/N4-scaled.jpg","articleSection":["Company news"],"inLanguage":"fr-FR"},{"@type":"WebPage","@id":"https:\/\/www.nordex-online.com\/fr\/2023\/02\/nordex-group-demarre-la-production-en-serie-de-la-classe-6-mw-a-rostock\/","url":"https:\/\/www.nordex-online.com\/fr\/2023\/02\/nordex-group-demarre-la-production-en-serie-de-la-classe-6-mw-a-rostock\/","name":"Nordex Group d\u00e9marre la production en s\u00e9rie de la classe 6 MW \u00e0 Rostock - Nordex SE","isPartOf":{"@id":"https:\/\/www.nordex-online.com\/fr\/#website"},"primaryImageOfPage":{"@id":"https:\/\/www.nordex-online.com\/fr\/2023\/02\/nordex-group-demarre-la-production-en-serie-de-la-classe-6-mw-a-rostock\/#primaryimage"},"image":{"@id":"https:\/\/www.nordex-online.com\/fr\/2023\/02\/nordex-group-demarre-la-production-en-serie-de-la-classe-6-mw-a-rostock\/#primaryimage"},"thumbnailUrl":"https:\/\/www.nordex-online.com\/wp-content\/uploads\/sites\/6\/2023\/02\/N4-scaled.jpg","datePublished":"2023-02-21T15:01:55+00:00","dateModified":"2023-04-24T11:24:26+00:00","breadcrumb":{"@id":"https:\/\/www.nordex-online.com\/fr\/2023\/02\/nordex-group-demarre-la-production-en-serie-de-la-classe-6-mw-a-rostock\/#breadcrumb"},"inLanguage":"fr-FR","potentialAction":[{"@type":"ReadAction","target":["https:\/\/www.nordex-online.com\/fr\/2023\/02\/nordex-group-demarre-la-production-en-serie-de-la-classe-6-mw-a-rostock\/"]}]},{"@type":"ImageObject","inLanguage":"fr-FR","@id":"https:\/\/www.nordex-online.com\/fr\/2023\/02\/nordex-group-demarre-la-production-en-serie-de-la-classe-6-mw-a-rostock\/#primaryimage","url":"https:\/\/www.nordex-online.com\/wp-content\/uploads\/sites\/6\/2023\/02\/N4-scaled.jpg","contentUrl":"https:\/\/www.nordex-online.com\/wp-content\/uploads\/sites\/6\/2023\/02\/N4-scaled.jpg","width":2560,"height":1709},{"@type":"BreadcrumbList","@id":"https:\/\/www.nordex-online.com\/fr\/2023\/02\/nordex-group-demarre-la-production-en-serie-de-la-classe-6-mw-a-rostock\/#breadcrumb","itemListElement":[{"@type":"ListItem","position":1,"name":"Home","item":"https:\/\/www.nordex-online.com\/fr\/"},{"@type":"ListItem","position":2,"name":"Nordex Group d\u00e9marre la production en s\u00e9rie de la classe 6 MW \u00e0 Rostock"}]},{"@type":"WebSite","@id":"https:\/\/www.nordex-online.com\/fr\/#website","url":"https:\/\/www.nordex-online.com\/fr\/","name":"Nordex SE","description":"Manufacture, installation and maintenance of wind turbines.","publisher":{"@id":"https:\/\/www.nordex-online.com\/fr\/#organization"},"potentialAction":[{"@type":"SearchAction","target":{"@type":"EntryPoint","urlTemplate":"https:\/\/www.nordex-online.com\/fr\/?s={search_term_string}"},"query-input":{"@type":"PropertyValueSpecification","valueRequired":true,"valueName":"search_term_string"}}],"inLanguage":"fr-FR"},{"@type":"Organization","@id":"https:\/\/www.nordex-online.com\/fr\/#organization","name":"Nordex SE","url":"https:\/\/www.nordex-online.com\/fr\/","logo":{"@type":"ImageObject","inLanguage":"fr-FR","@id":"https:\/\/www.nordex-online.com\/fr\/#\/schema\/logo\/image\/","url":"https:\/\/www.nordex-online.com\/wp-content\/uploads\/sites\/6\/2024\/07\/cropped-cropped-Combined-Logos_cmyk_PNG.png","contentUrl":"https:\/\/www.nordex-online.com\/wp-content\/uploads\/sites\/6\/2024\/07\/cropped-cropped-Combined-Logos_cmyk_PNG.png","width":1181,"height":353,"caption":"Nordex SE"},"image":{"@id":"https:\/\/www.nordex-online.com\/fr\/#\/schema\/logo\/image\/"}},{"@type":"Person","@id":"https:\/\/www.nordex-online.com\/fr\/#\/schema\/person\/c4337f60eb01413422bc1da80e01eefa","name":"Lueske, Annkathrin","image":{"@type":"ImageObject","inLanguage":"fr-FR","@id":"https:\/\/secure.gravatar.com\/avatar\/5f437cb50a62dc548338e5f2f7cdc9d3081c5843b1d3b99dd10c7595c4217fa4?s=96&d=mm&r=g","url":"https:\/\/secure.gravatar.com\/avatar\/5f437cb50a62dc548338e5f2f7cdc9d3081c5843b1d3b99dd10c7595c4217fa4?s=96&d=mm&r=g","contentUrl":"https:\/\/secure.gravatar.com\/avatar\/5f437cb50a62dc548338e5f2f7cdc9d3081c5843b1d3b99dd10c7595c4217fa4?s=96&d=mm&r=g","caption":"Lueske, Annkathrin"},"url":"https:\/\/www.nordex-online.com\/fr\/author\/alueske\/"}]}},"_links":{"self":[{"href":"https:\/\/www.nordex-online.com\/fr\/wp-json\/wp\/v2\/posts\/12929","targetHints":{"allow":["GET"]}}],"collection":[{"href":"https:\/\/www.nordex-online.com\/fr\/wp-json\/wp\/v2\/posts"}],"about":[{"href":"https:\/\/www.nordex-online.com\/fr\/wp-json\/wp\/v2\/types\/post"}],"author":[{"embeddable":true,"href":"https:\/\/www.nordex-online.com\/fr\/wp-json\/wp\/v2\/users\/6"}],"replies":[{"embeddable":true,"href":"https:\/\/www.nordex-online.com\/fr\/wp-json\/wp\/v2\/comments?post=12929"}],"version-history":[{"count":2,"href":"https:\/\/www.nordex-online.com\/fr\/wp-json\/wp\/v2\/posts\/12929\/revisions"}],"predecessor-version":[{"id":12932,"href":"https:\/\/www.nordex-online.com\/fr\/wp-json\/wp\/v2\/posts\/12929\/revisions\/12932"}],"wp:featuredmedia":[{"embeddable":true,"href":"https:\/\/www.nordex-online.com\/fr\/wp-json\/wp\/v2\/media\/12930"}],"wp:attachment":[{"href":"https:\/\/www.nordex-online.com\/fr\/wp-json\/wp\/v2\/media?parent=12929"}],"wp:term":[{"taxonomy":"category","embeddable":true,"href":"https:\/\/www.nordex-online.com\/fr\/wp-json\/wp\/v2\/categories?post=12929"},{"taxonomy":"post_tag","embeddable":true,"href":"https:\/\/www.nordex-online.com\/fr\/wp-json\/wp\/v2\/tags?post=12929"}],"curies":[{"name":"wp","href":"https:\/\/api.w.org\/{rel}","templated":true}]}}