{"id":5439,"date":"2022-05-18T11:44:00","date_gmt":"2022-05-18T11:44:00","guid":{"rendered":"https:\/\/www.nordex-online.com\/es\/?p=5439"},"modified":"2023-04-24T11:16:33","modified_gmt":"2023-04-24T11:16:33","slug":"nordex-se-nordex-group-instala-el-primer-aerogenerador-n163-6-x","status":"publish","type":"post","link":"https:\/\/www.nordex-online.com\/es\/2022\/05\/nordex-se-nordex-group-instala-el-primer-aerogenerador-n163-6-x\/","title":{"rendered":"Nordex SE: Nordex Group instala el primer aerogenerador N163\/6.X"},"content":{"rendered":"\n<p>El 18 de mayo de 2022, Nordex Group instal\u00f3 el primer aerogenerador N163\/6.X de la serie Delta4000 del mundo. Anunciado en septiembre de 2021, el N163\/6.X marca la entrada de la empresa en la clase de 6 MW. Actualmente se est\u00e1n instalando un total de 15 aerogeneradores de esta \u00faltima versi\u00f3n en los parques e\u00f3licos de Zeebiestocht y Olsterwind, en la provincia holandesa de Flevoland.<\/p>\n\n\n\n<p>Jos\u00e9 Luis Blanco, CEO, Nordex Group: \u201cEstamos satisfechos de haber introducido e instalado nuestros aerogeneradores de la clase 6MW+ en los plazos previstos. Al igual que el N16\/5.X, su modelo hermano, el N163\/6.X est\u00e1 dise\u00f1ado para zonas de vientos bajos y moderados y se dirige a mercados concretos de Europa\u201d.<\/p>\n\n\n\n<p>Las palas del rotor N163\/6.X tienen aproximadamente 80 metros de largo, con un \u00e1rea de barrido del rotor de 20.867 metros cuadrados. La emisi\u00f3n de sonido es de 106,4 dB(A), inferior a la de su modelo hermano N163\/5.X a pesar de tener una clasificaci\u00f3n m\u00e1s alta. Se ofrece en varias variantes de torre adaptadas a diferentes mercados, en alturas de hasta 164 metros. Las opciones disponibles tambi\u00e9n incluyen una versi\u00f3n para clima fr\u00edo y el sistema Anti-icing avanzado para las palas de rotor.<\/p>\n\n\n\n<p>La producci\u00f3n en serie del N163\/6.X est\u00e1 prevista para principios de 2023. Hoy mismo, Nordex Group ha recibido varios pedidos para este tipo de turbina, entre otros para el cl\u00faster de parques e\u00f3licos Pjelax-B\u00f6le-Kristinestad Norr, de 380 MW, y situado en Finlandia, adem\u00e1s de los pedidos de los dos parques e\u00f3licos en los Pa\u00edses Bajos, que suman 102 MW.<\/p>\n\n\n\n<p>Las mediciones de potencia y ruido requeridas, as\u00ed como la validaci\u00f3n de las cargas mec\u00e1nicas para la certificaci\u00f3n de tipo IEC, se realizar\u00e1n en los pr\u00f3ximos meses en Zeebiestocht.<\/p>\n\n\n\n<p>La serie Delta4000 de un vistazo: <br>Aerogeneradores en el segmento de 6 MW: N163\/6.X <br>Aerogeneradores en el segmento de 5 MW: N149\/5.X, N155\/5.X, N163\/5.X<br>Aerogeneradores en el segmento de 4 MW: N133\/4.8, N149\/4.X, N155\/4.X<\/p>\n","protected":false},"excerpt":{"rendered":"<p>El 18 de mayo de 2022, Nordex Group instal\u00f3 el primer aerogenerador N163\/6.X de la serie Delta4000 del mundo. Anunciado en septiembre de 2021, el N163\/6.X marca la entrada de la empresa en la clase de 6 MW. Actualmente se est\u00e1n instalando un total de 15 aerogeneradores de esta \u00faltima versi\u00f3n en los parques e\u00f3licos [&hellip;]<\/p>\n","protected":false},"author":6,"featured_media":5440,"comment_status":"closed","ping_status":"closed","sticky":false,"template":"","format":"standard","meta":{"_trash_the_other_posts":false,"editor_notices":[],"footnotes":""},"categories":[1089],"tags":[],"class_list":["post-5439","post","type-post","status-publish","format-standard","has-post-thumbnail","hentry","category-company-news"],"yoast_head":"<!-- This site is optimized with the Yoast SEO Premium plugin v27.3 (Yoast SEO v27.3) - https:\/\/yoast.com\/product\/yoast-seo-premium-wordpress\/ -->\n<title>Nordex SE: Nordex Group instala el primer aerogenerador N163\/6.X - Nordex SE - Espa\u00f1ol<\/title>\n<meta name=\"robots\" content=\"index, follow, max-snippet:-1, max-image-preview:large, max-video-preview:-1\" \/>\n<link rel=\"canonical\" href=\"https:\/\/www.nordex-online.com\/es\/2022\/05\/nordex-se-nordex-group-instala-el-primer-aerogenerador-n163-6-x\/\" \/>\n<meta property=\"og:locale\" content=\"es_ES\" \/>\n<meta property=\"og:type\" content=\"article\" \/>\n<meta property=\"og:title\" content=\"Nordex SE: Nordex Group instala el primer aerogenerador N163\/6.X\" \/>\n<meta property=\"og:description\" content=\"El 18 de mayo de 2022, Nordex Group instal\u00f3 el primer aerogenerador N163\/6.X de la serie Delta4000 del mundo. Anunciado en septiembre de 2021, el N163\/6.X marca la entrada de la empresa en la clase de 6 MW. Actualmente se est\u00e1n instalando un total de 15 aerogeneradores de esta \u00faltima versi\u00f3n en los parques e\u00f3licos [&hellip;]\" \/>\n<meta property=\"og:url\" content=\"https:\/\/www.nordex-online.com\/es\/2022\/05\/nordex-se-nordex-group-instala-el-primer-aerogenerador-n163-6-x\/\" \/>\n<meta property=\"og:site_name\" content=\"Nordex SE - Espa\u00f1ol\" \/>\n<meta property=\"article:published_time\" content=\"2022-05-18T11:44:00+00:00\" \/>\n<meta property=\"article:modified_time\" content=\"2023-04-24T11:16:33+00:00\" \/>\n<meta property=\"og:image\" content=\"https:\/\/www.nordex-online.com\/wp-content\/uploads\/sites\/4\/2022\/06\/n163_6x.png\" \/>\n\t<meta property=\"og:image:width\" content=\"654\" \/>\n\t<meta property=\"og:image:height\" content=\"433\" \/>\n\t<meta property=\"og:image:type\" content=\"image\/png\" \/>\n<meta name=\"author\" content=\"Lueske, Annkathrin\" \/>\n<meta name=\"twitter:card\" content=\"summary_large_image\" \/>\n<meta name=\"twitter:label1\" content=\"Escrito por\" \/>\n\t<meta name=\"twitter:data1\" content=\"Lueske, Annkathrin\" \/>\n\t<meta name=\"twitter:label2\" content=\"Tiempo de lectura\" \/>\n\t<meta name=\"twitter:data2\" content=\"2 minutos\" \/>\n<script type=\"application\/ld+json\" class=\"yoast-schema-graph\">{\"@context\":\"https:\\\/\\\/schema.org\",\"@graph\":[{\"@type\":\"Article\",\"@id\":\"https:\\\/\\\/www.nordex-online.com\\\/es\\\/2022\\\/05\\\/nordex-se-nordex-group-instala-el-primer-aerogenerador-n163-6-x\\\/#article\",\"isPartOf\":{\"@id\":\"https:\\\/\\\/www.nordex-online.com\\\/es\\\/2022\\\/05\\\/nordex-se-nordex-group-instala-el-primer-aerogenerador-n163-6-x\\\/\"},\"author\":{\"name\":\"Lueske, Annkathrin\",\"@id\":\"https:\\\/\\\/www.nordex-online.com\\\/es\\\/#\\\/schema\\\/person\\\/c4337f60eb01413422bc1da80e01eefa\"},\"headline\":\"Nordex SE: Nordex Group instala el primer aerogenerador N163\\\/6.X\",\"datePublished\":\"2022-05-18T11:44:00+00:00\",\"dateModified\":\"2023-04-24T11:16:33+00:00\",\"mainEntityOfPage\":{\"@id\":\"https:\\\/\\\/www.nordex-online.com\\\/es\\\/2022\\\/05\\\/nordex-se-nordex-group-instala-el-primer-aerogenerador-n163-6-x\\\/\"},\"wordCount\":350,\"publisher\":{\"@id\":\"https:\\\/\\\/www.nordex-online.com\\\/es\\\/#organization\"},\"image\":{\"@id\":\"https:\\\/\\\/www.nordex-online.com\\\/es\\\/2022\\\/05\\\/nordex-se-nordex-group-instala-el-primer-aerogenerador-n163-6-x\\\/#primaryimage\"},\"thumbnailUrl\":\"https:\\\/\\\/www.nordex-online.com\\\/wp-content\\\/uploads\\\/sites\\\/4\\\/2022\\\/06\\\/n163_6x.png\",\"articleSection\":[\"Noticias de empresa\"],\"inLanguage\":\"es\"},{\"@type\":\"WebPage\",\"@id\":\"https:\\\/\\\/www.nordex-online.com\\\/es\\\/2022\\\/05\\\/nordex-se-nordex-group-instala-el-primer-aerogenerador-n163-6-x\\\/\",\"url\":\"https:\\\/\\\/www.nordex-online.com\\\/es\\\/2022\\\/05\\\/nordex-se-nordex-group-instala-el-primer-aerogenerador-n163-6-x\\\/\",\"name\":\"Nordex SE: Nordex Group instala el primer aerogenerador N163\\\/6.X - Nordex SE - Espa\u00f1ol\",\"isPartOf\":{\"@id\":\"https:\\\/\\\/www.nordex-online.com\\\/es\\\/#website\"},\"primaryImageOfPage\":{\"@id\":\"https:\\\/\\\/www.nordex-online.com\\\/es\\\/2022\\\/05\\\/nordex-se-nordex-group-instala-el-primer-aerogenerador-n163-6-x\\\/#primaryimage\"},\"image\":{\"@id\":\"https:\\\/\\\/www.nordex-online.com\\\/es\\\/2022\\\/05\\\/nordex-se-nordex-group-instala-el-primer-aerogenerador-n163-6-x\\\/#primaryimage\"},\"thumbnailUrl\":\"https:\\\/\\\/www.nordex-online.com\\\/wp-content\\\/uploads\\\/sites\\\/4\\\/2022\\\/06\\\/n163_6x.png\",\"datePublished\":\"2022-05-18T11:44:00+00:00\",\"dateModified\":\"2023-04-24T11:16:33+00:00\",\"breadcrumb\":{\"@id\":\"https:\\\/\\\/www.nordex-online.com\\\/es\\\/2022\\\/05\\\/nordex-se-nordex-group-instala-el-primer-aerogenerador-n163-6-x\\\/#breadcrumb\"},\"inLanguage\":\"es\",\"potentialAction\":[{\"@type\":\"ReadAction\",\"target\":[\"https:\\\/\\\/www.nordex-online.com\\\/es\\\/2022\\\/05\\\/nordex-se-nordex-group-instala-el-primer-aerogenerador-n163-6-x\\\/\"]}]},{\"@type\":\"ImageObject\",\"inLanguage\":\"es\",\"@id\":\"https:\\\/\\\/www.nordex-online.com\\\/es\\\/2022\\\/05\\\/nordex-se-nordex-group-instala-el-primer-aerogenerador-n163-6-x\\\/#primaryimage\",\"url\":\"https:\\\/\\\/www.nordex-online.com\\\/wp-content\\\/uploads\\\/sites\\\/4\\\/2022\\\/06\\\/n163_6x.png\",\"contentUrl\":\"https:\\\/\\\/www.nordex-online.com\\\/wp-content\\\/uploads\\\/sites\\\/4\\\/2022\\\/06\\\/n163_6x.png\",\"width\":654,\"height\":433,\"caption\":\"Toma con dron de la instalaci\u00f3n de un aerogenerador Delta4000 blanco del tipo N163\\\/6.X. A la derecha, una gr\u00faa levanta la \u00faltima pala del rotor. Al fondo se ven los campos verdes.\"},{\"@type\":\"BreadcrumbList\",\"@id\":\"https:\\\/\\\/www.nordex-online.com\\\/es\\\/2022\\\/05\\\/nordex-se-nordex-group-instala-el-primer-aerogenerador-n163-6-x\\\/#breadcrumb\",\"itemListElement\":[{\"@type\":\"ListItem\",\"position\":1,\"name\":\"Home\",\"item\":\"https:\\\/\\\/www.nordex-online.com\\\/es\\\/\"},{\"@type\":\"ListItem\",\"position\":2,\"name\":\"Nordex SE: Nordex Group instala el primer aerogenerador N163\\\/6.X\"}]},{\"@type\":\"WebSite\",\"@id\":\"https:\\\/\\\/www.nordex-online.com\\\/es\\\/#website\",\"url\":\"https:\\\/\\\/www.nordex-online.com\\\/es\\\/\",\"name\":\"Nordex SE - Espa\u00f1ol\",\"description\":\"Manufacture, installation and maintenance of wind turbines.\",\"publisher\":{\"@id\":\"https:\\\/\\\/www.nordex-online.com\\\/es\\\/#organization\"},\"potentialAction\":[{\"@type\":\"SearchAction\",\"target\":{\"@type\":\"EntryPoint\",\"urlTemplate\":\"https:\\\/\\\/www.nordex-online.com\\\/es\\\/?s={search_term_string}\"},\"query-input\":{\"@type\":\"PropertyValueSpecification\",\"valueRequired\":true,\"valueName\":\"search_term_string\"}}],\"inLanguage\":\"es\"},{\"@type\":\"Organization\",\"@id\":\"https:\\\/\\\/www.nordex-online.com\\\/es\\\/#organization\",\"name\":\"Nordex SE - Espa\u00f1ol\",\"url\":\"https:\\\/\\\/www.nordex-online.com\\\/es\\\/\",\"logo\":{\"@type\":\"ImageObject\",\"inLanguage\":\"es\",\"@id\":\"https:\\\/\\\/www.nordex-online.com\\\/es\\\/#\\\/schema\\\/logo\\\/image\\\/\",\"url\":\"https:\\\/\\\/www.nordex-online.com\\\/wp-content\\\/uploads\\\/sites\\\/4\\\/2024\\\/07\\\/cropped-cropped-Combined-Logos_cmyk_PNG.png\",\"contentUrl\":\"https:\\\/\\\/www.nordex-online.com\\\/wp-content\\\/uploads\\\/sites\\\/4\\\/2024\\\/07\\\/cropped-cropped-Combined-Logos_cmyk_PNG.png\",\"width\":1181,\"height\":353,\"caption\":\"Nordex SE - Espa\u00f1ol\"},\"image\":{\"@id\":\"https:\\\/\\\/www.nordex-online.com\\\/es\\\/#\\\/schema\\\/logo\\\/image\\\/\"}},{\"@type\":\"Person\",\"@id\":\"https:\\\/\\\/www.nordex-online.com\\\/es\\\/#\\\/schema\\\/person\\\/c4337f60eb01413422bc1da80e01eefa\",\"name\":\"Lueske, Annkathrin\",\"image\":{\"@type\":\"ImageObject\",\"inLanguage\":\"es\",\"@id\":\"https:\\\/\\\/secure.gravatar.com\\\/avatar\\\/5f437cb50a62dc548338e5f2f7cdc9d3081c5843b1d3b99dd10c7595c4217fa4?s=96&d=mm&r=g\",\"url\":\"https:\\\/\\\/secure.gravatar.com\\\/avatar\\\/5f437cb50a62dc548338e5f2f7cdc9d3081c5843b1d3b99dd10c7595c4217fa4?s=96&d=mm&r=g\",\"contentUrl\":\"https:\\\/\\\/secure.gravatar.com\\\/avatar\\\/5f437cb50a62dc548338e5f2f7cdc9d3081c5843b1d3b99dd10c7595c4217fa4?s=96&d=mm&r=g\",\"caption\":\"Lueske, Annkathrin\"},\"url\":\"https:\\\/\\\/www.nordex-online.com\\\/es\\\/author\\\/alueske\\\/\"}]}<\/script>\n<!-- \/ Yoast SEO Premium plugin. -->","yoast_head_json":{"title":"Nordex SE: Nordex Group instala el primer aerogenerador N163\/6.X - Nordex SE - Espa\u00f1ol","robots":{"index":"index","follow":"follow","max-snippet":"max-snippet:-1","max-image-preview":"max-image-preview:large","max-video-preview":"max-video-preview:-1"},"canonical":"https:\/\/www.nordex-online.com\/es\/2022\/05\/nordex-se-nordex-group-instala-el-primer-aerogenerador-n163-6-x\/","og_locale":"es_ES","og_type":"article","og_title":"Nordex SE: Nordex Group instala el primer aerogenerador N163\/6.X","og_description":"El 18 de mayo de 2022, Nordex Group instal\u00f3 el primer aerogenerador N163\/6.X de la serie Delta4000 del mundo. Anunciado en septiembre de 2021, el N163\/6.X marca la entrada de la empresa en la clase de 6 MW. Actualmente se est\u00e1n instalando un total de 15 aerogeneradores de esta \u00faltima versi\u00f3n en los parques e\u00f3licos [&hellip;]","og_url":"https:\/\/www.nordex-online.com\/es\/2022\/05\/nordex-se-nordex-group-instala-el-primer-aerogenerador-n163-6-x\/","og_site_name":"Nordex SE - Espa\u00f1ol","article_published_time":"2022-05-18T11:44:00+00:00","article_modified_time":"2023-04-24T11:16:33+00:00","og_image":[{"width":654,"height":433,"url":"https:\/\/www.nordex-online.com\/wp-content\/uploads\/sites\/4\/2022\/06\/n163_6x.png","type":"image\/png"}],"author":"Lueske, Annkathrin","twitter_card":"summary_large_image","twitter_misc":{"Escrito por":"Lueske, Annkathrin","Tiempo de lectura":"2 minutos"},"schema":{"@context":"https:\/\/schema.org","@graph":[{"@type":"Article","@id":"https:\/\/www.nordex-online.com\/es\/2022\/05\/nordex-se-nordex-group-instala-el-primer-aerogenerador-n163-6-x\/#article","isPartOf":{"@id":"https:\/\/www.nordex-online.com\/es\/2022\/05\/nordex-se-nordex-group-instala-el-primer-aerogenerador-n163-6-x\/"},"author":{"name":"Lueske, Annkathrin","@id":"https:\/\/www.nordex-online.com\/es\/#\/schema\/person\/c4337f60eb01413422bc1da80e01eefa"},"headline":"Nordex SE: Nordex Group instala el primer aerogenerador N163\/6.X","datePublished":"2022-05-18T11:44:00+00:00","dateModified":"2023-04-24T11:16:33+00:00","mainEntityOfPage":{"@id":"https:\/\/www.nordex-online.com\/es\/2022\/05\/nordex-se-nordex-group-instala-el-primer-aerogenerador-n163-6-x\/"},"wordCount":350,"publisher":{"@id":"https:\/\/www.nordex-online.com\/es\/#organization"},"image":{"@id":"https:\/\/www.nordex-online.com\/es\/2022\/05\/nordex-se-nordex-group-instala-el-primer-aerogenerador-n163-6-x\/#primaryimage"},"thumbnailUrl":"https:\/\/www.nordex-online.com\/wp-content\/uploads\/sites\/4\/2022\/06\/n163_6x.png","articleSection":["Noticias de empresa"],"inLanguage":"es"},{"@type":"WebPage","@id":"https:\/\/www.nordex-online.com\/es\/2022\/05\/nordex-se-nordex-group-instala-el-primer-aerogenerador-n163-6-x\/","url":"https:\/\/www.nordex-online.com\/es\/2022\/05\/nordex-se-nordex-group-instala-el-primer-aerogenerador-n163-6-x\/","name":"Nordex SE: Nordex Group instala el primer aerogenerador N163\/6.X - Nordex SE - Espa\u00f1ol","isPartOf":{"@id":"https:\/\/www.nordex-online.com\/es\/#website"},"primaryImageOfPage":{"@id":"https:\/\/www.nordex-online.com\/es\/2022\/05\/nordex-se-nordex-group-instala-el-primer-aerogenerador-n163-6-x\/#primaryimage"},"image":{"@id":"https:\/\/www.nordex-online.com\/es\/2022\/05\/nordex-se-nordex-group-instala-el-primer-aerogenerador-n163-6-x\/#primaryimage"},"thumbnailUrl":"https:\/\/www.nordex-online.com\/wp-content\/uploads\/sites\/4\/2022\/06\/n163_6x.png","datePublished":"2022-05-18T11:44:00+00:00","dateModified":"2023-04-24T11:16:33+00:00","breadcrumb":{"@id":"https:\/\/www.nordex-online.com\/es\/2022\/05\/nordex-se-nordex-group-instala-el-primer-aerogenerador-n163-6-x\/#breadcrumb"},"inLanguage":"es","potentialAction":[{"@type":"ReadAction","target":["https:\/\/www.nordex-online.com\/es\/2022\/05\/nordex-se-nordex-group-instala-el-primer-aerogenerador-n163-6-x\/"]}]},{"@type":"ImageObject","inLanguage":"es","@id":"https:\/\/www.nordex-online.com\/es\/2022\/05\/nordex-se-nordex-group-instala-el-primer-aerogenerador-n163-6-x\/#primaryimage","url":"https:\/\/www.nordex-online.com\/wp-content\/uploads\/sites\/4\/2022\/06\/n163_6x.png","contentUrl":"https:\/\/www.nordex-online.com\/wp-content\/uploads\/sites\/4\/2022\/06\/n163_6x.png","width":654,"height":433,"caption":"Toma con dron de la instalaci\u00f3n de un aerogenerador Delta4000 blanco del tipo N163\/6.X. A la derecha, una gr\u00faa levanta la \u00faltima pala del rotor. Al fondo se ven los campos verdes."},{"@type":"BreadcrumbList","@id":"https:\/\/www.nordex-online.com\/es\/2022\/05\/nordex-se-nordex-group-instala-el-primer-aerogenerador-n163-6-x\/#breadcrumb","itemListElement":[{"@type":"ListItem","position":1,"name":"Home","item":"https:\/\/www.nordex-online.com\/es\/"},{"@type":"ListItem","position":2,"name":"Nordex SE: Nordex Group instala el primer aerogenerador N163\/6.X"}]},{"@type":"WebSite","@id":"https:\/\/www.nordex-online.com\/es\/#website","url":"https:\/\/www.nordex-online.com\/es\/","name":"Nordex SE - Espa\u00f1ol","description":"Manufacture, installation and maintenance of wind turbines.","publisher":{"@id":"https:\/\/www.nordex-online.com\/es\/#organization"},"potentialAction":[{"@type":"SearchAction","target":{"@type":"EntryPoint","urlTemplate":"https:\/\/www.nordex-online.com\/es\/?s={search_term_string}"},"query-input":{"@type":"PropertyValueSpecification","valueRequired":true,"valueName":"search_term_string"}}],"inLanguage":"es"},{"@type":"Organization","@id":"https:\/\/www.nordex-online.com\/es\/#organization","name":"Nordex SE - Espa\u00f1ol","url":"https:\/\/www.nordex-online.com\/es\/","logo":{"@type":"ImageObject","inLanguage":"es","@id":"https:\/\/www.nordex-online.com\/es\/#\/schema\/logo\/image\/","url":"https:\/\/www.nordex-online.com\/wp-content\/uploads\/sites\/4\/2024\/07\/cropped-cropped-Combined-Logos_cmyk_PNG.png","contentUrl":"https:\/\/www.nordex-online.com\/wp-content\/uploads\/sites\/4\/2024\/07\/cropped-cropped-Combined-Logos_cmyk_PNG.png","width":1181,"height":353,"caption":"Nordex SE - Espa\u00f1ol"},"image":{"@id":"https:\/\/www.nordex-online.com\/es\/#\/schema\/logo\/image\/"}},{"@type":"Person","@id":"https:\/\/www.nordex-online.com\/es\/#\/schema\/person\/c4337f60eb01413422bc1da80e01eefa","name":"Lueske, Annkathrin","image":{"@type":"ImageObject","inLanguage":"es","@id":"https:\/\/secure.gravatar.com\/avatar\/5f437cb50a62dc548338e5f2f7cdc9d3081c5843b1d3b99dd10c7595c4217fa4?s=96&d=mm&r=g","url":"https:\/\/secure.gravatar.com\/avatar\/5f437cb50a62dc548338e5f2f7cdc9d3081c5843b1d3b99dd10c7595c4217fa4?s=96&d=mm&r=g","contentUrl":"https:\/\/secure.gravatar.com\/avatar\/5f437cb50a62dc548338e5f2f7cdc9d3081c5843b1d3b99dd10c7595c4217fa4?s=96&d=mm&r=g","caption":"Lueske, Annkathrin"},"url":"https:\/\/www.nordex-online.com\/es\/author\/alueske\/"}]}},"_links":{"self":[{"href":"https:\/\/www.nordex-online.com\/es\/wp-json\/wp\/v2\/posts\/5439","targetHints":{"allow":["GET"]}}],"collection":[{"href":"https:\/\/www.nordex-online.com\/es\/wp-json\/wp\/v2\/posts"}],"about":[{"href":"https:\/\/www.nordex-online.com\/es\/wp-json\/wp\/v2\/types\/post"}],"author":[{"embeddable":true,"href":"https:\/\/www.nordex-online.com\/es\/wp-json\/wp\/v2\/users\/6"}],"replies":[{"embeddable":true,"href":"https:\/\/www.nordex-online.com\/es\/wp-json\/wp\/v2\/comments?post=5439"}],"version-history":[{"count":2,"href":"https:\/\/www.nordex-online.com\/es\/wp-json\/wp\/v2\/posts\/5439\/revisions"}],"predecessor-version":[{"id":5442,"href":"https:\/\/www.nordex-online.com\/es\/wp-json\/wp\/v2\/posts\/5439\/revisions\/5442"}],"wp:featuredmedia":[{"embeddable":true,"href":"https:\/\/www.nordex-online.com\/es\/wp-json\/wp\/v2\/media\/5440"}],"wp:attachment":[{"href":"https:\/\/www.nordex-online.com\/es\/wp-json\/wp\/v2\/media?parent=5439"}],"wp:term":[{"taxonomy":"category","embeddable":true,"href":"https:\/\/www.nordex-online.com\/es\/wp-json\/wp\/v2\/categories?post=5439"},{"taxonomy":"post_tag","embeddable":true,"href":"https:\/\/www.nordex-online.com\/es\/wp-json\/wp\/v2\/tags?post=5439"}],"curies":[{"name":"wp","href":"https:\/\/api.w.org\/{rel}","templated":true}]}}