{"id":4857,"date":"2021-09-16T08:43:06","date_gmt":"2021-09-16T08:43:06","guid":{"rendered":"https:\/\/www.nordex-online.com\/es\/?p=4857"},"modified":"2023-04-24T11:16:55","modified_gmt":"2023-04-24T11:16:55","slug":"nueva-alianza-mundial-para-la-energia-sostenible-una-actuacion-colectiva-hacia-la-sostenibilidad-total-de-las-energias-renovables","status":"publish","type":"post","link":"https:\/\/www.nordex-online.com\/es\/2021\/09\/nueva-alianza-mundial-para-la-energia-sostenible-una-actuacion-colectiva-hacia-la-sostenibilidad-total-de-las-energias-renovables\/","title":{"rendered":"NUEVA ALIANZA MUNDIAL PARA LA ENERG\u00cdA SOSTENIBLE: UNA ACTUACI\u00d3N COLECTIVA HACIA LA SOSTENIBILIDAD TOTAL DE LAS ENERG\u00cdAS RENOVABLES"},"content":{"rendered":"\n<div style=\"height:50px\" aria-hidden=\"true\" class=\"wp-block-spacer\"><\/div>\n\n\n\n<p class=\"has-text-align-center\">La \u2018Global Alliance for Sustainable Energy\u2019 re\u00fane a 17 miembros fundadores, entre los que se encuentran empresas de servicios p\u00fablicos y actores globales de las cadenas de valor de la energ\u00eda solar fotovoltaica y e\u00f3lica, asociaciones industriales y socios de innovaci\u00f3n<br><br>La nueva organizaci\u00f3n, \u00fanica por su alcance y ambici\u00f3n, est\u00e1 abierta a socios con ideas afines, desde la industria hasta la sociedad civil, el mundo acad\u00e9mico y los usuarios finales<br><br>Miembros fundadores y expertos externos abordar\u00e1n los retos de sostenibilidad del sector de las renovables en el acto de presentaci\u00f3n de hoy<\/p>\n\n\n\n<div style=\"height:50px\" aria-hidden=\"true\" class=\"wp-block-spacer\"><\/div>\n\n\n\n<p>16 de septiembre de 2021 \u2013 Un grupo de\nl\u00edderes mundiales de toda la cadena de valor de las energ\u00edas renovables y del\necosistema de innovaci\u00f3n del sector ha lanzado hoy una nueva organizaci\u00f3n para\ngarantizar que las energ\u00edas renovables sean totalmente sostenibles para las\npersonas y el planeta y para liderar una transici\u00f3n justa que abandone los\ncombustibles f\u00f3siles.<\/p>\n\n\n\n<p>Todos los socios comparten la visi\u00f3n de\nun sector renovable sostenible. Convencidos de la necesidad de emprender\nacciones concretas y de colaboraci\u00f3n, se han unido para crear una alianza\nmundial para la energ\u00eda sostenible denominada<strong> Global Alliance for\nSustainable Energy<\/strong>. Lanzada hoy durante un evento virtual, la iniciativa es\n\u00fanica tanto por su alcance como por su ambici\u00f3n, y representa la respuesta\nconjunta de los miembros fundadores a la urgente necesidad de descarbonizar el\nsistema energ\u00e9tico mundial, garantizando al mismo tiempo su sostenibilidad\ndesde una perspectiva medioambiental, social y de gobernanza (ESG).<\/p>\n\n\n\n<p>La \u2018Global Alliance for Sustainable\nEnergy\u2019, de car\u00e1cter independiente, re\u00fane a empresas de servicios p\u00fablicos de\ndistintas procedencias geogr\u00e1f\u00edcas, los principales fabricantes de las cadenas\nde suministro de energ\u00eda e\u00f3lica y solar fotovoltaica, asociaciones del sector y\nsocios de innovaci\u00f3n. Los 17 miembros fundadores son, por orden alfab\u00e9tico: <strong>3M,\nAdani Green Energy Ltd., EDP, Eletrobras, Enel Green Power, Global Solar\nCouncil, Global Wind Energy Council, Goldwind, Iberdrola, JA Solar, Nordex\nGroup, NTPC Limited, Politecnico di Milano, Politecnico di Torino, ReNew Power,\nRisen Energy<\/strong> y <strong>Trina Solar<\/strong>.<\/p>\n\n\n\n<p>\u201cTenemos que actuar ahora, y actuar\njuntos, para comprometernos seriamente con una energ\u00eda sostenible y libre de\ncarbono\u00bb, declara <strong>Salvatore Bernabei, representante de los miembros\nfundadores de la Global Alliance for Sustainable Energy, <\/strong>y <strong>CEO de Enel\nGreen Power<\/strong>. \u201cPerseguiremos nuestra misi\u00f3n de lograr un impacto colectivo,\nintegrando la sostenibilidad en toda la cadena de valor, aprovechando los\nvalores fundamentales que compartimos: responsabilidad, respeto a los derechos\nhumanos, protecci\u00f3n del medio ambiente y la biodiversidad, as\u00ed como\ncolaboraci\u00f3n abierta y transparencia\u201d.<\/p>\n\n\n\n<p>El objetivo de la Global Alliance for\nSustainable Energy es redefinir el concepto de \u2018energ\u00eda sostenible\u2019 y reunir a\ntodos los que trabajan en el sector de las renovables o est\u00e1n afectados por las\nmismas; aunando esfuerzos con la sociedad civil, los usuarios finales, los\nresponsables pol\u00edticos, las instituciones acad\u00e9micas, los proveedores de\nmateriales, los fabricantes de equipo original y las empresas de servicios\np\u00fablicos afines para poder interactuar con gobiernos e inversores. La\niniciativa est\u00e1 totalmente en consonancia con la agenda 2030 establecida en los\nObjetivos de Desarrollo Sostenible (ODS) de la ONU.<\/p>\n\n\n\n<p>Aunque la e\u00f3lica y la solar son\ntecnolog\u00edas renovables con caracter\u00edsticas diferentes, son altamente\ncomplementarias y ambas comparten trayectorias de crecimiento similares y retos\nparecidos para su desarrollo sostenible. Por lo tanto, es fundamental que la\ne\u00f3lica y la solar est\u00e9n m\u00e1s alineadas para acelerar la transici\u00f3n energ\u00e9tica.<\/p>\n\n\n\n<p>\u201cLa industria e\u00f3lica desempe\u00f1ar\u00e1 un\npapel crucial en la limpieza de las vertientes \u2018sucias\u2019 de la econom\u00eda mundial,\ncomo el acero, el cemento y el transporte pesado; pero tambi\u00e9n, al mismo\ntiempo, en la descarbonizaci\u00f3n de nuestra propia cadena de suministro\u201d, explica\n<strong>Ben Backwell, CEO del Consejo Global de Energ\u00eda E\u00f3lica <\/strong>(GWEC). \u201cYa se\nest\u00e1 trabajando en la sostenibilidad de la industria e\u00f3lica a medida que\npasamos de proyectos piloto a un enfoque industrial a gran escala, abordando\nretos como las soluciones de econom\u00eda circular para el reciclaje de las palas y\nla protecci\u00f3n de las pr\u00e1cticas laborales y los derechos humanos en un entorno\nde empleo en r\u00e1pida expansi\u00f3n\u201d.<\/p>\n\n\n\n<p>\u201cM\u00e1s all\u00e1 de su impacto en el clima, la\nenerg\u00eda solar puede contribuir de forma importante a los Objetivos de\nDesarrollo Sostenible gracias al \u2018efecto domin\u00f3\u2019 que se extiende a los \u00e1mbitos\necon\u00f3mico, social y medioambiental, beneficiando aspectos como salud,\neducaci\u00f3n, igualdad de g\u00e9nero y reducci\u00f3n de la pobreza\u201d, afirm\u00f3 <strong>Gianni\nChianetta, CEO del Global Solar Council<\/strong> (GSC). \u201cLa clave es que se trata de\nun esfuerzo conjunto. Ya no basta con que una tecnolog\u00eda, industria u\norganizaci\u00f3n marque el camino. Tenemos que marcarlo juntos, colaborando y\nactuando al un\u00edsono\u201d.<\/p>\n\n\n\n<p>El lanzamiento de la alianza se produce\nen un momento cr\u00edtico para la acci\u00f3n clim\u00e1tica y la transici\u00f3n energ\u00e9tica, justo\ndos meses antes de que Glasgow acoja la cumbre del clima de las Naciones Unidas\nCOP26. Mientras tanto, la \u00faltima evaluaci\u00f3n cient\u00edfica del Grupo\nIntergubernamental de Expertos sobre el Cambio Clim\u00e1tico (IPCC) de la ONU ha\nadvertido de que el mundo se ha desviado del camino hacia la limitaci\u00f3n del\naumento de la temperatura global a 1,5&nbsp;\u00b0C por encima de los niveles\npreindustriales, o incluso para mantenerlo muy por debajo de los 2&nbsp;\u00b0C,\ncomo se estableci\u00f3 en el Acuerdo de Par\u00eds de 2015, y ha indicado que el planeta\nse calentar\u00e1 1,5&nbsp;\u00b0C en las pr\u00f3ximas dos d\u00e9cadas a menos que se tomen\nmedidas dr\u00e1sticas para eliminar las emisiones de gases de efecto invernadero.\nEl Secretario General de la ONU, Antonio Guterres, ha dicho que este consenso\ncient\u00edfico \u201cser\u00e1 la sentencia de muerte para el carb\u00f3n y los combustibles\nf\u00f3siles, antes de que destruyan nuestro planeta\u201d.<\/p>\n\n\n\n<p>El camino para mantener el\ncalentamiento global dentro de los l\u00edmites establecidos por el Acuerdo de Par\u00eds\nes el de lograr cero emisiones netas para 2050, as\u00ed que es necesario\nintensificar la acci\u00f3n clim\u00e1tica para alcanzar ese objetivo. En ese escenario,\ncasi el 70% de la generaci\u00f3n mundial de electricidad provendr\u00eda de la energ\u00eda\nsolar fotovoltaica y e\u00f3lica, seg\u00fan la Agencia Internacional de la Energ\u00eda (AIE).\nLas tecnolog\u00edas de energ\u00eda renovable, encabezadas por la e\u00f3lica y la solar\nfotovoltaica, han pasado a dominar las nuevas instalaciones de generaci\u00f3n de\nelectricidad, ya que se han convertido en las fuentes de energ\u00eda m\u00e1s baratas en\nmuchos mercados. Seg\u00fan la Agencia Internacional de Energ\u00edas Renovables (IRENA),\nen los \u00faltimos siete a\u00f1os, se ha a\u00f1adido anualmente m\u00e1s energ\u00eda renovable a las\nredes mundiales que la procedente de los combustibles f\u00f3siles y la nuclear\njuntas. En 2020, el dominio de las tecnolog\u00edas limpias sobre las fuentes\ntradicionales aument\u00f3 a\u00fan m\u00e1s, con 260 gigavatios de generaci\u00f3n basada en las\nrenovables en todo el mundo; m\u00e1s de cuatro veces la de otras fuentes.<\/p>\n\n\n\n<p>El acto de presentaci\u00f3n, <strong><em>The\nSustainability Mission of the Energy Transition:<\/em><\/strong> <strong><em>Presenting the\nGlobal Alliance for Sustainable Energy<\/em><\/strong>, contar\u00e1 con la participaci\u00f3n de\nponentes de los miembros fundadores, que aportar\u00e1n sus puntos de vista sobre\nc\u00f3mo sus propias organizaciones ya est\u00e1n trabajando activamente en pro de la\nvisi\u00f3n de la alianza para la energ\u00eda sostenible. Esto incluir\u00e1 mesas redondas\nen las que se abordar\u00e1n los temas de la sostenibilidad en la cadena de\nsuministro de las energ\u00edas renovables y el progreso hacia los objetivos de cero\nemisiones. Los temas clave de la alianza se expondr\u00e1n de la mano de expertos\nexternos, entre ellos: <strong>Dante Pesce<\/strong>, ex presidente y actual miembro del\nGrupo de Trabajo sobre Empresas y Derechos Humanos de la ONU; <strong>Heidi Huusko<\/strong>,\nDirectora de Clima y Medio Ambiente del Pacto Mundial de las Naciones Unidas; <strong>Peter\nPaul van de Wijs<\/strong>, Director de Asuntos Externos de la Global Reporting\nInitiative; <strong>Michela Miletto<\/strong>, Directora de la Oficina del Programa de la\nUNESCO para la Evaluaci\u00f3n de los Recursos H\u00eddricos; y <strong>Meredith Adler<\/strong>,\nDirectora Ejecutiva de Student Energy.<\/p>\n\n\n\n<p>Los 17 miembros est\u00e1n dispuestos a\ntrabajar juntos para afrontar los retos de la sostenibilidad en esta transici\u00f3n\ny obtener resultados a corto y medio plazo. Comienzan su colaboraci\u00f3n\ncentr\u00e1ndose en cuatro \u00e1reas clave en las que pueden conseguir beneficios a\ncorto plazo para la sostenibilidad de la industria de las energ\u00edas renovables,\ncoordinando a los distintos agentes mediante el establecimiento y la\narmonizaci\u00f3n de normas y m\u00e9tricas, en torno a las cuales se pueden establecer\nobjetivos comunes, y adoptando buenas pr\u00e1cticas. Las \u00e1reas de inter\u00e9s son: <strong>cero\nemisiones netas y huella de CO<sub>2<\/sub><\/strong>; <strong>econom\u00eda y dise\u00f1o circulares<\/strong>;\n<strong>derechos humanos<\/strong>: y <strong>huellas h\u00eddricas<\/strong>.<\/p>\n\n\n\n<p>La alianza est\u00e1 abierta a nuevos\nmiembros que compartan esta visi\u00f3n y puedan contribuir de forma concreta al\nobjetivo final de convertirse en una industria verdaderamente sostenible dentro\nde la transici\u00f3n hacia las cero emisiones netas para 2050.<\/p>\n","protected":false},"excerpt":{"rendered":"<p>La \u2018Global Alliance for Sustainable Energy\u2019 re\u00fane a 17 miembros fundadores, entre los que se encuentran empresas de servicios p\u00fablicos y actores globales de las cadenas de valor de la energ\u00eda solar fotovoltaica y e\u00f3lica, asociaciones industriales y socios de innovaci\u00f3n La nueva organizaci\u00f3n, \u00fanica por su alcance y ambici\u00f3n, est\u00e1 abierta a socios con [&hellip;]<\/p>\n","protected":false},"author":6,"featured_media":4865,"comment_status":"closed","ping_status":"closed","sticky":false,"template":"","format":"standard","meta":{"_trash_the_other_posts":false,"editor_notices":[],"footnotes":""},"categories":[1],"tags":[],"class_list":["post-4857","post","type-post","status-publish","format-standard","has-post-thumbnail","hentry","category-uncategorized"],"yoast_head":"<!-- This site is optimized with the Yoast SEO Premium plugin v27.3 (Yoast SEO v27.3) - https:\/\/yoast.com\/product\/yoast-seo-premium-wordpress\/ -->\n<title>NUEVA ALIANZA MUNDIAL PARA LA ENERG\u00cdA SOSTENIBLE: UNA ACTUACI\u00d3N COLECTIVA HACIA LA SOSTENIBILIDAD TOTAL DE LAS ENERG\u00cdAS RENOVABLES - Nordex SE - Espa\u00f1ol<\/title>\n<meta name=\"robots\" content=\"index, follow, max-snippet:-1, max-image-preview:large, max-video-preview:-1\" \/>\n<link rel=\"canonical\" href=\"https:\/\/www.nordex-online.com\/es\/2021\/09\/nueva-alianza-mundial-para-la-energia-sostenible-una-actuacion-colectiva-hacia-la-sostenibilidad-total-de-las-energias-renovables\/\" \/>\n<meta property=\"og:locale\" content=\"es_ES\" \/>\n<meta property=\"og:type\" content=\"article\" \/>\n<meta property=\"og:title\" content=\"NUEVA ALIANZA MUNDIAL PARA LA ENERG\u00cdA SOSTENIBLE: UNA ACTUACI\u00d3N COLECTIVA HACIA LA SOSTENIBILIDAD TOTAL DE LAS ENERG\u00cdAS RENOVABLES\" \/>\n<meta property=\"og:description\" content=\"La \u2018Global Alliance for Sustainable Energy\u2019 re\u00fane a 17 miembros fundadores, entre los que se encuentran empresas de servicios p\u00fablicos y actores globales de las cadenas de valor de la energ\u00eda solar fotovoltaica y e\u00f3lica, asociaciones industriales y socios de innovaci\u00f3n La nueva organizaci\u00f3n, \u00fanica por su alcance y ambici\u00f3n, est\u00e1 abierta a socios con [&hellip;]\" \/>\n<meta property=\"og:url\" content=\"https:\/\/www.nordex-online.com\/es\/2021\/09\/nueva-alianza-mundial-para-la-energia-sostenible-una-actuacion-colectiva-hacia-la-sostenibilidad-total-de-las-energias-renovables\/\" \/>\n<meta property=\"og:site_name\" content=\"Nordex SE - Espa\u00f1ol\" \/>\n<meta property=\"article:published_time\" content=\"2021-09-16T08:43:06+00:00\" \/>\n<meta property=\"article:modified_time\" content=\"2023-04-24T11:16:55+00:00\" \/>\n<meta property=\"og:image\" content=\"https:\/\/www.nordex-online.com\/wp-content\/uploads\/sites\/4\/2021\/09\/storie_in_evidenza-03.jpg\" \/>\n\t<meta property=\"og:image:width\" content=\"2084\" \/>\n\t<meta property=\"og:image:height\" content=\"2084\" \/>\n\t<meta property=\"og:image:type\" content=\"image\/jpeg\" \/>\n<meta name=\"author\" content=\"Lueske, Annkathrin\" \/>\n<meta name=\"twitter:card\" content=\"summary_large_image\" \/>\n<meta name=\"twitter:label1\" content=\"Escrito por\" \/>\n\t<meta name=\"twitter:data1\" content=\"Lueske, Annkathrin\" \/>\n\t<meta name=\"twitter:label2\" content=\"Tiempo de lectura\" \/>\n\t<meta name=\"twitter:data2\" content=\"7 minutos\" \/>\n<script type=\"application\/ld+json\" class=\"yoast-schema-graph\">{\"@context\":\"https:\\\/\\\/schema.org\",\"@graph\":[{\"@type\":\"Article\",\"@id\":\"https:\\\/\\\/www.nordex-online.com\\\/es\\\/2021\\\/09\\\/nueva-alianza-mundial-para-la-energia-sostenible-una-actuacion-colectiva-hacia-la-sostenibilidad-total-de-las-energias-renovables\\\/#article\",\"isPartOf\":{\"@id\":\"https:\\\/\\\/www.nordex-online.com\\\/es\\\/2021\\\/09\\\/nueva-alianza-mundial-para-la-energia-sostenible-una-actuacion-colectiva-hacia-la-sostenibilidad-total-de-las-energias-renovables\\\/\"},\"author\":{\"name\":\"Lueske, Annkathrin\",\"@id\":\"https:\\\/\\\/www.nordex-online.com\\\/es\\\/#\\\/schema\\\/person\\\/c4337f60eb01413422bc1da80e01eefa\"},\"headline\":\"NUEVA ALIANZA MUNDIAL PARA LA ENERG\u00cdA SOSTENIBLE: UNA ACTUACI\u00d3N COLECTIVA HACIA LA SOSTENIBILIDAD TOTAL DE LAS ENERG\u00cdAS RENOVABLES\",\"datePublished\":\"2021-09-16T08:43:06+00:00\",\"dateModified\":\"2023-04-24T11:16:55+00:00\",\"mainEntityOfPage\":{\"@id\":\"https:\\\/\\\/www.nordex-online.com\\\/es\\\/2021\\\/09\\\/nueva-alianza-mundial-para-la-energia-sostenible-una-actuacion-colectiva-hacia-la-sostenibilidad-total-de-las-energias-renovables\\\/\"},\"wordCount\":1564,\"publisher\":{\"@id\":\"https:\\\/\\\/www.nordex-online.com\\\/es\\\/#organization\"},\"image\":{\"@id\":\"https:\\\/\\\/www.nordex-online.com\\\/es\\\/2021\\\/09\\\/nueva-alianza-mundial-para-la-energia-sostenible-una-actuacion-colectiva-hacia-la-sostenibilidad-total-de-las-energias-renovables\\\/#primaryimage\"},\"thumbnailUrl\":\"https:\\\/\\\/www.nordex-online.com\\\/wp-content\\\/uploads\\\/sites\\\/4\\\/2021\\\/09\\\/storie_in_evidenza-03.jpg\",\"articleSection\":[\"Uncategorized\"],\"inLanguage\":\"es\"},{\"@type\":\"WebPage\",\"@id\":\"https:\\\/\\\/www.nordex-online.com\\\/es\\\/2021\\\/09\\\/nueva-alianza-mundial-para-la-energia-sostenible-una-actuacion-colectiva-hacia-la-sostenibilidad-total-de-las-energias-renovables\\\/\",\"url\":\"https:\\\/\\\/www.nordex-online.com\\\/es\\\/2021\\\/09\\\/nueva-alianza-mundial-para-la-energia-sostenible-una-actuacion-colectiva-hacia-la-sostenibilidad-total-de-las-energias-renovables\\\/\",\"name\":\"NUEVA ALIANZA MUNDIAL PARA LA ENERG\u00cdA SOSTENIBLE: UNA ACTUACI\u00d3N COLECTIVA HACIA LA SOSTENIBILIDAD TOTAL DE LAS ENERG\u00cdAS RENOVABLES - Nordex SE - Espa\u00f1ol\",\"isPartOf\":{\"@id\":\"https:\\\/\\\/www.nordex-online.com\\\/es\\\/#website\"},\"primaryImageOfPage\":{\"@id\":\"https:\\\/\\\/www.nordex-online.com\\\/es\\\/2021\\\/09\\\/nueva-alianza-mundial-para-la-energia-sostenible-una-actuacion-colectiva-hacia-la-sostenibilidad-total-de-las-energias-renovables\\\/#primaryimage\"},\"image\":{\"@id\":\"https:\\\/\\\/www.nordex-online.com\\\/es\\\/2021\\\/09\\\/nueva-alianza-mundial-para-la-energia-sostenible-una-actuacion-colectiva-hacia-la-sostenibilidad-total-de-las-energias-renovables\\\/#primaryimage\"},\"thumbnailUrl\":\"https:\\\/\\\/www.nordex-online.com\\\/wp-content\\\/uploads\\\/sites\\\/4\\\/2021\\\/09\\\/storie_in_evidenza-03.jpg\",\"datePublished\":\"2021-09-16T08:43:06+00:00\",\"dateModified\":\"2023-04-24T11:16:55+00:00\",\"breadcrumb\":{\"@id\":\"https:\\\/\\\/www.nordex-online.com\\\/es\\\/2021\\\/09\\\/nueva-alianza-mundial-para-la-energia-sostenible-una-actuacion-colectiva-hacia-la-sostenibilidad-total-de-las-energias-renovables\\\/#breadcrumb\"},\"inLanguage\":\"es\",\"potentialAction\":[{\"@type\":\"ReadAction\",\"target\":[\"https:\\\/\\\/www.nordex-online.com\\\/es\\\/2021\\\/09\\\/nueva-alianza-mundial-para-la-energia-sostenible-una-actuacion-colectiva-hacia-la-sostenibilidad-total-de-las-energias-renovables\\\/\"]}]},{\"@type\":\"ImageObject\",\"inLanguage\":\"es\",\"@id\":\"https:\\\/\\\/www.nordex-online.com\\\/es\\\/2021\\\/09\\\/nueva-alianza-mundial-para-la-energia-sostenible-una-actuacion-colectiva-hacia-la-sostenibilidad-total-de-las-energias-renovables\\\/#primaryimage\",\"url\":\"https:\\\/\\\/www.nordex-online.com\\\/wp-content\\\/uploads\\\/sites\\\/4\\\/2021\\\/09\\\/storie_in_evidenza-03.jpg\",\"contentUrl\":\"https:\\\/\\\/www.nordex-online.com\\\/wp-content\\\/uploads\\\/sites\\\/4\\\/2021\\\/09\\\/storie_in_evidenza-03.jpg\",\"width\":2084,\"height\":2084},{\"@type\":\"BreadcrumbList\",\"@id\":\"https:\\\/\\\/www.nordex-online.com\\\/es\\\/2021\\\/09\\\/nueva-alianza-mundial-para-la-energia-sostenible-una-actuacion-colectiva-hacia-la-sostenibilidad-total-de-las-energias-renovables\\\/#breadcrumb\",\"itemListElement\":[{\"@type\":\"ListItem\",\"position\":1,\"name\":\"Home\",\"item\":\"https:\\\/\\\/www.nordex-online.com\\\/es\\\/\"},{\"@type\":\"ListItem\",\"position\":2,\"name\":\"NUEVA ALIANZA MUNDIAL PARA LA ENERG\u00cdA SOSTENIBLE: UNA ACTUACI\u00d3N COLECTIVA HACIA LA SOSTENIBILIDAD TOTAL DE LAS ENERG\u00cdAS RENOVABLES\"}]},{\"@type\":\"WebSite\",\"@id\":\"https:\\\/\\\/www.nordex-online.com\\\/es\\\/#website\",\"url\":\"https:\\\/\\\/www.nordex-online.com\\\/es\\\/\",\"name\":\"Nordex SE - Espa\u00f1ol\",\"description\":\"Manufacture, installation and maintenance of wind turbines.\",\"publisher\":{\"@id\":\"https:\\\/\\\/www.nordex-online.com\\\/es\\\/#organization\"},\"potentialAction\":[{\"@type\":\"SearchAction\",\"target\":{\"@type\":\"EntryPoint\",\"urlTemplate\":\"https:\\\/\\\/www.nordex-online.com\\\/es\\\/?s={search_term_string}\"},\"query-input\":{\"@type\":\"PropertyValueSpecification\",\"valueRequired\":true,\"valueName\":\"search_term_string\"}}],\"inLanguage\":\"es\"},{\"@type\":\"Organization\",\"@id\":\"https:\\\/\\\/www.nordex-online.com\\\/es\\\/#organization\",\"name\":\"Nordex SE - Espa\u00f1ol\",\"url\":\"https:\\\/\\\/www.nordex-online.com\\\/es\\\/\",\"logo\":{\"@type\":\"ImageObject\",\"inLanguage\":\"es\",\"@id\":\"https:\\\/\\\/www.nordex-online.com\\\/es\\\/#\\\/schema\\\/logo\\\/image\\\/\",\"url\":\"https:\\\/\\\/www.nordex-online.com\\\/wp-content\\\/uploads\\\/sites\\\/4\\\/2024\\\/07\\\/cropped-cropped-Combined-Logos_cmyk_PNG.png\",\"contentUrl\":\"https:\\\/\\\/www.nordex-online.com\\\/wp-content\\\/uploads\\\/sites\\\/4\\\/2024\\\/07\\\/cropped-cropped-Combined-Logos_cmyk_PNG.png\",\"width\":1181,\"height\":353,\"caption\":\"Nordex SE - Espa\u00f1ol\"},\"image\":{\"@id\":\"https:\\\/\\\/www.nordex-online.com\\\/es\\\/#\\\/schema\\\/logo\\\/image\\\/\"}},{\"@type\":\"Person\",\"@id\":\"https:\\\/\\\/www.nordex-online.com\\\/es\\\/#\\\/schema\\\/person\\\/c4337f60eb01413422bc1da80e01eefa\",\"name\":\"Lueske, Annkathrin\",\"image\":{\"@type\":\"ImageObject\",\"inLanguage\":\"es\",\"@id\":\"https:\\\/\\\/secure.gravatar.com\\\/avatar\\\/5f437cb50a62dc548338e5f2f7cdc9d3081c5843b1d3b99dd10c7595c4217fa4?s=96&d=mm&r=g\",\"url\":\"https:\\\/\\\/secure.gravatar.com\\\/avatar\\\/5f437cb50a62dc548338e5f2f7cdc9d3081c5843b1d3b99dd10c7595c4217fa4?s=96&d=mm&r=g\",\"contentUrl\":\"https:\\\/\\\/secure.gravatar.com\\\/avatar\\\/5f437cb50a62dc548338e5f2f7cdc9d3081c5843b1d3b99dd10c7595c4217fa4?s=96&d=mm&r=g\",\"caption\":\"Lueske, Annkathrin\"},\"url\":\"https:\\\/\\\/www.nordex-online.com\\\/es\\\/author\\\/alueske\\\/\"}]}<\/script>\n<!-- \/ Yoast SEO Premium plugin. -->","yoast_head_json":{"title":"NUEVA ALIANZA MUNDIAL PARA LA ENERG\u00cdA SOSTENIBLE: UNA ACTUACI\u00d3N COLECTIVA HACIA LA SOSTENIBILIDAD TOTAL DE LAS ENERG\u00cdAS RENOVABLES - Nordex SE - Espa\u00f1ol","robots":{"index":"index","follow":"follow","max-snippet":"max-snippet:-1","max-image-preview":"max-image-preview:large","max-video-preview":"max-video-preview:-1"},"canonical":"https:\/\/www.nordex-online.com\/es\/2021\/09\/nueva-alianza-mundial-para-la-energia-sostenible-una-actuacion-colectiva-hacia-la-sostenibilidad-total-de-las-energias-renovables\/","og_locale":"es_ES","og_type":"article","og_title":"NUEVA ALIANZA MUNDIAL PARA LA ENERG\u00cdA SOSTENIBLE: UNA ACTUACI\u00d3N COLECTIVA HACIA LA SOSTENIBILIDAD TOTAL DE LAS ENERG\u00cdAS RENOVABLES","og_description":"La \u2018Global Alliance for Sustainable Energy\u2019 re\u00fane a 17 miembros fundadores, entre los que se encuentran empresas de servicios p\u00fablicos y actores globales de las cadenas de valor de la energ\u00eda solar fotovoltaica y e\u00f3lica, asociaciones industriales y socios de innovaci\u00f3n La nueva organizaci\u00f3n, \u00fanica por su alcance y ambici\u00f3n, est\u00e1 abierta a socios con [&hellip;]","og_url":"https:\/\/www.nordex-online.com\/es\/2021\/09\/nueva-alianza-mundial-para-la-energia-sostenible-una-actuacion-colectiva-hacia-la-sostenibilidad-total-de-las-energias-renovables\/","og_site_name":"Nordex SE - Espa\u00f1ol","article_published_time":"2021-09-16T08:43:06+00:00","article_modified_time":"2023-04-24T11:16:55+00:00","og_image":[{"width":2084,"height":2084,"url":"https:\/\/www.nordex-online.com\/wp-content\/uploads\/sites\/4\/2021\/09\/storie_in_evidenza-03.jpg","type":"image\/jpeg"}],"author":"Lueske, Annkathrin","twitter_card":"summary_large_image","twitter_misc":{"Escrito por":"Lueske, Annkathrin","Tiempo de lectura":"7 minutos"},"schema":{"@context":"https:\/\/schema.org","@graph":[{"@type":"Article","@id":"https:\/\/www.nordex-online.com\/es\/2021\/09\/nueva-alianza-mundial-para-la-energia-sostenible-una-actuacion-colectiva-hacia-la-sostenibilidad-total-de-las-energias-renovables\/#article","isPartOf":{"@id":"https:\/\/www.nordex-online.com\/es\/2021\/09\/nueva-alianza-mundial-para-la-energia-sostenible-una-actuacion-colectiva-hacia-la-sostenibilidad-total-de-las-energias-renovables\/"},"author":{"name":"Lueske, Annkathrin","@id":"https:\/\/www.nordex-online.com\/es\/#\/schema\/person\/c4337f60eb01413422bc1da80e01eefa"},"headline":"NUEVA ALIANZA MUNDIAL PARA LA ENERG\u00cdA SOSTENIBLE: UNA ACTUACI\u00d3N COLECTIVA HACIA LA SOSTENIBILIDAD TOTAL DE LAS ENERG\u00cdAS RENOVABLES","datePublished":"2021-09-16T08:43:06+00:00","dateModified":"2023-04-24T11:16:55+00:00","mainEntityOfPage":{"@id":"https:\/\/www.nordex-online.com\/es\/2021\/09\/nueva-alianza-mundial-para-la-energia-sostenible-una-actuacion-colectiva-hacia-la-sostenibilidad-total-de-las-energias-renovables\/"},"wordCount":1564,"publisher":{"@id":"https:\/\/www.nordex-online.com\/es\/#organization"},"image":{"@id":"https:\/\/www.nordex-online.com\/es\/2021\/09\/nueva-alianza-mundial-para-la-energia-sostenible-una-actuacion-colectiva-hacia-la-sostenibilidad-total-de-las-energias-renovables\/#primaryimage"},"thumbnailUrl":"https:\/\/www.nordex-online.com\/wp-content\/uploads\/sites\/4\/2021\/09\/storie_in_evidenza-03.jpg","articleSection":["Uncategorized"],"inLanguage":"es"},{"@type":"WebPage","@id":"https:\/\/www.nordex-online.com\/es\/2021\/09\/nueva-alianza-mundial-para-la-energia-sostenible-una-actuacion-colectiva-hacia-la-sostenibilidad-total-de-las-energias-renovables\/","url":"https:\/\/www.nordex-online.com\/es\/2021\/09\/nueva-alianza-mundial-para-la-energia-sostenible-una-actuacion-colectiva-hacia-la-sostenibilidad-total-de-las-energias-renovables\/","name":"NUEVA ALIANZA MUNDIAL PARA LA ENERG\u00cdA SOSTENIBLE: UNA ACTUACI\u00d3N COLECTIVA HACIA LA SOSTENIBILIDAD TOTAL DE LAS ENERG\u00cdAS RENOVABLES - Nordex SE - Espa\u00f1ol","isPartOf":{"@id":"https:\/\/www.nordex-online.com\/es\/#website"},"primaryImageOfPage":{"@id":"https:\/\/www.nordex-online.com\/es\/2021\/09\/nueva-alianza-mundial-para-la-energia-sostenible-una-actuacion-colectiva-hacia-la-sostenibilidad-total-de-las-energias-renovables\/#primaryimage"},"image":{"@id":"https:\/\/www.nordex-online.com\/es\/2021\/09\/nueva-alianza-mundial-para-la-energia-sostenible-una-actuacion-colectiva-hacia-la-sostenibilidad-total-de-las-energias-renovables\/#primaryimage"},"thumbnailUrl":"https:\/\/www.nordex-online.com\/wp-content\/uploads\/sites\/4\/2021\/09\/storie_in_evidenza-03.jpg","datePublished":"2021-09-16T08:43:06+00:00","dateModified":"2023-04-24T11:16:55+00:00","breadcrumb":{"@id":"https:\/\/www.nordex-online.com\/es\/2021\/09\/nueva-alianza-mundial-para-la-energia-sostenible-una-actuacion-colectiva-hacia-la-sostenibilidad-total-de-las-energias-renovables\/#breadcrumb"},"inLanguage":"es","potentialAction":[{"@type":"ReadAction","target":["https:\/\/www.nordex-online.com\/es\/2021\/09\/nueva-alianza-mundial-para-la-energia-sostenible-una-actuacion-colectiva-hacia-la-sostenibilidad-total-de-las-energias-renovables\/"]}]},{"@type":"ImageObject","inLanguage":"es","@id":"https:\/\/www.nordex-online.com\/es\/2021\/09\/nueva-alianza-mundial-para-la-energia-sostenible-una-actuacion-colectiva-hacia-la-sostenibilidad-total-de-las-energias-renovables\/#primaryimage","url":"https:\/\/www.nordex-online.com\/wp-content\/uploads\/sites\/4\/2021\/09\/storie_in_evidenza-03.jpg","contentUrl":"https:\/\/www.nordex-online.com\/wp-content\/uploads\/sites\/4\/2021\/09\/storie_in_evidenza-03.jpg","width":2084,"height":2084},{"@type":"BreadcrumbList","@id":"https:\/\/www.nordex-online.com\/es\/2021\/09\/nueva-alianza-mundial-para-la-energia-sostenible-una-actuacion-colectiva-hacia-la-sostenibilidad-total-de-las-energias-renovables\/#breadcrumb","itemListElement":[{"@type":"ListItem","position":1,"name":"Home","item":"https:\/\/www.nordex-online.com\/es\/"},{"@type":"ListItem","position":2,"name":"NUEVA ALIANZA MUNDIAL PARA LA ENERG\u00cdA SOSTENIBLE: UNA ACTUACI\u00d3N COLECTIVA HACIA LA SOSTENIBILIDAD TOTAL DE LAS ENERG\u00cdAS RENOVABLES"}]},{"@type":"WebSite","@id":"https:\/\/www.nordex-online.com\/es\/#website","url":"https:\/\/www.nordex-online.com\/es\/","name":"Nordex SE - Espa\u00f1ol","description":"Manufacture, installation and maintenance of wind turbines.","publisher":{"@id":"https:\/\/www.nordex-online.com\/es\/#organization"},"potentialAction":[{"@type":"SearchAction","target":{"@type":"EntryPoint","urlTemplate":"https:\/\/www.nordex-online.com\/es\/?s={search_term_string}"},"query-input":{"@type":"PropertyValueSpecification","valueRequired":true,"valueName":"search_term_string"}}],"inLanguage":"es"},{"@type":"Organization","@id":"https:\/\/www.nordex-online.com\/es\/#organization","name":"Nordex SE - Espa\u00f1ol","url":"https:\/\/www.nordex-online.com\/es\/","logo":{"@type":"ImageObject","inLanguage":"es","@id":"https:\/\/www.nordex-online.com\/es\/#\/schema\/logo\/image\/","url":"https:\/\/www.nordex-online.com\/wp-content\/uploads\/sites\/4\/2024\/07\/cropped-cropped-Combined-Logos_cmyk_PNG.png","contentUrl":"https:\/\/www.nordex-online.com\/wp-content\/uploads\/sites\/4\/2024\/07\/cropped-cropped-Combined-Logos_cmyk_PNG.png","width":1181,"height":353,"caption":"Nordex SE - Espa\u00f1ol"},"image":{"@id":"https:\/\/www.nordex-online.com\/es\/#\/schema\/logo\/image\/"}},{"@type":"Person","@id":"https:\/\/www.nordex-online.com\/es\/#\/schema\/person\/c4337f60eb01413422bc1da80e01eefa","name":"Lueske, Annkathrin","image":{"@type":"ImageObject","inLanguage":"es","@id":"https:\/\/secure.gravatar.com\/avatar\/5f437cb50a62dc548338e5f2f7cdc9d3081c5843b1d3b99dd10c7595c4217fa4?s=96&d=mm&r=g","url":"https:\/\/secure.gravatar.com\/avatar\/5f437cb50a62dc548338e5f2f7cdc9d3081c5843b1d3b99dd10c7595c4217fa4?s=96&d=mm&r=g","contentUrl":"https:\/\/secure.gravatar.com\/avatar\/5f437cb50a62dc548338e5f2f7cdc9d3081c5843b1d3b99dd10c7595c4217fa4?s=96&d=mm&r=g","caption":"Lueske, Annkathrin"},"url":"https:\/\/www.nordex-online.com\/es\/author\/alueske\/"}]}},"_links":{"self":[{"href":"https:\/\/www.nordex-online.com\/es\/wp-json\/wp\/v2\/posts\/4857","targetHints":{"allow":["GET"]}}],"collection":[{"href":"https:\/\/www.nordex-online.com\/es\/wp-json\/wp\/v2\/posts"}],"about":[{"href":"https:\/\/www.nordex-online.com\/es\/wp-json\/wp\/v2\/types\/post"}],"author":[{"embeddable":true,"href":"https:\/\/www.nordex-online.com\/es\/wp-json\/wp\/v2\/users\/6"}],"replies":[{"embeddable":true,"href":"https:\/\/www.nordex-online.com\/es\/wp-json\/wp\/v2\/comments?post=4857"}],"version-history":[{"count":1,"href":"https:\/\/www.nordex-online.com\/es\/wp-json\/wp\/v2\/posts\/4857\/revisions"}],"predecessor-version":[{"id":4859,"href":"https:\/\/www.nordex-online.com\/es\/wp-json\/wp\/v2\/posts\/4857\/revisions\/4859"}],"wp:featuredmedia":[{"embeddable":true,"href":"https:\/\/www.nordex-online.com\/es\/wp-json\/wp\/v2\/media\/4865"}],"wp:attachment":[{"href":"https:\/\/www.nordex-online.com\/es\/wp-json\/wp\/v2\/media?parent=4857"}],"wp:term":[{"taxonomy":"category","embeddable":true,"href":"https:\/\/www.nordex-online.com\/es\/wp-json\/wp\/v2\/categories?post=4857"},{"taxonomy":"post_tag","embeddable":true,"href":"https:\/\/www.nordex-online.com\/es\/wp-json\/wp\/v2\/tags?post=4857"}],"curies":[{"name":"wp","href":"https:\/\/api.w.org\/{rel}","templated":true}]}}