{"id":37418,"date":"2026-01-23T14:34:04","date_gmt":"2026-01-23T14:34:04","guid":{"rendered":"https:\/\/www.nordex-online.com\/es\/?p=37418"},"modified":"2026-01-23T14:34:04","modified_gmt":"2026-01-23T14:34:04","slug":"nordex-group-con-ceo-jose-luis-blanco-en-el-foro-economico-mundial-en-davos","status":"publish","type":"post","link":"https:\/\/www.nordex-online.com\/es\/2026\/01\/nordex-group-con-ceo-jose-luis-blanco-en-el-foro-economico-mundial-en-davos\/","title":{"rendered":"Nordex Group con CEO Jos\u00e9 Luis Blanco en el Foro Econ\u00f3mico Mundial en Davos"},"content":{"rendered":"\n<p>Del 19 al 23 de enero de 2026, la reuni\u00f3n anual del World Economic Forum volvi\u00f3 a convertir a Davos, Suiza, en el punto focal pol\u00edtico y econ\u00f3mico del mundo. Jefes de Estado y de gobierno, CEOs de las mayores empresas y las ONG m\u00e1s influyentes se re\u00fanen en m\u00e1s de 200 sesiones para debatir los desaf\u00edos y oportunidades m\u00e1s urgentes que configuran el desarrollo econ\u00f3mico y social global.<br>Entre los aproximadamente 2.500 participantes se encuentra el CEO del Nordex Group, Jos\u00e9 Luis Blanco, quien asiste a numerosos debates, paneles y reuniones con clientes y representantes empresariales.<br>Una parte tradicional del Foro Econ\u00f3mico Mundial es tambi\u00e9n la publicaci\u00f3n del prestigioso ranking de las 100 empresas m\u00e1s sostenibles: el Corporate Knight Global 100 eval\u00faa diversos indicadores de desempe\u00f1o en sostenibilidad corporative. Estamos orgullosos de que Nordex haya ocupado el puesto 25 a nivel mundial, un s\u00f3lido testimonio del compromiso y el impacto de nuestro equipo de Sostenibilidad y de los colegas de todos los departamentos que impulsan la sostenibilidad cada d\u00eda.<\/p>\n\n\n\n<p><\/p>\n\n\n\n<p class=\"has-small-font-size\">Fuente de la imagen \u00abAnnual Meeting 2026\u00bb: World Economic Forum<\/p>\n","protected":false},"excerpt":{"rendered":"<p>Del 19 al 23 de enero de 2026, la reuni\u00f3n anual del World Economic Forum volvi\u00f3 a convertir a Davos, Suiza, en el punto focal pol\u00edtico y econ\u00f3mico del mundo. Jefes de Estado y de gobierno, CEOs de las mayores empresas y las ONG m\u00e1s influyentes se re\u00fanen en m\u00e1s de 200 sesiones para debatir [&hellip;]<\/p>\n","protected":false},"author":6,"featured_media":37419,"comment_status":"closed","ping_status":"closed","sticky":false,"template":"","format":"standard","meta":{"_trash_the_other_posts":false,"editor_notices":[],"footnotes":""},"categories":[1089],"tags":[],"class_list":["post-37418","post","type-post","status-publish","format-standard","has-post-thumbnail","hentry","category-company-news"],"yoast_head":"<!-- This site is optimized with the Yoast SEO Premium plugin v27.3 (Yoast SEO v27.3) - https:\/\/yoast.com\/product\/yoast-seo-premium-wordpress\/ -->\n<title>Nordex Group con CEO Jos\u00e9 Luis Blanco en el Foro Econ\u00f3mico Mundial en Davos - Nordex SE - Espa\u00f1ol<\/title>\n<meta name=\"robots\" content=\"index, follow, max-snippet:-1, max-image-preview:large, max-video-preview:-1\" \/>\n<link rel=\"canonical\" href=\"https:\/\/www.nordex-online.com\/es\/2026\/01\/nordex-group-con-ceo-jose-luis-blanco-en-el-foro-economico-mundial-en-davos\/\" \/>\n<meta property=\"og:locale\" content=\"es_ES\" \/>\n<meta property=\"og:type\" content=\"article\" \/>\n<meta property=\"og:title\" content=\"Nordex Group con CEO Jos\u00e9 Luis Blanco en el Foro Econ\u00f3mico Mundial en Davos\" \/>\n<meta property=\"og:description\" content=\"Del 19 al 23 de enero de 2026, la reuni\u00f3n anual del World Economic Forum volvi\u00f3 a convertir a Davos, Suiza, en el punto focal pol\u00edtico y econ\u00f3mico del mundo. Jefes de Estado y de gobierno, CEOs de las mayores empresas y las ONG m\u00e1s influyentes se re\u00fanen en m\u00e1s de 200 sesiones para debatir [&hellip;]\" \/>\n<meta property=\"og:url\" content=\"https:\/\/www.nordex-online.com\/es\/2026\/01\/nordex-group-con-ceo-jose-luis-blanco-en-el-foro-economico-mundial-en-davos\/\" \/>\n<meta property=\"og:site_name\" content=\"Nordex SE - Espa\u00f1ol\" \/>\n<meta property=\"article:published_time\" content=\"2026-01-23T14:34:04+00:00\" \/>\n<meta property=\"og:image\" content=\"https:\/\/www.nordex-online.com\/wp-content\/uploads\/sites\/4\/2026\/01\/30.png\" \/>\n\t<meta property=\"og:image:width\" content=\"930\" \/>\n\t<meta property=\"og:image:height\" content=\"482\" \/>\n\t<meta property=\"og:image:type\" content=\"image\/png\" \/>\n<meta name=\"author\" content=\"Lueske, Annkathrin\" \/>\n<meta name=\"twitter:card\" content=\"summary_large_image\" \/>\n<meta name=\"twitter:label1\" content=\"Escrito por\" \/>\n\t<meta name=\"twitter:data1\" content=\"Lueske, Annkathrin\" \/>\n\t<meta name=\"twitter:label2\" content=\"Tiempo de lectura\" \/>\n\t<meta name=\"twitter:data2\" content=\"2 minutos\" \/>\n<script type=\"application\/ld+json\" class=\"yoast-schema-graph\">{\"@context\":\"https:\\\/\\\/schema.org\",\"@graph\":[{\"@type\":\"Article\",\"@id\":\"https:\\\/\\\/www.nordex-online.com\\\/es\\\/2026\\\/01\\\/nordex-group-con-ceo-jose-luis-blanco-en-el-foro-economico-mundial-en-davos\\\/#article\",\"isPartOf\":{\"@id\":\"https:\\\/\\\/www.nordex-online.com\\\/es\\\/2026\\\/01\\\/nordex-group-con-ceo-jose-luis-blanco-en-el-foro-economico-mundial-en-davos\\\/\"},\"author\":{\"name\":\"Lueske, Annkathrin\",\"@id\":\"https:\\\/\\\/www.nordex-online.com\\\/es\\\/#\\\/schema\\\/person\\\/c4337f60eb01413422bc1da80e01eefa\"},\"headline\":\"Nordex Group con CEO Jos\u00e9 Luis Blanco en el Foro Econ\u00f3mico Mundial en Davos\",\"datePublished\":\"2026-01-23T14:34:04+00:00\",\"mainEntityOfPage\":{\"@id\":\"https:\\\/\\\/www.nordex-online.com\\\/es\\\/2026\\\/01\\\/nordex-group-con-ceo-jose-luis-blanco-en-el-foro-economico-mundial-en-davos\\\/\"},\"wordCount\":203,\"publisher\":{\"@id\":\"https:\\\/\\\/www.nordex-online.com\\\/es\\\/#organization\"},\"image\":{\"@id\":\"https:\\\/\\\/www.nordex-online.com\\\/es\\\/2026\\\/01\\\/nordex-group-con-ceo-jose-luis-blanco-en-el-foro-economico-mundial-en-davos\\\/#primaryimage\"},\"thumbnailUrl\":\"https:\\\/\\\/www.nordex-online.com\\\/wp-content\\\/uploads\\\/sites\\\/4\\\/2026\\\/01\\\/30.png\",\"articleSection\":[\"Noticias de empresa\"],\"inLanguage\":\"es\"},{\"@type\":\"WebPage\",\"@id\":\"https:\\\/\\\/www.nordex-online.com\\\/es\\\/2026\\\/01\\\/nordex-group-con-ceo-jose-luis-blanco-en-el-foro-economico-mundial-en-davos\\\/\",\"url\":\"https:\\\/\\\/www.nordex-online.com\\\/es\\\/2026\\\/01\\\/nordex-group-con-ceo-jose-luis-blanco-en-el-foro-economico-mundial-en-davos\\\/\",\"name\":\"Nordex Group con CEO Jos\u00e9 Luis Blanco en el Foro Econ\u00f3mico Mundial en Davos - Nordex SE - Espa\u00f1ol\",\"isPartOf\":{\"@id\":\"https:\\\/\\\/www.nordex-online.com\\\/es\\\/#website\"},\"primaryImageOfPage\":{\"@id\":\"https:\\\/\\\/www.nordex-online.com\\\/es\\\/2026\\\/01\\\/nordex-group-con-ceo-jose-luis-blanco-en-el-foro-economico-mundial-en-davos\\\/#primaryimage\"},\"image\":{\"@id\":\"https:\\\/\\\/www.nordex-online.com\\\/es\\\/2026\\\/01\\\/nordex-group-con-ceo-jose-luis-blanco-en-el-foro-economico-mundial-en-davos\\\/#primaryimage\"},\"thumbnailUrl\":\"https:\\\/\\\/www.nordex-online.com\\\/wp-content\\\/uploads\\\/sites\\\/4\\\/2026\\\/01\\\/30.png\",\"datePublished\":\"2026-01-23T14:34:04+00:00\",\"breadcrumb\":{\"@id\":\"https:\\\/\\\/www.nordex-online.com\\\/es\\\/2026\\\/01\\\/nordex-group-con-ceo-jose-luis-blanco-en-el-foro-economico-mundial-en-davos\\\/#breadcrumb\"},\"inLanguage\":\"es\",\"potentialAction\":[{\"@type\":\"ReadAction\",\"target\":[\"https:\\\/\\\/www.nordex-online.com\\\/es\\\/2026\\\/01\\\/nordex-group-con-ceo-jose-luis-blanco-en-el-foro-economico-mundial-en-davos\\\/\"]}]},{\"@type\":\"ImageObject\",\"inLanguage\":\"es\",\"@id\":\"https:\\\/\\\/www.nordex-online.com\\\/es\\\/2026\\\/01\\\/nordex-group-con-ceo-jose-luis-blanco-en-el-foro-economico-mundial-en-davos\\\/#primaryimage\",\"url\":\"https:\\\/\\\/www.nordex-online.com\\\/wp-content\\\/uploads\\\/sites\\\/4\\\/2026\\\/01\\\/30.png\",\"contentUrl\":\"https:\\\/\\\/www.nordex-online.com\\\/wp-content\\\/uploads\\\/sites\\\/4\\\/2026\\\/01\\\/30.png\",\"width\":930,\"height\":482},{\"@type\":\"BreadcrumbList\",\"@id\":\"https:\\\/\\\/www.nordex-online.com\\\/es\\\/2026\\\/01\\\/nordex-group-con-ceo-jose-luis-blanco-en-el-foro-economico-mundial-en-davos\\\/#breadcrumb\",\"itemListElement\":[{\"@type\":\"ListItem\",\"position\":1,\"name\":\"Home\",\"item\":\"https:\\\/\\\/www.nordex-online.com\\\/es\\\/\"},{\"@type\":\"ListItem\",\"position\":2,\"name\":\"Nordex Group con CEO Jos\u00e9 Luis Blanco en el Foro Econ\u00f3mico Mundial en Davos\"}]},{\"@type\":\"WebSite\",\"@id\":\"https:\\\/\\\/www.nordex-online.com\\\/es\\\/#website\",\"url\":\"https:\\\/\\\/www.nordex-online.com\\\/es\\\/\",\"name\":\"Nordex SE - Espa\u00f1ol\",\"description\":\"Manufacture, installation and maintenance of wind turbines.\",\"publisher\":{\"@id\":\"https:\\\/\\\/www.nordex-online.com\\\/es\\\/#organization\"},\"potentialAction\":[{\"@type\":\"SearchAction\",\"target\":{\"@type\":\"EntryPoint\",\"urlTemplate\":\"https:\\\/\\\/www.nordex-online.com\\\/es\\\/?s={search_term_string}\"},\"query-input\":{\"@type\":\"PropertyValueSpecification\",\"valueRequired\":true,\"valueName\":\"search_term_string\"}}],\"inLanguage\":\"es\"},{\"@type\":\"Organization\",\"@id\":\"https:\\\/\\\/www.nordex-online.com\\\/es\\\/#organization\",\"name\":\"Nordex SE - Espa\u00f1ol\",\"url\":\"https:\\\/\\\/www.nordex-online.com\\\/es\\\/\",\"logo\":{\"@type\":\"ImageObject\",\"inLanguage\":\"es\",\"@id\":\"https:\\\/\\\/www.nordex-online.com\\\/es\\\/#\\\/schema\\\/logo\\\/image\\\/\",\"url\":\"https:\\\/\\\/www.nordex-online.com\\\/wp-content\\\/uploads\\\/sites\\\/4\\\/2024\\\/07\\\/cropped-cropped-Combined-Logos_cmyk_PNG.png\",\"contentUrl\":\"https:\\\/\\\/www.nordex-online.com\\\/wp-content\\\/uploads\\\/sites\\\/4\\\/2024\\\/07\\\/cropped-cropped-Combined-Logos_cmyk_PNG.png\",\"width\":1181,\"height\":353,\"caption\":\"Nordex SE - Espa\u00f1ol\"},\"image\":{\"@id\":\"https:\\\/\\\/www.nordex-online.com\\\/es\\\/#\\\/schema\\\/logo\\\/image\\\/\"}},{\"@type\":\"Person\",\"@id\":\"https:\\\/\\\/www.nordex-online.com\\\/es\\\/#\\\/schema\\\/person\\\/c4337f60eb01413422bc1da80e01eefa\",\"name\":\"Lueske, Annkathrin\",\"image\":{\"@type\":\"ImageObject\",\"inLanguage\":\"es\",\"@id\":\"https:\\\/\\\/secure.gravatar.com\\\/avatar\\\/5f437cb50a62dc548338e5f2f7cdc9d3081c5843b1d3b99dd10c7595c4217fa4?s=96&d=mm&r=g\",\"url\":\"https:\\\/\\\/secure.gravatar.com\\\/avatar\\\/5f437cb50a62dc548338e5f2f7cdc9d3081c5843b1d3b99dd10c7595c4217fa4?s=96&d=mm&r=g\",\"contentUrl\":\"https:\\\/\\\/secure.gravatar.com\\\/avatar\\\/5f437cb50a62dc548338e5f2f7cdc9d3081c5843b1d3b99dd10c7595c4217fa4?s=96&d=mm&r=g\",\"caption\":\"Lueske, Annkathrin\"},\"url\":\"https:\\\/\\\/www.nordex-online.com\\\/es\\\/author\\\/alueske\\\/\"}]}<\/script>\n<!-- \/ Yoast SEO Premium plugin. -->","yoast_head_json":{"title":"Nordex Group con CEO Jos\u00e9 Luis Blanco en el Foro Econ\u00f3mico Mundial en Davos - Nordex SE - Espa\u00f1ol","robots":{"index":"index","follow":"follow","max-snippet":"max-snippet:-1","max-image-preview":"max-image-preview:large","max-video-preview":"max-video-preview:-1"},"canonical":"https:\/\/www.nordex-online.com\/es\/2026\/01\/nordex-group-con-ceo-jose-luis-blanco-en-el-foro-economico-mundial-en-davos\/","og_locale":"es_ES","og_type":"article","og_title":"Nordex Group con CEO Jos\u00e9 Luis Blanco en el Foro Econ\u00f3mico Mundial en Davos","og_description":"Del 19 al 23 de enero de 2026, la reuni\u00f3n anual del World Economic Forum volvi\u00f3 a convertir a Davos, Suiza, en el punto focal pol\u00edtico y econ\u00f3mico del mundo. Jefes de Estado y de gobierno, CEOs de las mayores empresas y las ONG m\u00e1s influyentes se re\u00fanen en m\u00e1s de 200 sesiones para debatir [&hellip;]","og_url":"https:\/\/www.nordex-online.com\/es\/2026\/01\/nordex-group-con-ceo-jose-luis-blanco-en-el-foro-economico-mundial-en-davos\/","og_site_name":"Nordex SE - Espa\u00f1ol","article_published_time":"2026-01-23T14:34:04+00:00","og_image":[{"width":930,"height":482,"url":"https:\/\/www.nordex-online.com\/wp-content\/uploads\/sites\/4\/2026\/01\/30.png","type":"image\/png"}],"author":"Lueske, Annkathrin","twitter_card":"summary_large_image","twitter_misc":{"Escrito por":"Lueske, Annkathrin","Tiempo de lectura":"2 minutos"},"schema":{"@context":"https:\/\/schema.org","@graph":[{"@type":"Article","@id":"https:\/\/www.nordex-online.com\/es\/2026\/01\/nordex-group-con-ceo-jose-luis-blanco-en-el-foro-economico-mundial-en-davos\/#article","isPartOf":{"@id":"https:\/\/www.nordex-online.com\/es\/2026\/01\/nordex-group-con-ceo-jose-luis-blanco-en-el-foro-economico-mundial-en-davos\/"},"author":{"name":"Lueske, Annkathrin","@id":"https:\/\/www.nordex-online.com\/es\/#\/schema\/person\/c4337f60eb01413422bc1da80e01eefa"},"headline":"Nordex Group con CEO Jos\u00e9 Luis Blanco en el Foro Econ\u00f3mico Mundial en Davos","datePublished":"2026-01-23T14:34:04+00:00","mainEntityOfPage":{"@id":"https:\/\/www.nordex-online.com\/es\/2026\/01\/nordex-group-con-ceo-jose-luis-blanco-en-el-foro-economico-mundial-en-davos\/"},"wordCount":203,"publisher":{"@id":"https:\/\/www.nordex-online.com\/es\/#organization"},"image":{"@id":"https:\/\/www.nordex-online.com\/es\/2026\/01\/nordex-group-con-ceo-jose-luis-blanco-en-el-foro-economico-mundial-en-davos\/#primaryimage"},"thumbnailUrl":"https:\/\/www.nordex-online.com\/wp-content\/uploads\/sites\/4\/2026\/01\/30.png","articleSection":["Noticias de empresa"],"inLanguage":"es"},{"@type":"WebPage","@id":"https:\/\/www.nordex-online.com\/es\/2026\/01\/nordex-group-con-ceo-jose-luis-blanco-en-el-foro-economico-mundial-en-davos\/","url":"https:\/\/www.nordex-online.com\/es\/2026\/01\/nordex-group-con-ceo-jose-luis-blanco-en-el-foro-economico-mundial-en-davos\/","name":"Nordex Group con CEO Jos\u00e9 Luis Blanco en el Foro Econ\u00f3mico Mundial en Davos - Nordex SE - Espa\u00f1ol","isPartOf":{"@id":"https:\/\/www.nordex-online.com\/es\/#website"},"primaryImageOfPage":{"@id":"https:\/\/www.nordex-online.com\/es\/2026\/01\/nordex-group-con-ceo-jose-luis-blanco-en-el-foro-economico-mundial-en-davos\/#primaryimage"},"image":{"@id":"https:\/\/www.nordex-online.com\/es\/2026\/01\/nordex-group-con-ceo-jose-luis-blanco-en-el-foro-economico-mundial-en-davos\/#primaryimage"},"thumbnailUrl":"https:\/\/www.nordex-online.com\/wp-content\/uploads\/sites\/4\/2026\/01\/30.png","datePublished":"2026-01-23T14:34:04+00:00","breadcrumb":{"@id":"https:\/\/www.nordex-online.com\/es\/2026\/01\/nordex-group-con-ceo-jose-luis-blanco-en-el-foro-economico-mundial-en-davos\/#breadcrumb"},"inLanguage":"es","potentialAction":[{"@type":"ReadAction","target":["https:\/\/www.nordex-online.com\/es\/2026\/01\/nordex-group-con-ceo-jose-luis-blanco-en-el-foro-economico-mundial-en-davos\/"]}]},{"@type":"ImageObject","inLanguage":"es","@id":"https:\/\/www.nordex-online.com\/es\/2026\/01\/nordex-group-con-ceo-jose-luis-blanco-en-el-foro-economico-mundial-en-davos\/#primaryimage","url":"https:\/\/www.nordex-online.com\/wp-content\/uploads\/sites\/4\/2026\/01\/30.png","contentUrl":"https:\/\/www.nordex-online.com\/wp-content\/uploads\/sites\/4\/2026\/01\/30.png","width":930,"height":482},{"@type":"BreadcrumbList","@id":"https:\/\/www.nordex-online.com\/es\/2026\/01\/nordex-group-con-ceo-jose-luis-blanco-en-el-foro-economico-mundial-en-davos\/#breadcrumb","itemListElement":[{"@type":"ListItem","position":1,"name":"Home","item":"https:\/\/www.nordex-online.com\/es\/"},{"@type":"ListItem","position":2,"name":"Nordex Group con CEO Jos\u00e9 Luis Blanco en el Foro Econ\u00f3mico Mundial en Davos"}]},{"@type":"WebSite","@id":"https:\/\/www.nordex-online.com\/es\/#website","url":"https:\/\/www.nordex-online.com\/es\/","name":"Nordex SE - Espa\u00f1ol","description":"Manufacture, installation and maintenance of wind turbines.","publisher":{"@id":"https:\/\/www.nordex-online.com\/es\/#organization"},"potentialAction":[{"@type":"SearchAction","target":{"@type":"EntryPoint","urlTemplate":"https:\/\/www.nordex-online.com\/es\/?s={search_term_string}"},"query-input":{"@type":"PropertyValueSpecification","valueRequired":true,"valueName":"search_term_string"}}],"inLanguage":"es"},{"@type":"Organization","@id":"https:\/\/www.nordex-online.com\/es\/#organization","name":"Nordex SE - Espa\u00f1ol","url":"https:\/\/www.nordex-online.com\/es\/","logo":{"@type":"ImageObject","inLanguage":"es","@id":"https:\/\/www.nordex-online.com\/es\/#\/schema\/logo\/image\/","url":"https:\/\/www.nordex-online.com\/wp-content\/uploads\/sites\/4\/2024\/07\/cropped-cropped-Combined-Logos_cmyk_PNG.png","contentUrl":"https:\/\/www.nordex-online.com\/wp-content\/uploads\/sites\/4\/2024\/07\/cropped-cropped-Combined-Logos_cmyk_PNG.png","width":1181,"height":353,"caption":"Nordex SE - Espa\u00f1ol"},"image":{"@id":"https:\/\/www.nordex-online.com\/es\/#\/schema\/logo\/image\/"}},{"@type":"Person","@id":"https:\/\/www.nordex-online.com\/es\/#\/schema\/person\/c4337f60eb01413422bc1da80e01eefa","name":"Lueske, Annkathrin","image":{"@type":"ImageObject","inLanguage":"es","@id":"https:\/\/secure.gravatar.com\/avatar\/5f437cb50a62dc548338e5f2f7cdc9d3081c5843b1d3b99dd10c7595c4217fa4?s=96&d=mm&r=g","url":"https:\/\/secure.gravatar.com\/avatar\/5f437cb50a62dc548338e5f2f7cdc9d3081c5843b1d3b99dd10c7595c4217fa4?s=96&d=mm&r=g","contentUrl":"https:\/\/secure.gravatar.com\/avatar\/5f437cb50a62dc548338e5f2f7cdc9d3081c5843b1d3b99dd10c7595c4217fa4?s=96&d=mm&r=g","caption":"Lueske, Annkathrin"},"url":"https:\/\/www.nordex-online.com\/es\/author\/alueske\/"}]}},"_links":{"self":[{"href":"https:\/\/www.nordex-online.com\/es\/wp-json\/wp\/v2\/posts\/37418","targetHints":{"allow":["GET"]}}],"collection":[{"href":"https:\/\/www.nordex-online.com\/es\/wp-json\/wp\/v2\/posts"}],"about":[{"href":"https:\/\/www.nordex-online.com\/es\/wp-json\/wp\/v2\/types\/post"}],"author":[{"embeddable":true,"href":"https:\/\/www.nordex-online.com\/es\/wp-json\/wp\/v2\/users\/6"}],"replies":[{"embeddable":true,"href":"https:\/\/www.nordex-online.com\/es\/wp-json\/wp\/v2\/comments?post=37418"}],"version-history":[{"count":1,"href":"https:\/\/www.nordex-online.com\/es\/wp-json\/wp\/v2\/posts\/37418\/revisions"}],"predecessor-version":[{"id":37420,"href":"https:\/\/www.nordex-online.com\/es\/wp-json\/wp\/v2\/posts\/37418\/revisions\/37420"}],"wp:featuredmedia":[{"embeddable":true,"href":"https:\/\/www.nordex-online.com\/es\/wp-json\/wp\/v2\/media\/37419"}],"wp:attachment":[{"href":"https:\/\/www.nordex-online.com\/es\/wp-json\/wp\/v2\/media?parent=37418"}],"wp:term":[{"taxonomy":"category","embeddable":true,"href":"https:\/\/www.nordex-online.com\/es\/wp-json\/wp\/v2\/categories?post=37418"},{"taxonomy":"post_tag","embeddable":true,"href":"https:\/\/www.nordex-online.com\/es\/wp-json\/wp\/v2\/tags?post=37418"}],"curies":[{"name":"wp","href":"https:\/\/api.w.org\/{rel}","templated":true}]}}