{"id":35687,"date":"2025-03-27T07:59:20","date_gmt":"2025-03-27T07:59:20","guid":{"rendered":"https:\/\/www.nordex-online.com\/es\/?p=35687"},"modified":"2025-03-27T07:59:21","modified_gmt":"2025-03-27T07:59:21","slug":"boletin-de-aniversario-n-3-pensar-a-lo-grande-el-tamano-importa","status":"publish","type":"post","link":"https:\/\/www.nordex-online.com\/es\/2025\/03\/boletin-de-aniversario-n-3-pensar-a-lo-grande-el-tamano-importa\/","title":{"rendered":"Bolet\u00edn de Aniversario n.\u00b0 3: \u201cPensar a lo grande &#8211; el tama\u00f1o importa\u201d"},"content":{"rendered":"\n<p>Con el n\u00ba 3 del Bolet\u00edn de Aniversario, hoy miramos hacia atr\u00e1s a una d\u00e9cada que se convertir\u00eda en formativa para la industria actual: los apasionantes a\u00f1os 90.<\/p>\n\n\n\n<p>\u201cPensar a lo grande\u201d y \u201cel tama\u00f1o importa\u201d, \u201cthinking big\u201d \u2013 \u201csize matters\u201d, eran los conceptos que impulsaban la industria e\u00f3lica en los a\u00f1os 90, y Nordex no fue una excepci\u00f3n. El sector e\u00f3lico comenzaba a experimentar un auge y, para el creciente n\u00famero de empleados de Nordex, apenas hab\u00eda tiempo para tomarse un respiro: la fabricaci\u00f3n de turbinas y el desarrollo tecnol\u00f3gico cobraban impulso, con un r\u00e1pido aumento de tanto la capacidad como las dimensiones. En esa d\u00e9cada, la empresa se expandi\u00f3 a Alemania, donde hoy se encuentran las oficinas principales de Nordex Group. Estableci\u00f3 una nueva planta de producci\u00f3n m\u00e1s grande, que sigue siendo un pilar clave de la huella de producci\u00f3n global de Nordex Group. Con Nordex a la cabeza, el sector entr\u00f3 en la era de los aerogeneradores de megavatios. Poco despu\u00e9s de alcanzar ese hito, los ambiciosos ingenieros de Nordex desarrollaron un aerogenerador que duplicaba con creces su producci\u00f3n. Era un aerogenerador que despertaba admiraci\u00f3n, como se ver\u00e1 a continuaci\u00f3n.<\/p>\n\n\n\n<p>En 1994, la empresa danesa Nordex inici\u00f3 su primera producci\u00f3n de nacelles fuera de Dinamarca, en la localidad de Rerik, junto al mar B\u00e1ltico, en Alemania. La \u201ctraves\u00eda\u201d a Alemania tuvo lugar nueve a\u00f1os despu\u00e9s de la creaci\u00f3n de la empresa. S\u00f3lo cinco a\u00f1os despu\u00e9s, la planta de Rerik se hab\u00eda quedado peque\u00f1a. Con una cartera de pedidos a rebosar, Nordex busc\u00f3 una nueva ubicaci\u00f3n para seguir creciendo. Frente a la rigidez de las ciudades portuarias de Alemania Occidental, Rostock ofrec\u00eda condiciones muy prometedoras. En 1999, Nordex inici\u00f3 el montaje de nacelles en una antigua f\u00e1brica de motores di\u00e9sel (DMR) de Rostock y multiplic\u00f3 por veinte su superficie de producci\u00f3n. Pensando a lo grande &#8211; \u201cthinking big\u201d.<\/p>\n\n\n\n<div class=\"wp-block-columns is-layout-flex wp-container-core-columns-is-layout-28f84493 wp-block-columns-is-layout-flex\">\n<div class=\"wp-block-column is-layout-flow wp-block-column-is-layout-flow\" style=\"flex-basis:60%\">\n<figure class=\"wp-block-video\"><video autoplay loop src=\"https:\/\/www.nordex-online.com\/wp-content\/uploads\/sites\/2\/2025\/03\/Picture-Slider-Video-DMR_resized.mp4\"><\/video><\/figure>\n<\/div>\n\n\n\n<div class=\"wp-block-column is-layout-flow wp-block-column-is-layout-flow\" style=\"flex-basis:40%\"><\/div>\n\n\n\n<div class=\"wp-block-column is-layout-flow wp-block-column-is-layout-flow\" style=\"flex-basis:0%\"><\/div>\n<\/div>\n\n\n\n<p>Si nos fijamos en el desarrollo de los aerogeneradores de aquellos a\u00f1os, ya en 1995 Nordex entr\u00f3 en la clase de 1 MW con el primer generador de dicha potencia fabricado en serie del mundo, el N52, fabricado en Alemania. Pero esta no fue la \u00fanica novedad de los a\u00f1os 90, cuando el \u201ctama\u00f1o importa\u201d -\u201csize matters\u201d era el lema principal.<\/p>\n\n\n\n<p>A finales de la d\u00e9cada, en la feria e\u00f3lica de Husum de 1999 en Alemania, Nordex volvi\u00f3 a presentar la turbina m\u00e1s potente del mundo en aquel momento, un modelo de 2,5 MW, el primer aerogenerador multimegavatio: el N80\/2500. Hab\u00eda nacido la Generaci\u00f3n Alfa.<\/p>\n\n\n\n<figure class=\"wp-block-image size-large is-resized\"><img decoding=\"async\" src=\"https:\/\/www.nordex-online.com\/wp-content\/uploads\/sites\/2\/2025\/03\/Bild-teamnordex-Husum-1024x596.png\" alt=\"\" class=\"wp-image-49980\" style=\"width:700px\" \/><figcaption class=\"wp-element-caption\">Teamnordex presenta el N80 en la Husumwind de 1999<\/figcaption><\/figure>\n\n\n\n<div style=\"height:100px\" aria-hidden=\"true\" class=\"wp-block-spacer\"><\/div>\n\n\n\n<div class=\"wp-block-nordex-image-text is-style-large-text nordex-image-text wp-block-columns wp-block-nordex-columns has-2-columns\"><div class=\"nordex-image-text__left wp-block-column wp-block-nordex-column\">\n<figure class=\"wp-block-image size-full is-style-rounded\"><img decoding=\"async\" src=\"https:\/\/www.nordex-online.com\/wp-content\/uploads\/sites\/2\/2025\/03\/Bild-Michael-Franke-1.jpg\" alt=\"\" class=\"wp-image-49985\" style=\"object-fit:cover\" \/><\/figure>\n<\/div><div class=\"nordex-image-text__right wp-block-column wp-block-nordex-column\"><div class=\"nordex-image-text__container\"><h2><\/h2><p class=\"nordex-image-text__subtitle\" style=\"color:#0e5783\"><\/p><p class=\"nordex-image-text__content\">\u201cCuando empezamos a desarrollar el N80 con una potencia nominal de 2,5 MW en 1998, pusimos el list\u00f3n muy alto desde el principio. En aquella \u00e9poca, semejante tama\u00f1o de aerogenerador era inaudito. Los modelos m\u00e1s grandes del mercado ten\u00edan una potencia nominal m\u00e1xima de s\u00f3lo 1,5 MW\u201d, recuerda Michael Franke, por aquel entonces empleado n\u00famero 13 de Nordex y hoy Vice President Global Engineering de Nordex Group. \u201cSin embargo, quer\u00edamos entrar en la clase de los multimegavatios con una nueva generaci\u00f3n de turbinas y est\u00e1bamos muy por delante de nuestros competidores. Pero tambi\u00e9n nos enfrent\u00e1bamos a retos, que primero hab\u00eda que dominar\u201d.<\/p><\/div><\/div><\/div>\n\n\n\n<div class=\"wp-block-columns is-layout-flex wp-container-core-columns-is-layout-28f84493 wp-block-columns-is-layout-flex\">\n<div class=\"wp-block-column is-layout-flow wp-block-column-is-layout-flow\" style=\"flex-basis:50%\">\n<figure class=\"wp-block-image size-full\"><img decoding=\"async\" src=\"https:\/\/www.nordex-online.com\/wp-content\/uploads\/sites\/2\/2025\/03\/Bild-collage.jpg\" alt=\"\" class=\"wp-image-50008\" style=\"object-fit:cover\" \/><figcaption class=\"wp-element-caption\">El dise\u00f1o y el aut\u00e9ntico N80\/2500<\/figcaption><\/figure>\n<\/div>\n\n\n\n<div class=\"wp-block-column is-layout-flow wp-block-column-is-layout-flow\" style=\"flex-basis:50%\">\n<figure class=\"wp-block-image size-full\"><img decoding=\"async\" src=\"https:\/\/www.nordex-online.com\/wp-content\/uploads\/sites\/2\/2025\/03\/Bild-Schroeder-edited.jpg\" alt=\"\" class=\"wp-image-50029\" style=\"object-fit:cover\" \/><figcaption class=\"wp-element-caption\">En el centro: El canciller alem\u00e1n Gerhard Schr\u00f6der observa at\u00f3nito c\u00f3mo se pone en marcha el rotor del primer N80. Un aerogenerador que despertaba admiraci\u00f3n.<\/figcaption><\/figure>\n<\/div>\n\n\n\n<div class=\"wp-block-column is-layout-flow wp-block-column-is-layout-flow\" style=\"flex-basis:0%\"><\/div>\n<\/div>\n\n\n\n<p>Un a\u00f1o despu\u00e9s del lanzamiento del N80\/2500 en 1999, se produjo la conexi\u00f3n del prototipo a la red en Grevenbroich, cerca de Neuss (Alemania). A la celebraci\u00f3n de este hito asisti\u00f3 el entonces Canciller alem\u00e1n, Gerhard Schr\u00f6der.<\/p>\n\n\n\n<p>El N80 fue el primer sistema de la Generaci\u00f3n Alfa. Sent\u00f3 las bases del proceso de desarrollo evolutivo de los aerogeneradores Nordex en la gama de varios megavatios, que dio lugar a la Generation Beta, la Generation Gamma, la Generation Delta y la actual Delta4000.<\/p>\n\n\n\n<div class=\"wp-block-nordex-image-text is-style-large-text nordex-image-text wp-block-columns wp-block-nordex-columns has-2-columns\"><div class=\"nordex-image-text__left wp-block-column wp-block-nordex-column\">\n<figure class=\"wp-block-image size-full is-style-rounded\"><img decoding=\"async\" src=\"https:\/\/www.nordex-online.com\/wp-content\/uploads\/sites\/2\/2025\/03\/Bild-Helmut-W.jpg\" alt=\"\" class=\"wp-image-50006\" \/><\/figure>\n<\/div><div class=\"nordex-image-text__right wp-block-column wp-block-nordex-column\"><div class=\"nordex-image-text__container\"><h2><\/h2><p class=\"nordex-image-text__subtitle\" style=\"color:#0e5783\"><\/p><p class=\"nordex-image-text__content\">\u201cTras los aerogeneradores con control de p\u00e9rdida de sustentaci\u00f3n desarrollados a principios de los 90, como el N43 o el N60, el N80 fue nuestro primer aerogenerador con un sistema de paso de pala del rotor. El concepto de tren de potencia, con un generador de inducci\u00f3n de doble alimentaci\u00f3n combinado con un sistema de convertidor parcial, que se implement\u00f3 por primera vez en un aerogenerador \u201cMade by Nordex\u201d, ha constituido desde entonces la base de todas las generaciones posteriores de aerogeneradores Nordex\u201d, afirma Helmut Resing-W\u00f6rmer, que en aquel momento era responsable de la medici\u00f3n y validaci\u00f3n del primer aerogenerador N80 y ahora es Head of Test and Prototype Global Engineering de Nordex Group.<\/p><\/div><\/div><\/div>\n\n\n\n<p>Durante los siguientes a\u00f1os, los aerogeneradores Nordex experimentaron una evoluci\u00f3n tecnol\u00f3gica y de dise\u00f1o que los hizo altamente fiables y eficientes. Una demostraci\u00f3n visible de ello es su enorme aumento de escala, pasando de unos 30 metros de altura de buje a los m\u00e1s de 179 metros de la actualidad. El tiempo no se detuvo, ni tampoco la innovaci\u00f3n, ni nuestras ideas. El ritmo de desarrollo alcanz\u00f3 su punto \u00e1lgido en los a\u00f1os 90, pero \u201cm\u00e1s grande, m\u00e1s alto y m\u00e1s\u201d sigui\u00f3 siendo el mantra en los a\u00f1os siguientes.<\/p>\n\n\n\n<p><\/p>\n\n\n\n<p><\/p>\n","protected":false},"excerpt":{"rendered":"<p>Con el n\u00ba 3 del Bolet\u00edn de Aniversario, hoy miramos hacia atr\u00e1s a una d\u00e9cada que se convertir\u00eda en formativa para la industria actual: los apasionantes a\u00f1os 90. \u201cPensar a lo grande\u201d y \u201cel tama\u00f1o importa\u201d, \u201cthinking big\u201d \u2013 \u201csize matters\u201d, eran los conceptos que impulsaban la industria e\u00f3lica en los a\u00f1os 90, y Nordex [&hellip;]<\/p>\n","protected":false},"author":9,"featured_media":35688,"comment_status":"closed","ping_status":"closed","sticky":false,"template":"","format":"standard","meta":{"_trash_the_other_posts":false,"editor_notices":[],"footnotes":""},"categories":[1744,1092],"tags":[],"class_list":["post-35687","post","type-post","status-publish","format-standard","has-post-thumbnail","hentry","category-40-anos-nordex-group","category-corporate"],"yoast_head":"<!-- This site is optimized with the Yoast SEO Premium plugin v27.3 (Yoast SEO v27.3) - https:\/\/yoast.com\/product\/yoast-seo-premium-wordpress\/ -->\n<title>Bolet\u00edn de Aniversario n.\u00b0 3: \u201cPensar a lo grande - el tama\u00f1o importa\u201d - Nordex SE - Espa\u00f1ol<\/title>\n<meta name=\"robots\" content=\"index, follow, max-snippet:-1, max-image-preview:large, max-video-preview:-1\" \/>\n<link rel=\"canonical\" href=\"https:\/\/www.nordex-online.com\/es\/2025\/03\/boletin-de-aniversario-n-3-pensar-a-lo-grande-el-tamano-importa\/\" \/>\n<meta property=\"og:locale\" content=\"es_ES\" \/>\n<meta property=\"og:type\" content=\"article\" \/>\n<meta property=\"og:title\" content=\"Bolet\u00edn de Aniversario n.\u00b0 3: \u201cPensar a lo grande - el tama\u00f1o importa\u201d\" \/>\n<meta property=\"og:description\" content=\"Con el n\u00ba 3 del Bolet\u00edn de Aniversario, hoy miramos hacia atr\u00e1s a una d\u00e9cada que se convertir\u00eda en formativa para la industria actual: los apasionantes a\u00f1os 90. \u201cPensar a lo grande\u201d y \u201cel tama\u00f1o importa\u201d, \u201cthinking big\u201d \u2013 \u201csize matters\u201d, eran los conceptos que impulsaban la industria e\u00f3lica en los a\u00f1os 90, y Nordex [&hellip;]\" \/>\n<meta property=\"og:url\" content=\"https:\/\/www.nordex-online.com\/es\/2025\/03\/boletin-de-aniversario-n-3-pensar-a-lo-grande-el-tamano-importa\/\" \/>\n<meta property=\"og:site_name\" content=\"Nordex SE - Espa\u00f1ol\" \/>\n<meta property=\"article:published_time\" content=\"2025-03-27T07:59:20+00:00\" \/>\n<meta property=\"article:modified_time\" content=\"2025-03-27T07:59:21+00:00\" \/>\n<meta property=\"og:image\" content=\"https:\/\/www.nordex-online.com\/wp-content\/uploads\/sites\/4\/2025\/03\/Edition-3-ES.jpg\" \/>\n\t<meta property=\"og:image:width\" content=\"386\" \/>\n\t<meta property=\"og:image:height\" content=\"243\" \/>\n\t<meta property=\"og:image:type\" content=\"image\/jpeg\" \/>\n<meta name=\"author\" content=\"Losada, Felix\" \/>\n<meta name=\"twitter:card\" content=\"summary_large_image\" \/>\n<meta name=\"twitter:label1\" content=\"Escrito por\" \/>\n\t<meta name=\"twitter:data1\" content=\"Losada, Felix\" \/>\n\t<meta name=\"twitter:label2\" content=\"Tiempo de lectura\" \/>\n\t<meta name=\"twitter:data2\" content=\"6 minutos\" \/>\n<script type=\"application\/ld+json\" class=\"yoast-schema-graph\">{\"@context\":\"https:\\\/\\\/schema.org\",\"@graph\":[{\"@type\":\"Article\",\"@id\":\"https:\\\/\\\/www.nordex-online.com\\\/es\\\/2025\\\/03\\\/boletin-de-aniversario-n-3-pensar-a-lo-grande-el-tamano-importa\\\/#article\",\"isPartOf\":{\"@id\":\"https:\\\/\\\/www.nordex-online.com\\\/es\\\/2025\\\/03\\\/boletin-de-aniversario-n-3-pensar-a-lo-grande-el-tamano-importa\\\/\"},\"author\":{\"name\":\"Losada, Felix\",\"@id\":\"https:\\\/\\\/www.nordex-online.com\\\/es\\\/#\\\/schema\\\/person\\\/55c351e379afa364550f317a2ed49f88\"},\"headline\":\"Bolet\u00edn de Aniversario n.\u00b0 3: \u201cPensar a lo grande &#8211; el tama\u00f1o importa\u201d\",\"datePublished\":\"2025-03-27T07:59:20+00:00\",\"dateModified\":\"2025-03-27T07:59:21+00:00\",\"mainEntityOfPage\":{\"@id\":\"https:\\\/\\\/www.nordex-online.com\\\/es\\\/2025\\\/03\\\/boletin-de-aniversario-n-3-pensar-a-lo-grande-el-tamano-importa\\\/\"},\"wordCount\":929,\"publisher\":{\"@id\":\"https:\\\/\\\/www.nordex-online.com\\\/es\\\/#organization\"},\"image\":{\"@id\":\"https:\\\/\\\/www.nordex-online.com\\\/es\\\/2025\\\/03\\\/boletin-de-aniversario-n-3-pensar-a-lo-grande-el-tamano-importa\\\/#primaryimage\"},\"thumbnailUrl\":\"https:\\\/\\\/www.nordex-online.com\\\/wp-content\\\/uploads\\\/sites\\\/4\\\/2025\\\/03\\\/Edition-3-ES.jpg\",\"articleSection\":[\"40 a\u00f1os Nordex Group\",\"Corporativo\"],\"inLanguage\":\"es\"},{\"@type\":\"WebPage\",\"@id\":\"https:\\\/\\\/www.nordex-online.com\\\/es\\\/2025\\\/03\\\/boletin-de-aniversario-n-3-pensar-a-lo-grande-el-tamano-importa\\\/\",\"url\":\"https:\\\/\\\/www.nordex-online.com\\\/es\\\/2025\\\/03\\\/boletin-de-aniversario-n-3-pensar-a-lo-grande-el-tamano-importa\\\/\",\"name\":\"Bolet\u00edn de Aniversario n.\u00b0 3: \u201cPensar a lo grande - el tama\u00f1o importa\u201d - Nordex SE - Espa\u00f1ol\",\"isPartOf\":{\"@id\":\"https:\\\/\\\/www.nordex-online.com\\\/es\\\/#website\"},\"primaryImageOfPage\":{\"@id\":\"https:\\\/\\\/www.nordex-online.com\\\/es\\\/2025\\\/03\\\/boletin-de-aniversario-n-3-pensar-a-lo-grande-el-tamano-importa\\\/#primaryimage\"},\"image\":{\"@id\":\"https:\\\/\\\/www.nordex-online.com\\\/es\\\/2025\\\/03\\\/boletin-de-aniversario-n-3-pensar-a-lo-grande-el-tamano-importa\\\/#primaryimage\"},\"thumbnailUrl\":\"https:\\\/\\\/www.nordex-online.com\\\/wp-content\\\/uploads\\\/sites\\\/4\\\/2025\\\/03\\\/Edition-3-ES.jpg\",\"datePublished\":\"2025-03-27T07:59:20+00:00\",\"dateModified\":\"2025-03-27T07:59:21+00:00\",\"breadcrumb\":{\"@id\":\"https:\\\/\\\/www.nordex-online.com\\\/es\\\/2025\\\/03\\\/boletin-de-aniversario-n-3-pensar-a-lo-grande-el-tamano-importa\\\/#breadcrumb\"},\"inLanguage\":\"es\",\"potentialAction\":[{\"@type\":\"ReadAction\",\"target\":[\"https:\\\/\\\/www.nordex-online.com\\\/es\\\/2025\\\/03\\\/boletin-de-aniversario-n-3-pensar-a-lo-grande-el-tamano-importa\\\/\"]}]},{\"@type\":\"ImageObject\",\"inLanguage\":\"es\",\"@id\":\"https:\\\/\\\/www.nordex-online.com\\\/es\\\/2025\\\/03\\\/boletin-de-aniversario-n-3-pensar-a-lo-grande-el-tamano-importa\\\/#primaryimage\",\"url\":\"https:\\\/\\\/www.nordex-online.com\\\/wp-content\\\/uploads\\\/sites\\\/4\\\/2025\\\/03\\\/Edition-3-ES.jpg\",\"contentUrl\":\"https:\\\/\\\/www.nordex-online.com\\\/wp-content\\\/uploads\\\/sites\\\/4\\\/2025\\\/03\\\/Edition-3-ES.jpg\",\"width\":386,\"height\":243},{\"@type\":\"BreadcrumbList\",\"@id\":\"https:\\\/\\\/www.nordex-online.com\\\/es\\\/2025\\\/03\\\/boletin-de-aniversario-n-3-pensar-a-lo-grande-el-tamano-importa\\\/#breadcrumb\",\"itemListElement\":[{\"@type\":\"ListItem\",\"position\":1,\"name\":\"Home\",\"item\":\"https:\\\/\\\/www.nordex-online.com\\\/es\\\/\"},{\"@type\":\"ListItem\",\"position\":2,\"name\":\"Bolet\u00edn de Aniversario n.\u00b0 3: \u201cPensar a lo grande &#8211; el tama\u00f1o importa\u201d\"}]},{\"@type\":\"WebSite\",\"@id\":\"https:\\\/\\\/www.nordex-online.com\\\/es\\\/#website\",\"url\":\"https:\\\/\\\/www.nordex-online.com\\\/es\\\/\",\"name\":\"Nordex SE - Espa\u00f1ol\",\"description\":\"Manufacture, installation and maintenance of wind turbines.\",\"publisher\":{\"@id\":\"https:\\\/\\\/www.nordex-online.com\\\/es\\\/#organization\"},\"potentialAction\":[{\"@type\":\"SearchAction\",\"target\":{\"@type\":\"EntryPoint\",\"urlTemplate\":\"https:\\\/\\\/www.nordex-online.com\\\/es\\\/?s={search_term_string}\"},\"query-input\":{\"@type\":\"PropertyValueSpecification\",\"valueRequired\":true,\"valueName\":\"search_term_string\"}}],\"inLanguage\":\"es\"},{\"@type\":\"Organization\",\"@id\":\"https:\\\/\\\/www.nordex-online.com\\\/es\\\/#organization\",\"name\":\"Nordex SE - Espa\u00f1ol\",\"url\":\"https:\\\/\\\/www.nordex-online.com\\\/es\\\/\",\"logo\":{\"@type\":\"ImageObject\",\"inLanguage\":\"es\",\"@id\":\"https:\\\/\\\/www.nordex-online.com\\\/es\\\/#\\\/schema\\\/logo\\\/image\\\/\",\"url\":\"https:\\\/\\\/www.nordex-online.com\\\/wp-content\\\/uploads\\\/sites\\\/4\\\/2024\\\/07\\\/cropped-cropped-Combined-Logos_cmyk_PNG.png\",\"contentUrl\":\"https:\\\/\\\/www.nordex-online.com\\\/wp-content\\\/uploads\\\/sites\\\/4\\\/2024\\\/07\\\/cropped-cropped-Combined-Logos_cmyk_PNG.png\",\"width\":1181,\"height\":353,\"caption\":\"Nordex SE - Espa\u00f1ol\"},\"image\":{\"@id\":\"https:\\\/\\\/www.nordex-online.com\\\/es\\\/#\\\/schema\\\/logo\\\/image\\\/\"}},{\"@type\":\"Person\",\"@id\":\"https:\\\/\\\/www.nordex-online.com\\\/es\\\/#\\\/schema\\\/person\\\/55c351e379afa364550f317a2ed49f88\",\"name\":\"Losada, Felix\",\"image\":{\"@type\":\"ImageObject\",\"inLanguage\":\"es\",\"@id\":\"https:\\\/\\\/secure.gravatar.com\\\/avatar\\\/a5ebb61026b7e94f6c40e5f0489357cd086d32a53cd9595871c61860cce67a8e?s=96&d=mm&r=g\",\"url\":\"https:\\\/\\\/secure.gravatar.com\\\/avatar\\\/a5ebb61026b7e94f6c40e5f0489357cd086d32a53cd9595871c61860cce67a8e?s=96&d=mm&r=g\",\"contentUrl\":\"https:\\\/\\\/secure.gravatar.com\\\/avatar\\\/a5ebb61026b7e94f6c40e5f0489357cd086d32a53cd9595871c61860cce67a8e?s=96&d=mm&r=g\",\"caption\":\"Losada, Felix\"},\"url\":\"https:\\\/\\\/www.nordex-online.com\\\/es\\\/author\\\/flosada\\\/\"}]}<\/script>\n<!-- \/ Yoast SEO Premium plugin. -->","yoast_head_json":{"title":"Bolet\u00edn de Aniversario n.\u00b0 3: \u201cPensar a lo grande - el tama\u00f1o importa\u201d - Nordex SE - Espa\u00f1ol","robots":{"index":"index","follow":"follow","max-snippet":"max-snippet:-1","max-image-preview":"max-image-preview:large","max-video-preview":"max-video-preview:-1"},"canonical":"https:\/\/www.nordex-online.com\/es\/2025\/03\/boletin-de-aniversario-n-3-pensar-a-lo-grande-el-tamano-importa\/","og_locale":"es_ES","og_type":"article","og_title":"Bolet\u00edn de Aniversario n.\u00b0 3: \u201cPensar a lo grande - el tama\u00f1o importa\u201d","og_description":"Con el n\u00ba 3 del Bolet\u00edn de Aniversario, hoy miramos hacia atr\u00e1s a una d\u00e9cada que se convertir\u00eda en formativa para la industria actual: los apasionantes a\u00f1os 90. \u201cPensar a lo grande\u201d y \u201cel tama\u00f1o importa\u201d, \u201cthinking big\u201d \u2013 \u201csize matters\u201d, eran los conceptos que impulsaban la industria e\u00f3lica en los a\u00f1os 90, y Nordex [&hellip;]","og_url":"https:\/\/www.nordex-online.com\/es\/2025\/03\/boletin-de-aniversario-n-3-pensar-a-lo-grande-el-tamano-importa\/","og_site_name":"Nordex SE - Espa\u00f1ol","article_published_time":"2025-03-27T07:59:20+00:00","article_modified_time":"2025-03-27T07:59:21+00:00","og_image":[{"width":386,"height":243,"url":"https:\/\/www.nordex-online.com\/wp-content\/uploads\/sites\/4\/2025\/03\/Edition-3-ES.jpg","type":"image\/jpeg"}],"author":"Losada, Felix","twitter_card":"summary_large_image","twitter_misc":{"Escrito por":"Losada, Felix","Tiempo de lectura":"6 minutos"},"schema":{"@context":"https:\/\/schema.org","@graph":[{"@type":"Article","@id":"https:\/\/www.nordex-online.com\/es\/2025\/03\/boletin-de-aniversario-n-3-pensar-a-lo-grande-el-tamano-importa\/#article","isPartOf":{"@id":"https:\/\/www.nordex-online.com\/es\/2025\/03\/boletin-de-aniversario-n-3-pensar-a-lo-grande-el-tamano-importa\/"},"author":{"name":"Losada, Felix","@id":"https:\/\/www.nordex-online.com\/es\/#\/schema\/person\/55c351e379afa364550f317a2ed49f88"},"headline":"Bolet\u00edn de Aniversario n.\u00b0 3: \u201cPensar a lo grande &#8211; el tama\u00f1o importa\u201d","datePublished":"2025-03-27T07:59:20+00:00","dateModified":"2025-03-27T07:59:21+00:00","mainEntityOfPage":{"@id":"https:\/\/www.nordex-online.com\/es\/2025\/03\/boletin-de-aniversario-n-3-pensar-a-lo-grande-el-tamano-importa\/"},"wordCount":929,"publisher":{"@id":"https:\/\/www.nordex-online.com\/es\/#organization"},"image":{"@id":"https:\/\/www.nordex-online.com\/es\/2025\/03\/boletin-de-aniversario-n-3-pensar-a-lo-grande-el-tamano-importa\/#primaryimage"},"thumbnailUrl":"https:\/\/www.nordex-online.com\/wp-content\/uploads\/sites\/4\/2025\/03\/Edition-3-ES.jpg","articleSection":["40 a\u00f1os Nordex Group","Corporativo"],"inLanguage":"es"},{"@type":"WebPage","@id":"https:\/\/www.nordex-online.com\/es\/2025\/03\/boletin-de-aniversario-n-3-pensar-a-lo-grande-el-tamano-importa\/","url":"https:\/\/www.nordex-online.com\/es\/2025\/03\/boletin-de-aniversario-n-3-pensar-a-lo-grande-el-tamano-importa\/","name":"Bolet\u00edn de Aniversario n.\u00b0 3: \u201cPensar a lo grande - el tama\u00f1o importa\u201d - Nordex SE - Espa\u00f1ol","isPartOf":{"@id":"https:\/\/www.nordex-online.com\/es\/#website"},"primaryImageOfPage":{"@id":"https:\/\/www.nordex-online.com\/es\/2025\/03\/boletin-de-aniversario-n-3-pensar-a-lo-grande-el-tamano-importa\/#primaryimage"},"image":{"@id":"https:\/\/www.nordex-online.com\/es\/2025\/03\/boletin-de-aniversario-n-3-pensar-a-lo-grande-el-tamano-importa\/#primaryimage"},"thumbnailUrl":"https:\/\/www.nordex-online.com\/wp-content\/uploads\/sites\/4\/2025\/03\/Edition-3-ES.jpg","datePublished":"2025-03-27T07:59:20+00:00","dateModified":"2025-03-27T07:59:21+00:00","breadcrumb":{"@id":"https:\/\/www.nordex-online.com\/es\/2025\/03\/boletin-de-aniversario-n-3-pensar-a-lo-grande-el-tamano-importa\/#breadcrumb"},"inLanguage":"es","potentialAction":[{"@type":"ReadAction","target":["https:\/\/www.nordex-online.com\/es\/2025\/03\/boletin-de-aniversario-n-3-pensar-a-lo-grande-el-tamano-importa\/"]}]},{"@type":"ImageObject","inLanguage":"es","@id":"https:\/\/www.nordex-online.com\/es\/2025\/03\/boletin-de-aniversario-n-3-pensar-a-lo-grande-el-tamano-importa\/#primaryimage","url":"https:\/\/www.nordex-online.com\/wp-content\/uploads\/sites\/4\/2025\/03\/Edition-3-ES.jpg","contentUrl":"https:\/\/www.nordex-online.com\/wp-content\/uploads\/sites\/4\/2025\/03\/Edition-3-ES.jpg","width":386,"height":243},{"@type":"BreadcrumbList","@id":"https:\/\/www.nordex-online.com\/es\/2025\/03\/boletin-de-aniversario-n-3-pensar-a-lo-grande-el-tamano-importa\/#breadcrumb","itemListElement":[{"@type":"ListItem","position":1,"name":"Home","item":"https:\/\/www.nordex-online.com\/es\/"},{"@type":"ListItem","position":2,"name":"Bolet\u00edn de Aniversario n.\u00b0 3: \u201cPensar a lo grande &#8211; el tama\u00f1o importa\u201d"}]},{"@type":"WebSite","@id":"https:\/\/www.nordex-online.com\/es\/#website","url":"https:\/\/www.nordex-online.com\/es\/","name":"Nordex SE - Espa\u00f1ol","description":"Manufacture, installation and maintenance of wind turbines.","publisher":{"@id":"https:\/\/www.nordex-online.com\/es\/#organization"},"potentialAction":[{"@type":"SearchAction","target":{"@type":"EntryPoint","urlTemplate":"https:\/\/www.nordex-online.com\/es\/?s={search_term_string}"},"query-input":{"@type":"PropertyValueSpecification","valueRequired":true,"valueName":"search_term_string"}}],"inLanguage":"es"},{"@type":"Organization","@id":"https:\/\/www.nordex-online.com\/es\/#organization","name":"Nordex SE - Espa\u00f1ol","url":"https:\/\/www.nordex-online.com\/es\/","logo":{"@type":"ImageObject","inLanguage":"es","@id":"https:\/\/www.nordex-online.com\/es\/#\/schema\/logo\/image\/","url":"https:\/\/www.nordex-online.com\/wp-content\/uploads\/sites\/4\/2024\/07\/cropped-cropped-Combined-Logos_cmyk_PNG.png","contentUrl":"https:\/\/www.nordex-online.com\/wp-content\/uploads\/sites\/4\/2024\/07\/cropped-cropped-Combined-Logos_cmyk_PNG.png","width":1181,"height":353,"caption":"Nordex SE - Espa\u00f1ol"},"image":{"@id":"https:\/\/www.nordex-online.com\/es\/#\/schema\/logo\/image\/"}},{"@type":"Person","@id":"https:\/\/www.nordex-online.com\/es\/#\/schema\/person\/55c351e379afa364550f317a2ed49f88","name":"Losada, Felix","image":{"@type":"ImageObject","inLanguage":"es","@id":"https:\/\/secure.gravatar.com\/avatar\/a5ebb61026b7e94f6c40e5f0489357cd086d32a53cd9595871c61860cce67a8e?s=96&d=mm&r=g","url":"https:\/\/secure.gravatar.com\/avatar\/a5ebb61026b7e94f6c40e5f0489357cd086d32a53cd9595871c61860cce67a8e?s=96&d=mm&r=g","contentUrl":"https:\/\/secure.gravatar.com\/avatar\/a5ebb61026b7e94f6c40e5f0489357cd086d32a53cd9595871c61860cce67a8e?s=96&d=mm&r=g","caption":"Losada, Felix"},"url":"https:\/\/www.nordex-online.com\/es\/author\/flosada\/"}]}},"_links":{"self":[{"href":"https:\/\/www.nordex-online.com\/es\/wp-json\/wp\/v2\/posts\/35687","targetHints":{"allow":["GET"]}}],"collection":[{"href":"https:\/\/www.nordex-online.com\/es\/wp-json\/wp\/v2\/posts"}],"about":[{"href":"https:\/\/www.nordex-online.com\/es\/wp-json\/wp\/v2\/types\/post"}],"author":[{"embeddable":true,"href":"https:\/\/www.nordex-online.com\/es\/wp-json\/wp\/v2\/users\/9"}],"replies":[{"embeddable":true,"href":"https:\/\/www.nordex-online.com\/es\/wp-json\/wp\/v2\/comments?post=35687"}],"version-history":[{"count":1,"href":"https:\/\/www.nordex-online.com\/es\/wp-json\/wp\/v2\/posts\/35687\/revisions"}],"predecessor-version":[{"id":35689,"href":"https:\/\/www.nordex-online.com\/es\/wp-json\/wp\/v2\/posts\/35687\/revisions\/35689"}],"wp:featuredmedia":[{"embeddable":true,"href":"https:\/\/www.nordex-online.com\/es\/wp-json\/wp\/v2\/media\/35688"}],"wp:attachment":[{"href":"https:\/\/www.nordex-online.com\/es\/wp-json\/wp\/v2\/media?parent=35687"}],"wp:term":[{"taxonomy":"category","embeddable":true,"href":"https:\/\/www.nordex-online.com\/es\/wp-json\/wp\/v2\/categories?post=35687"},{"taxonomy":"post_tag","embeddable":true,"href":"https:\/\/www.nordex-online.com\/es\/wp-json\/wp\/v2\/tags?post=35687"}],"curies":[{"name":"wp","href":"https:\/\/api.w.org\/{rel}","templated":true}]}}