{"id":35616,"date":"2025-02-18T13:31:33","date_gmt":"2025-02-18T13:31:33","guid":{"rendered":"https:\/\/www.nordex-online.com\/es\/?p=35616"},"modified":"2025-02-18T13:31:34","modified_gmt":"2025-02-18T13:31:34","slug":"boletin-de-aniversario-n-2-el-primer-aerogenerador-de-la-marca-nordex","status":"publish","type":"post","link":"https:\/\/www.nordex-online.com\/es\/2025\/02\/boletin-de-aniversario-n-2-el-primer-aerogenerador-de-la-marca-nordex\/","title":{"rendered":"Bolet\u00edn de Aniversario n.\u00b0 2: El primer aerogenerador de la marca Nordex"},"content":{"rendered":"\n<p>Hoy nos tomamos el tiempo nuevamente para recordar 40 a\u00f1os de nuestro emocionante desarrollo empresarial con nuestro segundo n\u00famero del Bolet\u00edn de Aniversario.<\/p>\n\n\n\n<p>En 1986, tan solo un a\u00f1o despu\u00e9s de la fundaci\u00f3n de Nordex, se instal\u00f3 el primer aerogenerador de la marca Nordex, el N27. Incorporaba un generador de 250 kW que lo convert\u00eda en el modelo m\u00e1s potente del mundo en aquella \u00e9poca. Le sigui\u00f3 una versi\u00f3n del N27 de 150 kW para vientos bajos.<\/p>\n\n\n\n<p>Desarrollado por los visionarios hermanos Carsten y Jens Pedersen y el primer empleado de Nordex, Knud Buhl Nielsen, el N27 marc\u00f3 el comienzo de un viaje innovador hacia la producci\u00f3n de energ\u00eda sostenible.<\/p>\n\n\n\n<figure class=\"wp-block-image size-full\"><img loading=\"lazy\" decoding=\"async\" width=\"770\" height=\"488\" src=\"https:\/\/www.nordex-online.com\/wp-content\/uploads\/sites\/4\/2025\/02\/Nielsen-ohne-watermark.jpg\" alt=\"\" class=\"wp-image-35617\" srcset=\"https:\/\/www.nordex-online.com\/wp-content\/uploads\/sites\/4\/2025\/02\/Nielsen-ohne-watermark.jpg 770w, https:\/\/www.nordex-online.com\/wp-content\/uploads\/sites\/4\/2025\/02\/Nielsen-ohne-watermark-300x190.jpg 300w, https:\/\/www.nordex-online.com\/wp-content\/uploads\/sites\/4\/2025\/02\/Nielsen-ohne-watermark-768x487.jpg 768w\" sizes=\"auto, (max-width: 770px) 100vw, 770px\" \/><\/figure>\n\n\n\n<p><em>Knud Buhl Nielsen y el N27<\/em> (Foto Bert Wiklund)<\/p>\n\n\n\n<p>Carsten Pedersen recuerda con cari\u00f1o este hito<em>: \u201cEl primer aerogenerador Nordex real fue el N27, con un di\u00e1metro de rotor de 27 metros, montado sobre una torre tubular de 30 metros que instalamos en nuestra f\u00e1brica en 1986<\/em>.<em> En aquel momento era uno de los aerogeneradores m\u00e1s grandes del mercado y nos parec\u00eda realmente grande. \u201cTuvimos que alquilar la gr\u00faa m\u00e1s alta de Dinamarca para montarlo\u201d.<\/em><em><\/em><\/p>\n\n\n\n<p>Desde la perspectiva actual, las primeras etapas del proceso de desarrollo de Nordex verdaderamente tienen tintes de aventura: A falta de ordenador, el dise\u00f1o se hizo a mano y las cargas se calcularon utilizando una calculadora de bolsillo.<\/p>\n\n\n\n<p>Sin embargo, se puede afirmar taxativamente que ambos procesos se llevaron a cabo de manera exhaustiva y experta. <em>\u201cen realidad, el aerogenerador sigui\u00f3 funcionando durante 30 a\u00f1os, ya que no lo desmantelamos hasta 2016\u201d,<\/em> recuerda Jens Pedersen.<\/p>\n\n\n\n<p>Echando la vista atr\u00e1s, y viendo los primeros pasos con el N27, parece que \u201cpensar a lo grande\u201d comenzaba a ser el enfoque natural en Nordex. Porque hoy se ha cumplido otro humilde hito: 30 a\u00f1os de producci\u00f3n de aerogeneradores de potencia medida en megavatios. En 1995, Nordex introdujo el primer aerogenerador de un megavatio producido en serie en todo el mundo: el modelo N52.<\/p>\n\n\n\n<figure class=\"wp-block-image size-large\"><img loading=\"lazy\" decoding=\"async\" width=\"1024\" height=\"576\" src=\"https:\/\/www.nordex-online.com\/wp-content\/uploads\/sites\/4\/2025\/02\/N27-Picture-Collage-1024x576.png\" alt=\"\" class=\"wp-image-35618\" srcset=\"https:\/\/www.nordex-online.com\/wp-content\/uploads\/sites\/4\/2025\/02\/N27-Picture-Collage-1024x576.png 1024w, https:\/\/www.nordex-online.com\/wp-content\/uploads\/sites\/4\/2025\/02\/N27-Picture-Collage-300x169.png 300w, https:\/\/www.nordex-online.com\/wp-content\/uploads\/sites\/4\/2025\/02\/N27-Picture-Collage-768x432.png 768w, https:\/\/www.nordex-online.com\/wp-content\/uploads\/sites\/4\/2025\/02\/N27-Picture-Collage-1536x864.png 1536w, https:\/\/www.nordex-online.com\/wp-content\/uploads\/sites\/4\/2025\/02\/N27-Picture-Collage.png 1920w\" sizes=\"auto, (max-width: 1024px) 100vw, 1024px\" \/><\/figure>\n\n\n\n<p><em>El N27 est\u00e1 atrayendo el inter\u00e9s de inversores privados, en su mayor\u00eda agricultores que quieren construir un aerogenerador en sus propias tierras.<\/em><\/p>\n\n\n\n<figure class=\"wp-block-embed is-type-video is-provider-youtube wp-block-embed-youtube wp-embed-aspect-16-9 wp-has-aspect-ratio\"><div class=\"wp-block-embed__wrapper\">\n <div class=\"brlbs-cmpnt-container brlbs-cmpnt-content-blocker brlbs-cmpnt-with-individual-styles\" data-borlabs-cookie-content-blocker-id=\"youtube-content-blocker\" data-borlabs-cookie-content=\"PGlmcmFtZSB0aXRsZT0iNDAgWWVhcnMgTm9yZGV4IEdyb3VwIHwgR3JlZXRpbmdzIGZyb20gSmVucyBhbmQgQ2Fyc3RlbiBQZWRlcnNlbiIgd2lkdGg9Ijk2MCIgaGVpZ2h0PSI1NDAiIHNyYz0iaHR0cHM6Ly93d3cueW91dHViZS5jb20vZW1iZWQvazRiTXhLUFZ3UWs\/ZmVhdHVyZT1vZW1iZWQiIGZyYW1lYm9yZGVyPSIwIiBhbGxvdz0iYWNjZWxlcm9tZXRlcjsgYXV0b3BsYXk7IGNsaXBib2FyZC13cml0ZTsgZW5jcnlwdGVkLW1lZGlhOyBneXJvc2NvcGU7IHBpY3R1cmUtaW4tcGljdHVyZTsgd2ViLXNoYXJlIiByZWZlcnJlcnBvbGljeT0ic3RyaWN0LW9yaWdpbi13aGVuLWNyb3NzLW9yaWdpbiIgYWxsb3dmdWxsc2NyZWVuPjwvaWZyYW1lPg==\"><div class=\"brlbs-cmpnt-cb-preset-c brlbs-cmpnt-cb-youtube\"> <div class=\"brlbs-cmpnt-cb-thumbnail\" style=\"background-image: url('')\"><\/div> <div class=\"brlbs-cmpnt-cb-main\"> <div class=\"brlbs-cmpnt-cb-play-button\"><\/div> <div class=\"brlbs-cmpnt-cb-content\"> <p class=\"brlbs-cmpnt-cb-description\">Est\u00e1s viendo un contenido de marcador de posici\u00f3n de <strong>YouTube<\/strong>. Para acceder al contenido real, haz clic en el siguiente bot\u00f3n. Ten en cuenta que al hacerlo compartir\u00e1s datos con terceros proveedores.<\/p> <a class=\"brlbs-cmpnt-cb-provider-toggle\" href=\"#\" data-borlabs-cookie-show-provider-information role=\"button\">M\u00e1s informaci\u00f3n<\/a> <\/div> <div class=\"brlbs-cmpnt-cb-buttons\"> <a class=\"brlbs-cmpnt-cb-btn\" href=\"#\" data-borlabs-cookie-unblock role=\"button\">Desbloquear contenido<\/a> <a class=\"brlbs-cmpnt-cb-btn\" href=\"#\" data-borlabs-cookie-accept-service role=\"button\" style=\"display: inherit\">Aceptar el servicio requerido y desbloquear los contenidos<\/a> <\/div> <\/div> <\/div><\/div>\n<\/div><\/figure>\n\n\n\n<p>Hoy en d\u00eda, la serie Delta4000 de Nordex cuenta con una potencia nominal que es m\u00e1s de 45 veces la del N27, lo que demuestra los notables avances en tecnolog\u00eda y experiencia en ingenier\u00eda. En los \u00faltimos 40 a\u00f1os, el di\u00e1metro del rotor se ha multiplicado por 6,5 y ahora alcanza la impresionante cifra de 175 metros, mientras que su \u00e1rea barrida se ha multiplicado por 42. Hoy en d\u00eda, los aerogeneradores de Nordex se fabrican con capacidades que van desde los 4 hasta los 7 megavatios.<\/p>\n","protected":false},"excerpt":{"rendered":"<p>Hoy nos tomamos el tiempo nuevamente para recordar 40 a\u00f1os de nuestro emocionante desarrollo empresarial con nuestro segundo n\u00famero del Bolet\u00edn de Aniversario. En 1986, tan solo un a\u00f1o despu\u00e9s de la fundaci\u00f3n de Nordex, se instal\u00f3 el primer aerogenerador de la marca Nordex, el N27. Incorporaba un generador de 250 kW que lo convert\u00eda [&hellip;]<\/p>\n","protected":false},"author":9,"featured_media":35619,"comment_status":"closed","ping_status":"closed","sticky":false,"template":"","format":"standard","meta":{"_trash_the_other_posts":false,"editor_notices":[],"footnotes":""},"categories":[1744],"tags":[],"class_list":["post-35616","post","type-post","status-publish","format-standard","has-post-thumbnail","hentry","category-40-anos-nordex-group"],"yoast_head":"<!-- This site is optimized with the Yoast SEO Premium plugin v27.3 (Yoast SEO v27.3) - https:\/\/yoast.com\/product\/yoast-seo-premium-wordpress\/ -->\n<title>Bolet\u00edn de Aniversario n.\u00b0 2: El primer aerogenerador de la marca Nordex - Nordex SE - Espa\u00f1ol<\/title>\n<meta name=\"robots\" content=\"index, follow, max-snippet:-1, max-image-preview:large, max-video-preview:-1\" \/>\n<link rel=\"canonical\" href=\"https:\/\/www.nordex-online.com\/es\/2025\/02\/boletin-de-aniversario-n-2-el-primer-aerogenerador-de-la-marca-nordex\/\" \/>\n<meta property=\"og:locale\" content=\"es_ES\" \/>\n<meta property=\"og:type\" content=\"article\" \/>\n<meta property=\"og:title\" content=\"Bolet\u00edn de Aniversario n.\u00b0 2: El primer aerogenerador de la marca Nordex\" \/>\n<meta property=\"og:description\" content=\"Hoy nos tomamos el tiempo nuevamente para recordar 40 a\u00f1os de nuestro emocionante desarrollo empresarial con nuestro segundo n\u00famero del Bolet\u00edn de Aniversario. En 1986, tan solo un a\u00f1o despu\u00e9s de la fundaci\u00f3n de Nordex, se instal\u00f3 el primer aerogenerador de la marca Nordex, el N27. Incorporaba un generador de 250 kW que lo convert\u00eda [&hellip;]\" \/>\n<meta property=\"og:url\" content=\"https:\/\/www.nordex-online.com\/es\/2025\/02\/boletin-de-aniversario-n-2-el-primer-aerogenerador-de-la-marca-nordex\/\" \/>\n<meta property=\"og:site_name\" content=\"Nordex SE - Espa\u00f1ol\" \/>\n<meta property=\"article:published_time\" content=\"2025-02-18T13:31:33+00:00\" \/>\n<meta property=\"article:modified_time\" content=\"2025-02-18T13:31:34+00:00\" \/>\n<meta property=\"og:image\" content=\"https:\/\/www.nordex-online.com\/wp-content\/uploads\/sites\/4\/2025\/02\/Edition-2-ESP.png\" \/>\n\t<meta property=\"og:image:width\" content=\"386\" \/>\n\t<meta property=\"og:image:height\" content=\"243\" \/>\n\t<meta property=\"og:image:type\" content=\"image\/png\" \/>\n<meta name=\"author\" content=\"Losada, Felix\" \/>\n<meta name=\"twitter:card\" content=\"summary_large_image\" \/>\n<meta name=\"twitter:label1\" content=\"Escrito por\" \/>\n\t<meta name=\"twitter:data1\" content=\"Losada, Felix\" \/>\n\t<meta name=\"twitter:label2\" content=\"Tiempo de lectura\" \/>\n\t<meta name=\"twitter:data2\" content=\"3 minutos\" \/>\n<script type=\"application\/ld+json\" class=\"yoast-schema-graph\">{\"@context\":\"https:\\\/\\\/schema.org\",\"@graph\":[{\"@type\":\"Article\",\"@id\":\"https:\\\/\\\/www.nordex-online.com\\\/es\\\/2025\\\/02\\\/boletin-de-aniversario-n-2-el-primer-aerogenerador-de-la-marca-nordex\\\/#article\",\"isPartOf\":{\"@id\":\"https:\\\/\\\/www.nordex-online.com\\\/es\\\/2025\\\/02\\\/boletin-de-aniversario-n-2-el-primer-aerogenerador-de-la-marca-nordex\\\/\"},\"author\":{\"name\":\"Losada, Felix\",\"@id\":\"https:\\\/\\\/www.nordex-online.com\\\/es\\\/#\\\/schema\\\/person\\\/55c351e379afa364550f317a2ed49f88\"},\"headline\":\"Bolet\u00edn de Aniversario n.\u00b0 2: El primer aerogenerador de la marca Nordex\",\"datePublished\":\"2025-02-18T13:31:33+00:00\",\"dateModified\":\"2025-02-18T13:31:34+00:00\",\"mainEntityOfPage\":{\"@id\":\"https:\\\/\\\/www.nordex-online.com\\\/es\\\/2025\\\/02\\\/boletin-de-aniversario-n-2-el-primer-aerogenerador-de-la-marca-nordex\\\/\"},\"wordCount\":465,\"publisher\":{\"@id\":\"https:\\\/\\\/www.nordex-online.com\\\/es\\\/#organization\"},\"image\":{\"@id\":\"https:\\\/\\\/www.nordex-online.com\\\/es\\\/2025\\\/02\\\/boletin-de-aniversario-n-2-el-primer-aerogenerador-de-la-marca-nordex\\\/#primaryimage\"},\"thumbnailUrl\":\"https:\\\/\\\/www.nordex-online.com\\\/wp-content\\\/uploads\\\/sites\\\/4\\\/2025\\\/02\\\/Edition-2-ESP.png\",\"articleSection\":[\"40 a\u00f1os Nordex Group\"],\"inLanguage\":\"es\"},{\"@type\":\"WebPage\",\"@id\":\"https:\\\/\\\/www.nordex-online.com\\\/es\\\/2025\\\/02\\\/boletin-de-aniversario-n-2-el-primer-aerogenerador-de-la-marca-nordex\\\/\",\"url\":\"https:\\\/\\\/www.nordex-online.com\\\/es\\\/2025\\\/02\\\/boletin-de-aniversario-n-2-el-primer-aerogenerador-de-la-marca-nordex\\\/\",\"name\":\"Bolet\u00edn de Aniversario n.\u00b0 2: El primer aerogenerador de la marca Nordex - Nordex SE - Espa\u00f1ol\",\"isPartOf\":{\"@id\":\"https:\\\/\\\/www.nordex-online.com\\\/es\\\/#website\"},\"primaryImageOfPage\":{\"@id\":\"https:\\\/\\\/www.nordex-online.com\\\/es\\\/2025\\\/02\\\/boletin-de-aniversario-n-2-el-primer-aerogenerador-de-la-marca-nordex\\\/#primaryimage\"},\"image\":{\"@id\":\"https:\\\/\\\/www.nordex-online.com\\\/es\\\/2025\\\/02\\\/boletin-de-aniversario-n-2-el-primer-aerogenerador-de-la-marca-nordex\\\/#primaryimage\"},\"thumbnailUrl\":\"https:\\\/\\\/www.nordex-online.com\\\/wp-content\\\/uploads\\\/sites\\\/4\\\/2025\\\/02\\\/Edition-2-ESP.png\",\"datePublished\":\"2025-02-18T13:31:33+00:00\",\"dateModified\":\"2025-02-18T13:31:34+00:00\",\"breadcrumb\":{\"@id\":\"https:\\\/\\\/www.nordex-online.com\\\/es\\\/2025\\\/02\\\/boletin-de-aniversario-n-2-el-primer-aerogenerador-de-la-marca-nordex\\\/#breadcrumb\"},\"inLanguage\":\"es\",\"potentialAction\":[{\"@type\":\"ReadAction\",\"target\":[\"https:\\\/\\\/www.nordex-online.com\\\/es\\\/2025\\\/02\\\/boletin-de-aniversario-n-2-el-primer-aerogenerador-de-la-marca-nordex\\\/\"]}]},{\"@type\":\"ImageObject\",\"inLanguage\":\"es\",\"@id\":\"https:\\\/\\\/www.nordex-online.com\\\/es\\\/2025\\\/02\\\/boletin-de-aniversario-n-2-el-primer-aerogenerador-de-la-marca-nordex\\\/#primaryimage\",\"url\":\"https:\\\/\\\/www.nordex-online.com\\\/wp-content\\\/uploads\\\/sites\\\/4\\\/2025\\\/02\\\/Edition-2-ESP.png\",\"contentUrl\":\"https:\\\/\\\/www.nordex-online.com\\\/wp-content\\\/uploads\\\/sites\\\/4\\\/2025\\\/02\\\/Edition-2-ESP.png\",\"width\":386,\"height\":243},{\"@type\":\"BreadcrumbList\",\"@id\":\"https:\\\/\\\/www.nordex-online.com\\\/es\\\/2025\\\/02\\\/boletin-de-aniversario-n-2-el-primer-aerogenerador-de-la-marca-nordex\\\/#breadcrumb\",\"itemListElement\":[{\"@type\":\"ListItem\",\"position\":1,\"name\":\"Home\",\"item\":\"https:\\\/\\\/www.nordex-online.com\\\/es\\\/\"},{\"@type\":\"ListItem\",\"position\":2,\"name\":\"Bolet\u00edn de Aniversario n.\u00b0 2: El primer aerogenerador de la marca Nordex\"}]},{\"@type\":\"WebSite\",\"@id\":\"https:\\\/\\\/www.nordex-online.com\\\/es\\\/#website\",\"url\":\"https:\\\/\\\/www.nordex-online.com\\\/es\\\/\",\"name\":\"Nordex SE - Espa\u00f1ol\",\"description\":\"Manufacture, installation and maintenance of wind turbines.\",\"publisher\":{\"@id\":\"https:\\\/\\\/www.nordex-online.com\\\/es\\\/#organization\"},\"potentialAction\":[{\"@type\":\"SearchAction\",\"target\":{\"@type\":\"EntryPoint\",\"urlTemplate\":\"https:\\\/\\\/www.nordex-online.com\\\/es\\\/?s={search_term_string}\"},\"query-input\":{\"@type\":\"PropertyValueSpecification\",\"valueRequired\":true,\"valueName\":\"search_term_string\"}}],\"inLanguage\":\"es\"},{\"@type\":\"Organization\",\"@id\":\"https:\\\/\\\/www.nordex-online.com\\\/es\\\/#organization\",\"name\":\"Nordex SE - Espa\u00f1ol\",\"url\":\"https:\\\/\\\/www.nordex-online.com\\\/es\\\/\",\"logo\":{\"@type\":\"ImageObject\",\"inLanguage\":\"es\",\"@id\":\"https:\\\/\\\/www.nordex-online.com\\\/es\\\/#\\\/schema\\\/logo\\\/image\\\/\",\"url\":\"https:\\\/\\\/www.nordex-online.com\\\/wp-content\\\/uploads\\\/sites\\\/4\\\/2024\\\/07\\\/cropped-cropped-Combined-Logos_cmyk_PNG.png\",\"contentUrl\":\"https:\\\/\\\/www.nordex-online.com\\\/wp-content\\\/uploads\\\/sites\\\/4\\\/2024\\\/07\\\/cropped-cropped-Combined-Logos_cmyk_PNG.png\",\"width\":1181,\"height\":353,\"caption\":\"Nordex SE - Espa\u00f1ol\"},\"image\":{\"@id\":\"https:\\\/\\\/www.nordex-online.com\\\/es\\\/#\\\/schema\\\/logo\\\/image\\\/\"}},{\"@type\":\"Person\",\"@id\":\"https:\\\/\\\/www.nordex-online.com\\\/es\\\/#\\\/schema\\\/person\\\/55c351e379afa364550f317a2ed49f88\",\"name\":\"Losada, Felix\",\"image\":{\"@type\":\"ImageObject\",\"inLanguage\":\"es\",\"@id\":\"https:\\\/\\\/secure.gravatar.com\\\/avatar\\\/a5ebb61026b7e94f6c40e5f0489357cd086d32a53cd9595871c61860cce67a8e?s=96&d=mm&r=g\",\"url\":\"https:\\\/\\\/secure.gravatar.com\\\/avatar\\\/a5ebb61026b7e94f6c40e5f0489357cd086d32a53cd9595871c61860cce67a8e?s=96&d=mm&r=g\",\"contentUrl\":\"https:\\\/\\\/secure.gravatar.com\\\/avatar\\\/a5ebb61026b7e94f6c40e5f0489357cd086d32a53cd9595871c61860cce67a8e?s=96&d=mm&r=g\",\"caption\":\"Losada, Felix\"},\"url\":\"https:\\\/\\\/www.nordex-online.com\\\/es\\\/author\\\/flosada\\\/\"}]}<\/script>\n<!-- \/ Yoast SEO Premium plugin. -->","yoast_head_json":{"title":"Bolet\u00edn de Aniversario n.\u00b0 2: El primer aerogenerador de la marca Nordex - Nordex SE - Espa\u00f1ol","robots":{"index":"index","follow":"follow","max-snippet":"max-snippet:-1","max-image-preview":"max-image-preview:large","max-video-preview":"max-video-preview:-1"},"canonical":"https:\/\/www.nordex-online.com\/es\/2025\/02\/boletin-de-aniversario-n-2-el-primer-aerogenerador-de-la-marca-nordex\/","og_locale":"es_ES","og_type":"article","og_title":"Bolet\u00edn de Aniversario n.\u00b0 2: El primer aerogenerador de la marca Nordex","og_description":"Hoy nos tomamos el tiempo nuevamente para recordar 40 a\u00f1os de nuestro emocionante desarrollo empresarial con nuestro segundo n\u00famero del Bolet\u00edn de Aniversario. En 1986, tan solo un a\u00f1o despu\u00e9s de la fundaci\u00f3n de Nordex, se instal\u00f3 el primer aerogenerador de la marca Nordex, el N27. Incorporaba un generador de 250 kW que lo convert\u00eda [&hellip;]","og_url":"https:\/\/www.nordex-online.com\/es\/2025\/02\/boletin-de-aniversario-n-2-el-primer-aerogenerador-de-la-marca-nordex\/","og_site_name":"Nordex SE - Espa\u00f1ol","article_published_time":"2025-02-18T13:31:33+00:00","article_modified_time":"2025-02-18T13:31:34+00:00","og_image":[{"width":386,"height":243,"url":"https:\/\/www.nordex-online.com\/wp-content\/uploads\/sites\/4\/2025\/02\/Edition-2-ESP.png","type":"image\/png"}],"author":"Losada, Felix","twitter_card":"summary_large_image","twitter_misc":{"Escrito por":"Losada, Felix","Tiempo de lectura":"3 minutos"},"schema":{"@context":"https:\/\/schema.org","@graph":[{"@type":"Article","@id":"https:\/\/www.nordex-online.com\/es\/2025\/02\/boletin-de-aniversario-n-2-el-primer-aerogenerador-de-la-marca-nordex\/#article","isPartOf":{"@id":"https:\/\/www.nordex-online.com\/es\/2025\/02\/boletin-de-aniversario-n-2-el-primer-aerogenerador-de-la-marca-nordex\/"},"author":{"name":"Losada, Felix","@id":"https:\/\/www.nordex-online.com\/es\/#\/schema\/person\/55c351e379afa364550f317a2ed49f88"},"headline":"Bolet\u00edn de Aniversario n.\u00b0 2: El primer aerogenerador de la marca Nordex","datePublished":"2025-02-18T13:31:33+00:00","dateModified":"2025-02-18T13:31:34+00:00","mainEntityOfPage":{"@id":"https:\/\/www.nordex-online.com\/es\/2025\/02\/boletin-de-aniversario-n-2-el-primer-aerogenerador-de-la-marca-nordex\/"},"wordCount":465,"publisher":{"@id":"https:\/\/www.nordex-online.com\/es\/#organization"},"image":{"@id":"https:\/\/www.nordex-online.com\/es\/2025\/02\/boletin-de-aniversario-n-2-el-primer-aerogenerador-de-la-marca-nordex\/#primaryimage"},"thumbnailUrl":"https:\/\/www.nordex-online.com\/wp-content\/uploads\/sites\/4\/2025\/02\/Edition-2-ESP.png","articleSection":["40 a\u00f1os Nordex Group"],"inLanguage":"es"},{"@type":"WebPage","@id":"https:\/\/www.nordex-online.com\/es\/2025\/02\/boletin-de-aniversario-n-2-el-primer-aerogenerador-de-la-marca-nordex\/","url":"https:\/\/www.nordex-online.com\/es\/2025\/02\/boletin-de-aniversario-n-2-el-primer-aerogenerador-de-la-marca-nordex\/","name":"Bolet\u00edn de Aniversario n.\u00b0 2: El primer aerogenerador de la marca Nordex - Nordex SE - Espa\u00f1ol","isPartOf":{"@id":"https:\/\/www.nordex-online.com\/es\/#website"},"primaryImageOfPage":{"@id":"https:\/\/www.nordex-online.com\/es\/2025\/02\/boletin-de-aniversario-n-2-el-primer-aerogenerador-de-la-marca-nordex\/#primaryimage"},"image":{"@id":"https:\/\/www.nordex-online.com\/es\/2025\/02\/boletin-de-aniversario-n-2-el-primer-aerogenerador-de-la-marca-nordex\/#primaryimage"},"thumbnailUrl":"https:\/\/www.nordex-online.com\/wp-content\/uploads\/sites\/4\/2025\/02\/Edition-2-ESP.png","datePublished":"2025-02-18T13:31:33+00:00","dateModified":"2025-02-18T13:31:34+00:00","breadcrumb":{"@id":"https:\/\/www.nordex-online.com\/es\/2025\/02\/boletin-de-aniversario-n-2-el-primer-aerogenerador-de-la-marca-nordex\/#breadcrumb"},"inLanguage":"es","potentialAction":[{"@type":"ReadAction","target":["https:\/\/www.nordex-online.com\/es\/2025\/02\/boletin-de-aniversario-n-2-el-primer-aerogenerador-de-la-marca-nordex\/"]}]},{"@type":"ImageObject","inLanguage":"es","@id":"https:\/\/www.nordex-online.com\/es\/2025\/02\/boletin-de-aniversario-n-2-el-primer-aerogenerador-de-la-marca-nordex\/#primaryimage","url":"https:\/\/www.nordex-online.com\/wp-content\/uploads\/sites\/4\/2025\/02\/Edition-2-ESP.png","contentUrl":"https:\/\/www.nordex-online.com\/wp-content\/uploads\/sites\/4\/2025\/02\/Edition-2-ESP.png","width":386,"height":243},{"@type":"BreadcrumbList","@id":"https:\/\/www.nordex-online.com\/es\/2025\/02\/boletin-de-aniversario-n-2-el-primer-aerogenerador-de-la-marca-nordex\/#breadcrumb","itemListElement":[{"@type":"ListItem","position":1,"name":"Home","item":"https:\/\/www.nordex-online.com\/es\/"},{"@type":"ListItem","position":2,"name":"Bolet\u00edn de Aniversario n.\u00b0 2: El primer aerogenerador de la marca Nordex"}]},{"@type":"WebSite","@id":"https:\/\/www.nordex-online.com\/es\/#website","url":"https:\/\/www.nordex-online.com\/es\/","name":"Nordex SE - Espa\u00f1ol","description":"Manufacture, installation and maintenance of wind turbines.","publisher":{"@id":"https:\/\/www.nordex-online.com\/es\/#organization"},"potentialAction":[{"@type":"SearchAction","target":{"@type":"EntryPoint","urlTemplate":"https:\/\/www.nordex-online.com\/es\/?s={search_term_string}"},"query-input":{"@type":"PropertyValueSpecification","valueRequired":true,"valueName":"search_term_string"}}],"inLanguage":"es"},{"@type":"Organization","@id":"https:\/\/www.nordex-online.com\/es\/#organization","name":"Nordex SE - Espa\u00f1ol","url":"https:\/\/www.nordex-online.com\/es\/","logo":{"@type":"ImageObject","inLanguage":"es","@id":"https:\/\/www.nordex-online.com\/es\/#\/schema\/logo\/image\/","url":"https:\/\/www.nordex-online.com\/wp-content\/uploads\/sites\/4\/2024\/07\/cropped-cropped-Combined-Logos_cmyk_PNG.png","contentUrl":"https:\/\/www.nordex-online.com\/wp-content\/uploads\/sites\/4\/2024\/07\/cropped-cropped-Combined-Logos_cmyk_PNG.png","width":1181,"height":353,"caption":"Nordex SE - Espa\u00f1ol"},"image":{"@id":"https:\/\/www.nordex-online.com\/es\/#\/schema\/logo\/image\/"}},{"@type":"Person","@id":"https:\/\/www.nordex-online.com\/es\/#\/schema\/person\/55c351e379afa364550f317a2ed49f88","name":"Losada, Felix","image":{"@type":"ImageObject","inLanguage":"es","@id":"https:\/\/secure.gravatar.com\/avatar\/a5ebb61026b7e94f6c40e5f0489357cd086d32a53cd9595871c61860cce67a8e?s=96&d=mm&r=g","url":"https:\/\/secure.gravatar.com\/avatar\/a5ebb61026b7e94f6c40e5f0489357cd086d32a53cd9595871c61860cce67a8e?s=96&d=mm&r=g","contentUrl":"https:\/\/secure.gravatar.com\/avatar\/a5ebb61026b7e94f6c40e5f0489357cd086d32a53cd9595871c61860cce67a8e?s=96&d=mm&r=g","caption":"Losada, Felix"},"url":"https:\/\/www.nordex-online.com\/es\/author\/flosada\/"}]}},"_links":{"self":[{"href":"https:\/\/www.nordex-online.com\/es\/wp-json\/wp\/v2\/posts\/35616","targetHints":{"allow":["GET"]}}],"collection":[{"href":"https:\/\/www.nordex-online.com\/es\/wp-json\/wp\/v2\/posts"}],"about":[{"href":"https:\/\/www.nordex-online.com\/es\/wp-json\/wp\/v2\/types\/post"}],"author":[{"embeddable":true,"href":"https:\/\/www.nordex-online.com\/es\/wp-json\/wp\/v2\/users\/9"}],"replies":[{"embeddable":true,"href":"https:\/\/www.nordex-online.com\/es\/wp-json\/wp\/v2\/comments?post=35616"}],"version-history":[{"count":1,"href":"https:\/\/www.nordex-online.com\/es\/wp-json\/wp\/v2\/posts\/35616\/revisions"}],"predecessor-version":[{"id":35620,"href":"https:\/\/www.nordex-online.com\/es\/wp-json\/wp\/v2\/posts\/35616\/revisions\/35620"}],"wp:featuredmedia":[{"embeddable":true,"href":"https:\/\/www.nordex-online.com\/es\/wp-json\/wp\/v2\/media\/35619"}],"wp:attachment":[{"href":"https:\/\/www.nordex-online.com\/es\/wp-json\/wp\/v2\/media?parent=35616"}],"wp:term":[{"taxonomy":"category","embeddable":true,"href":"https:\/\/www.nordex-online.com\/es\/wp-json\/wp\/v2\/categories?post=35616"},{"taxonomy":"post_tag","embeddable":true,"href":"https:\/\/www.nordex-online.com\/es\/wp-json\/wp\/v2\/tags?post=35616"}],"curies":[{"name":"wp","href":"https:\/\/api.w.org\/{rel}","templated":true}]}}