{"id":8003,"date":"2023-05-23T12:21:04","date_gmt":"2023-05-23T12:21:04","guid":{"rendered":"https:\/\/www.nordex-online.com\/de\/?p=8003"},"modified":"2023-05-23T17:27:05","modified_gmt":"2023-05-23T17:27:05","slug":"letzte-rueckbaumassnahmen-im-windpark-haltern-am-mittwoch-geplant","status":"publish","type":"post","link":"https:\/\/www.nordex-online.com\/de\/2023\/05\/letzte-rueckbaumassnahmen-im-windpark-haltern-am-mittwoch-geplant\/","title":{"rendered":"Letzte R\u00fcckbauma\u00dfnahmen im Windpark Haltern am Mittwoch geplant"},"content":{"rendered":"\n<p>Am Mittwochmorgen, 24.05.2023 ist der R\u00fcckbau der zweiten Turbine im Windpark Haltern geplant. Wie bei Montagearbeiten ist auch die Durchf\u00fchrung von R\u00fcckbauarbeiten an Windturbinen immer wind- und wetterabh\u00e4ngig und kann sich entsprechend noch kurzfristig verschieben.<\/p>\n\n\n\n<p>Erforderlich geworden war der R\u00fcckbau durch M\u00e4ngel am Betonturm der Anlage. Diese hatten am 29. September 2021 zu der Havarie einer Windturbine desselben Typs gef\u00fchrt. Unmittelbar nach dem Vorfall wurden die ausschlie\u00dflich in Deutschland installierten baugleichen Anlagen vorsorglich gestoppt. Anschlie\u00dfend wurde mit dem Austausch der Betont\u00fcrme begonnen, damit alle Turbinen zeitnah neu errichtet und wieder in Betrieb genommen werden k\u00f6nnen.<\/p>\n\n\n\n<p>Bei der havarierten Turbine im Windpark Haltern wurde dieser Prozess bereits im August des vergangenen Jahres abgeschlossen.<\/p>\n","protected":false},"excerpt":{"rendered":"<p>Am Mittwochmorgen, 24.05.2023 ist der R\u00fcckbau der zweiten Turbine im Windpark Haltern geplant. Wie bei Montagearbeiten ist auch die Durchf\u00fchrung von R\u00fcckbauarbeiten an Windturbinen immer wind- und wetterabh\u00e4ngig und kann sich entsprechend noch kurzfristig verschieben. Erforderlich geworden war der R\u00fcckbau durch M\u00e4ngel am Betonturm der Anlage. Diese hatten am 29. September 2021 zu der Havarie [&hellip;]<\/p>\n","protected":false},"author":6,"featured_media":0,"comment_status":"closed","ping_status":"closed","sticky":false,"template":"","format":"standard","meta":{"_trash_the_other_posts":false,"editor_notices":[],"footnotes":""},"categories":[2050],"tags":[],"class_list":["post-8003","post","type-post","status-publish","format-standard","hentry","category-wind-park-haltern-av9"],"yoast_head":"<!-- This site is optimized with the Yoast SEO Premium plugin v27.3 (Yoast SEO v27.3) - https:\/\/yoast.com\/product\/yoast-seo-premium-wordpress\/ -->\n<title>Letzte R\u00fcckbauma\u00dfnahmen im Windpark Haltern am Mittwoch geplant - Nordex SE - Deutsch<\/title>\n<meta name=\"robots\" content=\"noindex, follow\" \/>\n<meta property=\"og:locale\" content=\"de_DE\" \/>\n<meta property=\"og:type\" content=\"article\" \/>\n<meta property=\"og:title\" content=\"Letzte R\u00fcckbauma\u00dfnahmen im Windpark Haltern am Mittwoch geplant\" \/>\n<meta property=\"og:description\" content=\"Am Mittwochmorgen, 24.05.2023 ist der R\u00fcckbau der zweiten Turbine im Windpark Haltern geplant. Wie bei Montagearbeiten ist auch die Durchf\u00fchrung von R\u00fcckbauarbeiten an Windturbinen immer wind- und wetterabh\u00e4ngig und kann sich entsprechend noch kurzfristig verschieben. Erforderlich geworden war der R\u00fcckbau durch M\u00e4ngel am Betonturm der Anlage. Diese hatten am 29. September 2021 zu der Havarie [&hellip;]\" \/>\n<meta property=\"og:url\" content=\"https:\/\/www.nordex-online.com\/de\/2023\/05\/letzte-rueckbaumassnahmen-im-windpark-haltern-am-mittwoch-geplant\/\" \/>\n<meta property=\"og:site_name\" content=\"Nordex SE - Deutsch\" \/>\n<meta property=\"article:published_time\" content=\"2023-05-23T12:21:04+00:00\" \/>\n<meta property=\"article:modified_time\" content=\"2023-05-23T17:27:05+00:00\" \/>\n<meta name=\"author\" content=\"Lueske, Annkathrin\" \/>\n<meta name=\"twitter:card\" content=\"summary_large_image\" \/>\n<meta name=\"twitter:label1\" content=\"Geschrieben von\" \/>\n\t<meta name=\"twitter:data1\" content=\"Lueske, Annkathrin\" \/>\n\t<meta name=\"twitter:label2\" content=\"Gesch\u00e4tzte Lesezeit\" \/>\n\t<meta name=\"twitter:data2\" content=\"1\u00a0Minute\" \/>\n<script type=\"application\/ld+json\" class=\"yoast-schema-graph\">{\"@context\":\"https:\\\/\\\/schema.org\",\"@graph\":[{\"@type\":\"Article\",\"@id\":\"https:\\\/\\\/www.nordex-online.com\\\/de\\\/2023\\\/05\\\/letzte-rueckbaumassnahmen-im-windpark-haltern-am-mittwoch-geplant\\\/#article\",\"isPartOf\":{\"@id\":\"https:\\\/\\\/www.nordex-online.com\\\/de\\\/2023\\\/05\\\/letzte-rueckbaumassnahmen-im-windpark-haltern-am-mittwoch-geplant\\\/\"},\"author\":{\"name\":\"Lueske, Annkathrin\",\"@id\":\"https:\\\/\\\/www.nordex-online.com\\\/de\\\/#\\\/schema\\\/person\\\/c4337f60eb01413422bc1da80e01eefa\"},\"headline\":\"Letzte R\u00fcckbauma\u00dfnahmen im Windpark Haltern am Mittwoch geplant\",\"datePublished\":\"2023-05-23T12:21:04+00:00\",\"dateModified\":\"2023-05-23T17:27:05+00:00\",\"mainEntityOfPage\":{\"@id\":\"https:\\\/\\\/www.nordex-online.com\\\/de\\\/2023\\\/05\\\/letzte-rueckbaumassnahmen-im-windpark-haltern-am-mittwoch-geplant\\\/\"},\"wordCount\":130,\"publisher\":{\"@id\":\"https:\\\/\\\/www.nordex-online.com\\\/de\\\/#organization\"},\"articleSection\":[\"Wind park Haltern AV9\"],\"inLanguage\":\"de\"},{\"@type\":\"WebPage\",\"@id\":\"https:\\\/\\\/www.nordex-online.com\\\/de\\\/2023\\\/05\\\/letzte-rueckbaumassnahmen-im-windpark-haltern-am-mittwoch-geplant\\\/\",\"url\":\"https:\\\/\\\/www.nordex-online.com\\\/de\\\/2023\\\/05\\\/letzte-rueckbaumassnahmen-im-windpark-haltern-am-mittwoch-geplant\\\/\",\"name\":\"Letzte R\u00fcckbauma\u00dfnahmen im Windpark Haltern am Mittwoch geplant - Nordex SE - Deutsch\",\"isPartOf\":{\"@id\":\"https:\\\/\\\/www.nordex-online.com\\\/de\\\/#website\"},\"datePublished\":\"2023-05-23T12:21:04+00:00\",\"dateModified\":\"2023-05-23T17:27:05+00:00\",\"breadcrumb\":{\"@id\":\"https:\\\/\\\/www.nordex-online.com\\\/de\\\/2023\\\/05\\\/letzte-rueckbaumassnahmen-im-windpark-haltern-am-mittwoch-geplant\\\/#breadcrumb\"},\"inLanguage\":\"de\",\"potentialAction\":[{\"@type\":\"ReadAction\",\"target\":[\"https:\\\/\\\/www.nordex-online.com\\\/de\\\/2023\\\/05\\\/letzte-rueckbaumassnahmen-im-windpark-haltern-am-mittwoch-geplant\\\/\"]}]},{\"@type\":\"BreadcrumbList\",\"@id\":\"https:\\\/\\\/www.nordex-online.com\\\/de\\\/2023\\\/05\\\/letzte-rueckbaumassnahmen-im-windpark-haltern-am-mittwoch-geplant\\\/#breadcrumb\",\"itemListElement\":[{\"@type\":\"ListItem\",\"position\":1,\"name\":\"Home\",\"item\":\"https:\\\/\\\/www.nordex-online.com\\\/de\\\/\"},{\"@type\":\"ListItem\",\"position\":2,\"name\":\"Letzte R\u00fcckbauma\u00dfnahmen im Windpark Haltern am Mittwoch geplant\"}]},{\"@type\":\"WebSite\",\"@id\":\"https:\\\/\\\/www.nordex-online.com\\\/de\\\/#website\",\"url\":\"https:\\\/\\\/www.nordex-online.com\\\/de\\\/\",\"name\":\"Nordex SE - Deutsch\",\"description\":\"Manufacture, installation and maintenance of wind turbines.\",\"publisher\":{\"@id\":\"https:\\\/\\\/www.nordex-online.com\\\/de\\\/#organization\"},\"potentialAction\":[{\"@type\":\"SearchAction\",\"target\":{\"@type\":\"EntryPoint\",\"urlTemplate\":\"https:\\\/\\\/www.nordex-online.com\\\/de\\\/?s={search_term_string}\"},\"query-input\":{\"@type\":\"PropertyValueSpecification\",\"valueRequired\":true,\"valueName\":\"search_term_string\"}}],\"inLanguage\":\"de\"},{\"@type\":\"Organization\",\"@id\":\"https:\\\/\\\/www.nordex-online.com\\\/de\\\/#organization\",\"name\":\"Nordex SE - Deutsch\",\"url\":\"https:\\\/\\\/www.nordex-online.com\\\/de\\\/\",\"logo\":{\"@type\":\"ImageObject\",\"inLanguage\":\"de\",\"@id\":\"https:\\\/\\\/www.nordex-online.com\\\/de\\\/#\\\/schema\\\/logo\\\/image\\\/\",\"url\":\"https:\\\/\\\/www.nordex-online.com\\\/wp-content\\\/uploads\\\/sites\\\/3\\\/2024\\\/07\\\/cropped-cropped-Combined-Logos_cmyk_PNG.png\",\"contentUrl\":\"https:\\\/\\\/www.nordex-online.com\\\/wp-content\\\/uploads\\\/sites\\\/3\\\/2024\\\/07\\\/cropped-cropped-Combined-Logos_cmyk_PNG.png\",\"width\":1181,\"height\":353,\"caption\":\"Nordex SE - Deutsch\"},\"image\":{\"@id\":\"https:\\\/\\\/www.nordex-online.com\\\/de\\\/#\\\/schema\\\/logo\\\/image\\\/\"}},{\"@type\":\"Person\",\"@id\":\"https:\\\/\\\/www.nordex-online.com\\\/de\\\/#\\\/schema\\\/person\\\/c4337f60eb01413422bc1da80e01eefa\",\"name\":\"Lueske, Annkathrin\",\"image\":{\"@type\":\"ImageObject\",\"inLanguage\":\"de\",\"@id\":\"https:\\\/\\\/secure.gravatar.com\\\/avatar\\\/5f437cb50a62dc548338e5f2f7cdc9d3081c5843b1d3b99dd10c7595c4217fa4?s=96&d=mm&r=g\",\"url\":\"https:\\\/\\\/secure.gravatar.com\\\/avatar\\\/5f437cb50a62dc548338e5f2f7cdc9d3081c5843b1d3b99dd10c7595c4217fa4?s=96&d=mm&r=g\",\"contentUrl\":\"https:\\\/\\\/secure.gravatar.com\\\/avatar\\\/5f437cb50a62dc548338e5f2f7cdc9d3081c5843b1d3b99dd10c7595c4217fa4?s=96&d=mm&r=g\",\"caption\":\"Lueske, Annkathrin\"},\"url\":\"https:\\\/\\\/www.nordex-online.com\\\/de\\\/author\\\/alueske\\\/\"}]}<\/script>\n<!-- \/ Yoast SEO Premium plugin. -->","yoast_head_json":{"title":"Letzte R\u00fcckbauma\u00dfnahmen im Windpark Haltern am Mittwoch geplant - Nordex SE - Deutsch","robots":{"index":"noindex","follow":"follow"},"og_locale":"de_DE","og_type":"article","og_title":"Letzte R\u00fcckbauma\u00dfnahmen im Windpark Haltern am Mittwoch geplant","og_description":"Am Mittwochmorgen, 24.05.2023 ist der R\u00fcckbau der zweiten Turbine im Windpark Haltern geplant. Wie bei Montagearbeiten ist auch die Durchf\u00fchrung von R\u00fcckbauarbeiten an Windturbinen immer wind- und wetterabh\u00e4ngig und kann sich entsprechend noch kurzfristig verschieben. Erforderlich geworden war der R\u00fcckbau durch M\u00e4ngel am Betonturm der Anlage. Diese hatten am 29. September 2021 zu der Havarie [&hellip;]","og_url":"https:\/\/www.nordex-online.com\/de\/2023\/05\/letzte-rueckbaumassnahmen-im-windpark-haltern-am-mittwoch-geplant\/","og_site_name":"Nordex SE - Deutsch","article_published_time":"2023-05-23T12:21:04+00:00","article_modified_time":"2023-05-23T17:27:05+00:00","author":"Lueske, Annkathrin","twitter_card":"summary_large_image","twitter_misc":{"Geschrieben von":"Lueske, Annkathrin","Gesch\u00e4tzte Lesezeit":"1\u00a0Minute"},"schema":{"@context":"https:\/\/schema.org","@graph":[{"@type":"Article","@id":"https:\/\/www.nordex-online.com\/de\/2023\/05\/letzte-rueckbaumassnahmen-im-windpark-haltern-am-mittwoch-geplant\/#article","isPartOf":{"@id":"https:\/\/www.nordex-online.com\/de\/2023\/05\/letzte-rueckbaumassnahmen-im-windpark-haltern-am-mittwoch-geplant\/"},"author":{"name":"Lueske, Annkathrin","@id":"https:\/\/www.nordex-online.com\/de\/#\/schema\/person\/c4337f60eb01413422bc1da80e01eefa"},"headline":"Letzte R\u00fcckbauma\u00dfnahmen im Windpark Haltern am Mittwoch geplant","datePublished":"2023-05-23T12:21:04+00:00","dateModified":"2023-05-23T17:27:05+00:00","mainEntityOfPage":{"@id":"https:\/\/www.nordex-online.com\/de\/2023\/05\/letzte-rueckbaumassnahmen-im-windpark-haltern-am-mittwoch-geplant\/"},"wordCount":130,"publisher":{"@id":"https:\/\/www.nordex-online.com\/de\/#organization"},"articleSection":["Wind park Haltern AV9"],"inLanguage":"de"},{"@type":"WebPage","@id":"https:\/\/www.nordex-online.com\/de\/2023\/05\/letzte-rueckbaumassnahmen-im-windpark-haltern-am-mittwoch-geplant\/","url":"https:\/\/www.nordex-online.com\/de\/2023\/05\/letzte-rueckbaumassnahmen-im-windpark-haltern-am-mittwoch-geplant\/","name":"Letzte R\u00fcckbauma\u00dfnahmen im Windpark Haltern am Mittwoch geplant - Nordex SE - Deutsch","isPartOf":{"@id":"https:\/\/www.nordex-online.com\/de\/#website"},"datePublished":"2023-05-23T12:21:04+00:00","dateModified":"2023-05-23T17:27:05+00:00","breadcrumb":{"@id":"https:\/\/www.nordex-online.com\/de\/2023\/05\/letzte-rueckbaumassnahmen-im-windpark-haltern-am-mittwoch-geplant\/#breadcrumb"},"inLanguage":"de","potentialAction":[{"@type":"ReadAction","target":["https:\/\/www.nordex-online.com\/de\/2023\/05\/letzte-rueckbaumassnahmen-im-windpark-haltern-am-mittwoch-geplant\/"]}]},{"@type":"BreadcrumbList","@id":"https:\/\/www.nordex-online.com\/de\/2023\/05\/letzte-rueckbaumassnahmen-im-windpark-haltern-am-mittwoch-geplant\/#breadcrumb","itemListElement":[{"@type":"ListItem","position":1,"name":"Home","item":"https:\/\/www.nordex-online.com\/de\/"},{"@type":"ListItem","position":2,"name":"Letzte R\u00fcckbauma\u00dfnahmen im Windpark Haltern am Mittwoch geplant"}]},{"@type":"WebSite","@id":"https:\/\/www.nordex-online.com\/de\/#website","url":"https:\/\/www.nordex-online.com\/de\/","name":"Nordex SE - Deutsch","description":"Manufacture, installation and maintenance of wind turbines.","publisher":{"@id":"https:\/\/www.nordex-online.com\/de\/#organization"},"potentialAction":[{"@type":"SearchAction","target":{"@type":"EntryPoint","urlTemplate":"https:\/\/www.nordex-online.com\/de\/?s={search_term_string}"},"query-input":{"@type":"PropertyValueSpecification","valueRequired":true,"valueName":"search_term_string"}}],"inLanguage":"de"},{"@type":"Organization","@id":"https:\/\/www.nordex-online.com\/de\/#organization","name":"Nordex SE - Deutsch","url":"https:\/\/www.nordex-online.com\/de\/","logo":{"@type":"ImageObject","inLanguage":"de","@id":"https:\/\/www.nordex-online.com\/de\/#\/schema\/logo\/image\/","url":"https:\/\/www.nordex-online.com\/wp-content\/uploads\/sites\/3\/2024\/07\/cropped-cropped-Combined-Logos_cmyk_PNG.png","contentUrl":"https:\/\/www.nordex-online.com\/wp-content\/uploads\/sites\/3\/2024\/07\/cropped-cropped-Combined-Logos_cmyk_PNG.png","width":1181,"height":353,"caption":"Nordex SE - Deutsch"},"image":{"@id":"https:\/\/www.nordex-online.com\/de\/#\/schema\/logo\/image\/"}},{"@type":"Person","@id":"https:\/\/www.nordex-online.com\/de\/#\/schema\/person\/c4337f60eb01413422bc1da80e01eefa","name":"Lueske, Annkathrin","image":{"@type":"ImageObject","inLanguage":"de","@id":"https:\/\/secure.gravatar.com\/avatar\/5f437cb50a62dc548338e5f2f7cdc9d3081c5843b1d3b99dd10c7595c4217fa4?s=96&d=mm&r=g","url":"https:\/\/secure.gravatar.com\/avatar\/5f437cb50a62dc548338e5f2f7cdc9d3081c5843b1d3b99dd10c7595c4217fa4?s=96&d=mm&r=g","contentUrl":"https:\/\/secure.gravatar.com\/avatar\/5f437cb50a62dc548338e5f2f7cdc9d3081c5843b1d3b99dd10c7595c4217fa4?s=96&d=mm&r=g","caption":"Lueske, Annkathrin"},"url":"https:\/\/www.nordex-online.com\/de\/author\/alueske\/"}]}},"_links":{"self":[{"href":"https:\/\/www.nordex-online.com\/de\/wp-json\/wp\/v2\/posts\/8003","targetHints":{"allow":["GET"]}}],"collection":[{"href":"https:\/\/www.nordex-online.com\/de\/wp-json\/wp\/v2\/posts"}],"about":[{"href":"https:\/\/www.nordex-online.com\/de\/wp-json\/wp\/v2\/types\/post"}],"author":[{"embeddable":true,"href":"https:\/\/www.nordex-online.com\/de\/wp-json\/wp\/v2\/users\/6"}],"replies":[{"embeddable":true,"href":"https:\/\/www.nordex-online.com\/de\/wp-json\/wp\/v2\/comments?post=8003"}],"version-history":[{"count":2,"href":"https:\/\/www.nordex-online.com\/de\/wp-json\/wp\/v2\/posts\/8003\/revisions"}],"predecessor-version":[{"id":8005,"href":"https:\/\/www.nordex-online.com\/de\/wp-json\/wp\/v2\/posts\/8003\/revisions\/8005"}],"wp:attachment":[{"href":"https:\/\/www.nordex-online.com\/de\/wp-json\/wp\/v2\/media?parent=8003"}],"wp:term":[{"taxonomy":"category","embeddable":true,"href":"https:\/\/www.nordex-online.com\/de\/wp-json\/wp\/v2\/categories?post=8003"},{"taxonomy":"post_tag","embeddable":true,"href":"https:\/\/www.nordex-online.com\/de\/wp-json\/wp\/v2\/tags?post=8003"}],"curies":[{"name":"wp","href":"https:\/\/api.w.org\/{rel}","templated":true}]}}