{"id":46316,"date":"2022-06-26T19:48:16","date_gmt":"2022-06-26T19:48:16","guid":{"rendered":"https:\/\/www.nordex-online.com\/de\/2022\/06\/nordex-se-nordex-se-beschliesst-kapitalerhoehung\/"},"modified":"2026-04-26T17:06:59","modified_gmt":"2026-04-26T17:06:59","slug":"nordex-se-nordex-se-beschliesst-kapitalerhoehung","status":"publish","type":"post","link":"https:\/\/www.nordex-online.com\/de\/2022\/06\/nordex-se-nordex-se-beschliesst-kapitalerhoehung\/","title":{"rendered":"Nordex SE: Nordex SE beschlie\u00dft Kapitalerh\u00f6hung"},"content":{"rendered":"<table border=\"0\">\n<tr>\n<td>\n<p>Nordex SE \/ Schlagwort(e): Kapitalerh\u00f6hung<\/p>\n<p>Nordex SE: Nordex SE beschlie\u00dft Kapitalerh\u00f6hung <\/p>\n<p>26.06.2022 \/ 21:48 CET\/CEST<\/p>\n<p>Ver\u00f6ffentlichung einer Insiderinformation nach Artikel 17 der Verordnung (EU) Nr. 596\/2014, \u00fcbermittelt durch DGAP &#8211; ein Service der EQS Group AG.<\/p>\n<p>F\u00fcr den Inhalt der Mitteilung ist der Emittent \/ Herausgeber verantwortlich.<\/p>\n<hr \/>\n<div>\n<p><b>Ad-hoc Ver\u00f6ffentlichung<\/p>\n<p>DIE IN DIESER BEKANNTMACHUNG ENTHALTENEN INFORMATIONEN SIND WEDER ZUR VER\u00d6FFENTLICHUNG NOCH ZUR WEITERGABE IN DIE BZW. INNERHALB DER VEREINIGTEN STAATEN VON AMERIKA, AUSTRALIEN, KANADA ODER JAPAN ODER EINER ANDEREN JURISDIKTION, IN DER DIE WEITERGABE ODER VER\u00d6FFENTLICHUNG VERBOTEN IST, BESTIMMT.<\/b><\/p>\n<p><b>Nordex SE beschlie\u00dft Kapitalerh\u00f6hung<\/b><\/p>\n<p><b>Hamburg, 26. Juni 2022<\/b>. Der Vorstand der Nordex SE (&#8222;Nordex&#8220; oder die &#8222;Gesellschaft&#8220;, ISIN DE000A0D6554) hat heute mit Zustimmung des Aufsichtsrats beschlossen, eine Kapitalerh\u00f6hung gegen Bareinlagen im Umfang von nahezu 10 % des bestehenden Grundkapitals mit Bezugsrechtsausschluss und unter teilweiser Ausnutzung des genehmigten Kapitals durchzuf\u00fchren.<\/p>\n<p>Insgesamt 16.002.103 neue auf den Inhaber lautende St\u00fcckaktien mit einer Dividendenberechtigung ab dem 1. Januar 2022 werden mit Bezugsrechtsausschluss im Wege einer Privatplatzierung an die Ankeraktion\u00e4rin Acciona S.A. zu einem Ausgabebetrag von EUR 8,70 je Aktie ausgegeben. Der Ausgabebetrag entspricht dem letzten Schlusskurs im Xetra-Handel der Frankfurter Wertpapierb\u00f6rse vor dem Kapitalerh\u00f6hungsbeschluss. Die Privatplatzierung wird einen Brutto-Emissionserl\u00f6s von ca. EUR 139,2 Millionen erzielen. Nach Wirksamwerden der Kapitalerh\u00f6hung wird das Grundkapital der Gesellschaft EUR 176.023.138,00 betragen, eingeteilt in 176.023.138 auf den Inhaber lautende St\u00fcckaktien.<\/p>\n<p>Die Kapitalerh\u00f6hung ist Teil der Strategie, die Liquidit\u00e4t der Gesellschaft zu erh\u00f6hen und die Bilanz zu st\u00e4rken, um diese gegen die kurzfristigen Risiken, denen der Sektor ausgesetzt ist, abzusichern.<\/p>\n<p>Weitere Informationen:<\/p>\n<p><u>Head of Investor Relations<\/u><\/p>\n<p>Nordex SE<br \/>\nFelix Zander<br \/>\nTelefon: +49 152 0902 4029<br \/><a href=\"mailto:fzander@nordex-online.com\">fzander@nordex-online.com<\/a><\/p>\n<p>Diese Bekanntmachung ist kein und stellt weder ein Angebot noch eine Aufforderung zum Kauf oder zur Zeichnung von Wertpapieren in den Vereinigten Staaten von Amerika, Australien, Kanada, Japan oder anderen Jurisdiktionen dar, in denen ein solches Angebot Beschr\u00e4nkungen unterliegen k\u00f6nnte. Wertpapiere d\u00fcrfen in den Vereinigten Staaten von Amerika nur mit vorheriger Registrierung oder ohne vorherige Registrierung nur aufgrund einer Ausnahmeregelung unter den Vorschriften des U.S. Securities Act von 1933 in der jeweils g\u00fcltigen Fassung (der \u201eSecurities Act\u201c) verkauft oder zum Verkauf angeboten werden. Es findet kein \u00f6ffentliches Angebot der in dieser Bekanntmachung genannten Wertpapiere in den Vereinigten Staaten von Amerika statt.<\/p>\n<\/div>\n<hr \/>\n<p>\n26.06.2022 CET\/CEST Die DGAP Distributionsservices umfassen gesetzliche Meldepflichten, Corporate News\/Finanznachrichten und Pressemitteilungen.<br \/>Medienarchiv unter http:\/\/www.dgap.de<\/p>\n<hr \/>\n<\/td>\n<\/tr>\n<\/table>\n<table>\n<tr>\n<td align=\"left\" valign=\"top\">Sprache:<\/td>\n<td align=\"left\" valign=\"top\">Deutsch<\/td>\n<\/tr>\n<tr>\n<td align=\"left\" valign=\"top\">Unternehmen:<\/td>\n<td align=\"left\" valign=\"top\">Nordex SE<\/td>\n<\/tr>\n<tr>\n<td align=\"left\" valign=\"top\" \/>\n<td align=\"left\" valign=\"top\">Erich-Schlesinger-Stra\u00dfe 50<\/td>\n<\/tr>\n<tr>\n<td align=\"left\" valign=\"top\" \/>\n<td align=\"left\" valign=\"top\">18059 Rostock<\/td>\n<\/tr>\n<tr>\n<td align=\"left\" valign=\"top\" \/>\n<td align=\"left\" valign=\"top\">Deutschland<\/td>\n<\/tr>\n<tr>\n<td align=\"left\" valign=\"top\">Telefon:<\/td>\n<td align=\"left\" valign=\"top\">+49 381 6663 3300<\/td>\n<\/tr>\n<tr>\n<td align=\"left\" valign=\"top\">Fax:<\/td>\n<td align=\"left\" valign=\"top\">+49 381 6663 3339<\/td>\n<\/tr>\n<tr>\n<td align=\"left\" valign=\"top\">E-Mail:<\/td>\n<td align=\"left\" valign=\"top\">info@nordex-online.com<\/td>\n<\/tr>\n<tr>\n<td align=\"left\" valign=\"top\">Internet:<\/td>\n<td align=\"left\" valign=\"top\">www.nordex-online.com<\/td>\n<\/tr>\n<tr>\n<td align=\"left\" valign=\"top\">ISIN:<\/td>\n<td align=\"left\" valign=\"top\">DE000A0D6554<\/td>\n<\/tr>\n<tr>\n<td align=\"left\" valign=\"top\">WKN:<\/td>\n<td align=\"left\" valign=\"top\">A0D655<\/td>\n<\/tr>\n<tr>\n<td align=\"left\" valign=\"top\">B\u00f6rsen:<\/td>\n<td align=\"left\" valign=\"top\">Regulierter Markt in Frankfurt (Prime Standard); Freiverkehr in Berlin, D\u00fcsseldorf, Hamburg, Hannover, M\u00fcnchen, Stuttgart, Tradegate Exchange<\/td>\n<\/tr>\n<tr>\n<td align=\"left\" valign=\"top\">EQS News ID:<\/td>\n<td align=\"left\" valign=\"top\">1383823<\/td>\n<\/tr>\n<\/table>\n<p><\/p>\n<table border=\"0\">\n<tr>\n<td align=\"left\" valign=\"top\" colspan=\"2\" \/>\n<\/tr>\n<\/table>\n<table border=\"0\">\n<tr>\n<td align=\"left\" valign=\"top\" colspan=\"2\">\u00a0<\/td>\n<\/tr>\n<tr>\n<td align=\"left\" valign=\"top\">Ende der Mitteilung<\/td>\n<td align=\"left\" valign=\"top\">DGAP News-Service<\/td>\n<\/tr>\n<\/table>\n<table border=\"0\">\n<tr>\n<td>\n<hr \/>\n<\/td>\n<\/tr>\n<\/table>\n<div>\n<p>1383823\u00a0\u00a026.06.2022\u00a0CET\/CEST<\/p>\n<\/div>\n<p><img loading=\"lazy\" decoding=\"async\" src=\"https:\/\/eqs-cockpit.com\/cgi-bin\/fncls.ssp?fn=show_t_gif&amp;application_id=1383823&amp;application_name=news&amp;site_id=airport_aws\" alt=\"fncls.ssp?fn=show_t_gif&amp;application_id=1383823&amp;application_name=news&amp;site_id=airport_aws\" width=\"0\" height=\"0\" border=\"0\" \/><\/p>\n","protected":false},"excerpt":{"rendered":"<p>Nordex SE \/ Schlagwort(e): Kapitalerh\u00f6hung Nordex SE: Nordex SE beschlie\u00dft Kapitalerh\u00f6hung 26.06.2022 \/ 21:48 CET\/CEST Ver\u00f6ffentlichung einer Insiderinformation nach Artikel 17 der Verordnung (EU) Nr. 596\/2014, \u00fcbermittelt durch DGAP &#8211; ein Service der EQS Group AG. F\u00fcr den Inhalt der Mitteilung ist der Emittent \/ Herausgeber verantwortlich. Ad-hoc Ver\u00f6ffentlichung DIE IN DIESER BEKANNTMACHUNG ENTHALTENEN INFORMATIONEN [&hellip;]<\/p>\n","protected":false},"author":5,"featured_media":0,"comment_status":"closed","ping_status":"closed","sticky":false,"template":"","format":"standard","meta":{"_trash_the_other_posts":false,"editor_notices":[],"footnotes":""},"categories":[1251,1250],"tags":[],"class_list":["post-46316","post","type-post","status-publish","format-standard","hentry","category-adhoc","category-investor-relations"],"yoast_head":"<!-- This site is optimized with the Yoast SEO Premium plugin v27.3 (Yoast SEO v27.3) - https:\/\/yoast.com\/product\/yoast-seo-premium-wordpress\/ -->\n<title>Nordex SE: Nordex SE beschlie\u00dft Kapitalerh\u00f6hung - Nordex SE - Deutsch<\/title>\n<meta name=\"robots\" content=\"index, follow, max-snippet:-1, max-image-preview:large, max-video-preview:-1\" \/>\n<link rel=\"canonical\" href=\"https:\/\/www.nordex-online.com\/de\/2022\/06\/nordex-se-nordex-se-beschliesst-kapitalerhoehung\/\" \/>\n<meta property=\"og:locale\" content=\"de_DE\" \/>\n<meta property=\"og:type\" content=\"article\" \/>\n<meta property=\"og:title\" content=\"Nordex SE: Nordex SE beschlie\u00dft Kapitalerh\u00f6hung\" \/>\n<meta property=\"og:description\" content=\"Nordex SE \/ Schlagwort(e): Kapitalerh\u00f6hung Nordex SE: Nordex SE beschlie\u00dft Kapitalerh\u00f6hung 26.06.2022 \/ 21:48 CET\/CEST Ver\u00f6ffentlichung einer Insiderinformation nach Artikel 17 der Verordnung (EU) Nr. 596\/2014, \u00fcbermittelt durch DGAP &#8211; ein Service der EQS Group AG. F\u00fcr den Inhalt der Mitteilung ist der Emittent \/ Herausgeber verantwortlich. Ad-hoc Ver\u00f6ffentlichung DIE IN DIESER BEKANNTMACHUNG ENTHALTENEN INFORMATIONEN [&hellip;]\" \/>\n<meta property=\"og:url\" content=\"https:\/\/www.nordex-online.com\/de\/2022\/06\/nordex-se-nordex-se-beschliesst-kapitalerhoehung\/\" \/>\n<meta property=\"og:site_name\" content=\"Nordex SE - Deutsch\" \/>\n<meta property=\"article:published_time\" content=\"2022-06-26T19:48:16+00:00\" \/>\n<meta property=\"article:modified_time\" content=\"2026-04-26T17:06:59+00:00\" \/>\n<meta property=\"og:image\" content=\"https:\/\/eqs-cockpit.com\/cgi-bin\/fncls.ssp?fn=show_t_gif&amp;application_id=1383823&amp;application_name=news&amp;site_id=airport_aws\" \/>\n<meta name=\"author\" content=\"aeckert\" \/>\n<meta name=\"twitter:card\" content=\"summary_large_image\" \/>\n<meta name=\"twitter:label1\" content=\"Geschrieben von\" \/>\n\t<meta name=\"twitter:data1\" content=\"aeckert\" \/>\n\t<meta name=\"twitter:label2\" content=\"Gesch\u00e4tzte Lesezeit\" \/>\n\t<meta name=\"twitter:data2\" content=\"2\u00a0Minuten\" \/>\n<script type=\"application\/ld+json\" class=\"yoast-schema-graph\">{\"@context\":\"https:\\\/\\\/schema.org\",\"@graph\":[{\"@type\":\"Article\",\"@id\":\"https:\\\/\\\/www.nordex-online.com\\\/de\\\/2022\\\/06\\\/nordex-se-nordex-se-beschliesst-kapitalerhoehung\\\/#article\",\"isPartOf\":{\"@id\":\"https:\\\/\\\/www.nordex-online.com\\\/de\\\/2022\\\/06\\\/nordex-se-nordex-se-beschliesst-kapitalerhoehung\\\/\"},\"author\":{\"name\":\"aeckert\",\"@id\":\"https:\\\/\\\/www.nordex-online.com\\\/de\\\/#\\\/schema\\\/person\\\/81621b8f0d2d2d605ac828cef137de95\"},\"headline\":\"Nordex SE: Nordex SE beschlie\u00dft Kapitalerh\u00f6hung\",\"datePublished\":\"2022-06-26T19:48:16+00:00\",\"dateModified\":\"2026-04-26T17:06:59+00:00\",\"mainEntityOfPage\":{\"@id\":\"https:\\\/\\\/www.nordex-online.com\\\/de\\\/2022\\\/06\\\/nordex-se-nordex-se-beschliesst-kapitalerhoehung\\\/\"},\"wordCount\":460,\"publisher\":{\"@id\":\"https:\\\/\\\/www.nordex-online.com\\\/de\\\/#organization\"},\"image\":{\"@id\":\"https:\\\/\\\/www.nordex-online.com\\\/de\\\/2022\\\/06\\\/nordex-se-nordex-se-beschliesst-kapitalerhoehung\\\/#primaryimage\"},\"thumbnailUrl\":\"https:\\\/\\\/eqs-cockpit.com\\\/cgi-bin\\\/fncls.ssp?fn=show_t_gif&amp;application_id=1383823&amp;application_name=news&amp;site_id=airport_aws\",\"articleSection\":[\"Ad-hoc\",\"Investorenbeziehungen\"],\"inLanguage\":\"de\"},{\"@type\":\"WebPage\",\"@id\":\"https:\\\/\\\/www.nordex-online.com\\\/de\\\/2022\\\/06\\\/nordex-se-nordex-se-beschliesst-kapitalerhoehung\\\/\",\"url\":\"https:\\\/\\\/www.nordex-online.com\\\/de\\\/2022\\\/06\\\/nordex-se-nordex-se-beschliesst-kapitalerhoehung\\\/\",\"name\":\"Nordex SE: Nordex SE beschlie\u00dft Kapitalerh\u00f6hung - Nordex SE - Deutsch\",\"isPartOf\":{\"@id\":\"https:\\\/\\\/www.nordex-online.com\\\/de\\\/#website\"},\"primaryImageOfPage\":{\"@id\":\"https:\\\/\\\/www.nordex-online.com\\\/de\\\/2022\\\/06\\\/nordex-se-nordex-se-beschliesst-kapitalerhoehung\\\/#primaryimage\"},\"image\":{\"@id\":\"https:\\\/\\\/www.nordex-online.com\\\/de\\\/2022\\\/06\\\/nordex-se-nordex-se-beschliesst-kapitalerhoehung\\\/#primaryimage\"},\"thumbnailUrl\":\"https:\\\/\\\/eqs-cockpit.com\\\/cgi-bin\\\/fncls.ssp?fn=show_t_gif&amp;application_id=1383823&amp;application_name=news&amp;site_id=airport_aws\",\"datePublished\":\"2022-06-26T19:48:16+00:00\",\"dateModified\":\"2026-04-26T17:06:59+00:00\",\"breadcrumb\":{\"@id\":\"https:\\\/\\\/www.nordex-online.com\\\/de\\\/2022\\\/06\\\/nordex-se-nordex-se-beschliesst-kapitalerhoehung\\\/#breadcrumb\"},\"inLanguage\":\"de\",\"potentialAction\":[{\"@type\":\"ReadAction\",\"target\":[\"https:\\\/\\\/www.nordex-online.com\\\/de\\\/2022\\\/06\\\/nordex-se-nordex-se-beschliesst-kapitalerhoehung\\\/\"]}]},{\"@type\":\"ImageObject\",\"inLanguage\":\"de\",\"@id\":\"https:\\\/\\\/www.nordex-online.com\\\/de\\\/2022\\\/06\\\/nordex-se-nordex-se-beschliesst-kapitalerhoehung\\\/#primaryimage\",\"url\":\"https:\\\/\\\/eqs-cockpit.com\\\/cgi-bin\\\/fncls.ssp?fn=show_t_gif&amp;application_id=1383823&amp;application_name=news&amp;site_id=airport_aws\",\"contentUrl\":\"https:\\\/\\\/eqs-cockpit.com\\\/cgi-bin\\\/fncls.ssp?fn=show_t_gif&amp;application_id=1383823&amp;application_name=news&amp;site_id=airport_aws\"},{\"@type\":\"BreadcrumbList\",\"@id\":\"https:\\\/\\\/www.nordex-online.com\\\/de\\\/2022\\\/06\\\/nordex-se-nordex-se-beschliesst-kapitalerhoehung\\\/#breadcrumb\",\"itemListElement\":[{\"@type\":\"ListItem\",\"position\":1,\"name\":\"Home\",\"item\":\"https:\\\/\\\/www.nordex-online.com\\\/de\\\/\"},{\"@type\":\"ListItem\",\"position\":2,\"name\":\"Nordex SE: Nordex SE beschlie\u00dft Kapitalerh\u00f6hung\"}]},{\"@type\":\"WebSite\",\"@id\":\"https:\\\/\\\/www.nordex-online.com\\\/de\\\/#website\",\"url\":\"https:\\\/\\\/www.nordex-online.com\\\/de\\\/\",\"name\":\"Nordex SE - Deutsch\",\"description\":\"Manufacture, installation and maintenance of wind turbines.\",\"publisher\":{\"@id\":\"https:\\\/\\\/www.nordex-online.com\\\/de\\\/#organization\"},\"potentialAction\":[{\"@type\":\"SearchAction\",\"target\":{\"@type\":\"EntryPoint\",\"urlTemplate\":\"https:\\\/\\\/www.nordex-online.com\\\/de\\\/?s={search_term_string}\"},\"query-input\":{\"@type\":\"PropertyValueSpecification\",\"valueRequired\":true,\"valueName\":\"search_term_string\"}}],\"inLanguage\":\"de\"},{\"@type\":\"Organization\",\"@id\":\"https:\\\/\\\/www.nordex-online.com\\\/de\\\/#organization\",\"name\":\"Nordex SE - Deutsch\",\"url\":\"https:\\\/\\\/www.nordex-online.com\\\/de\\\/\",\"logo\":{\"@type\":\"ImageObject\",\"inLanguage\":\"de\",\"@id\":\"https:\\\/\\\/www.nordex-online.com\\\/de\\\/#\\\/schema\\\/logo\\\/image\\\/\",\"url\":\"https:\\\/\\\/www.nordex-online.com\\\/wp-content\\\/uploads\\\/sites\\\/3\\\/2024\\\/07\\\/cropped-cropped-Combined-Logos_cmyk_PNG.png\",\"contentUrl\":\"https:\\\/\\\/www.nordex-online.com\\\/wp-content\\\/uploads\\\/sites\\\/3\\\/2024\\\/07\\\/cropped-cropped-Combined-Logos_cmyk_PNG.png\",\"width\":1181,\"height\":353,\"caption\":\"Nordex SE - Deutsch\"},\"image\":{\"@id\":\"https:\\\/\\\/www.nordex-online.com\\\/de\\\/#\\\/schema\\\/logo\\\/image\\\/\"}},{\"@type\":\"Person\",\"@id\":\"https:\\\/\\\/www.nordex-online.com\\\/de\\\/#\\\/schema\\\/person\\\/81621b8f0d2d2d605ac828cef137de95\",\"name\":\"aeckert\",\"image\":{\"@type\":\"ImageObject\",\"inLanguage\":\"de\",\"@id\":\"https:\\\/\\\/secure.gravatar.com\\\/avatar\\\/9bb1da8fdca865f8714afd486408f3f4d26ef53f3ff2e44201e2a0a3b5e3c6b2?s=96&d=mm&r=g\",\"url\":\"https:\\\/\\\/secure.gravatar.com\\\/avatar\\\/9bb1da8fdca865f8714afd486408f3f4d26ef53f3ff2e44201e2a0a3b5e3c6b2?s=96&d=mm&r=g\",\"contentUrl\":\"https:\\\/\\\/secure.gravatar.com\\\/avatar\\\/9bb1da8fdca865f8714afd486408f3f4d26ef53f3ff2e44201e2a0a3b5e3c6b2?s=96&d=mm&r=g\",\"caption\":\"aeckert\"},\"url\":\"https:\\\/\\\/www.nordex-online.com\\\/de\\\/author\\\/antje\\\/\"}]}<\/script>\n<!-- \/ Yoast SEO Premium plugin. -->","yoast_head_json":{"title":"Nordex SE: Nordex SE beschlie\u00dft Kapitalerh\u00f6hung - Nordex SE - Deutsch","robots":{"index":"index","follow":"follow","max-snippet":"max-snippet:-1","max-image-preview":"max-image-preview:large","max-video-preview":"max-video-preview:-1"},"canonical":"https:\/\/www.nordex-online.com\/de\/2022\/06\/nordex-se-nordex-se-beschliesst-kapitalerhoehung\/","og_locale":"de_DE","og_type":"article","og_title":"Nordex SE: Nordex SE beschlie\u00dft Kapitalerh\u00f6hung","og_description":"Nordex SE \/ Schlagwort(e): Kapitalerh\u00f6hung Nordex SE: Nordex SE beschlie\u00dft Kapitalerh\u00f6hung 26.06.2022 \/ 21:48 CET\/CEST Ver\u00f6ffentlichung einer Insiderinformation nach Artikel 17 der Verordnung (EU) Nr. 596\/2014, \u00fcbermittelt durch DGAP &#8211; ein Service der EQS Group AG. F\u00fcr den Inhalt der Mitteilung ist der Emittent \/ Herausgeber verantwortlich. Ad-hoc Ver\u00f6ffentlichung DIE IN DIESER BEKANNTMACHUNG ENTHALTENEN INFORMATIONEN [&hellip;]","og_url":"https:\/\/www.nordex-online.com\/de\/2022\/06\/nordex-se-nordex-se-beschliesst-kapitalerhoehung\/","og_site_name":"Nordex SE - Deutsch","article_published_time":"2022-06-26T19:48:16+00:00","article_modified_time":"2026-04-26T17:06:59+00:00","og_image":[{"url":"https:\/\/eqs-cockpit.com\/cgi-bin\/fncls.ssp?fn=show_t_gif&amp;application_id=1383823&amp;application_name=news&amp;site_id=airport_aws","type":"","width":"","height":""}],"author":"aeckert","twitter_card":"summary_large_image","twitter_misc":{"Geschrieben von":"aeckert","Gesch\u00e4tzte Lesezeit":"2\u00a0Minuten"},"schema":{"@context":"https:\/\/schema.org","@graph":[{"@type":"Article","@id":"https:\/\/www.nordex-online.com\/de\/2022\/06\/nordex-se-nordex-se-beschliesst-kapitalerhoehung\/#article","isPartOf":{"@id":"https:\/\/www.nordex-online.com\/de\/2022\/06\/nordex-se-nordex-se-beschliesst-kapitalerhoehung\/"},"author":{"name":"aeckert","@id":"https:\/\/www.nordex-online.com\/de\/#\/schema\/person\/81621b8f0d2d2d605ac828cef137de95"},"headline":"Nordex SE: Nordex SE beschlie\u00dft Kapitalerh\u00f6hung","datePublished":"2022-06-26T19:48:16+00:00","dateModified":"2026-04-26T17:06:59+00:00","mainEntityOfPage":{"@id":"https:\/\/www.nordex-online.com\/de\/2022\/06\/nordex-se-nordex-se-beschliesst-kapitalerhoehung\/"},"wordCount":460,"publisher":{"@id":"https:\/\/www.nordex-online.com\/de\/#organization"},"image":{"@id":"https:\/\/www.nordex-online.com\/de\/2022\/06\/nordex-se-nordex-se-beschliesst-kapitalerhoehung\/#primaryimage"},"thumbnailUrl":"https:\/\/eqs-cockpit.com\/cgi-bin\/fncls.ssp?fn=show_t_gif&amp;application_id=1383823&amp;application_name=news&amp;site_id=airport_aws","articleSection":["Ad-hoc","Investorenbeziehungen"],"inLanguage":"de"},{"@type":"WebPage","@id":"https:\/\/www.nordex-online.com\/de\/2022\/06\/nordex-se-nordex-se-beschliesst-kapitalerhoehung\/","url":"https:\/\/www.nordex-online.com\/de\/2022\/06\/nordex-se-nordex-se-beschliesst-kapitalerhoehung\/","name":"Nordex SE: Nordex SE beschlie\u00dft Kapitalerh\u00f6hung - Nordex SE - Deutsch","isPartOf":{"@id":"https:\/\/www.nordex-online.com\/de\/#website"},"primaryImageOfPage":{"@id":"https:\/\/www.nordex-online.com\/de\/2022\/06\/nordex-se-nordex-se-beschliesst-kapitalerhoehung\/#primaryimage"},"image":{"@id":"https:\/\/www.nordex-online.com\/de\/2022\/06\/nordex-se-nordex-se-beschliesst-kapitalerhoehung\/#primaryimage"},"thumbnailUrl":"https:\/\/eqs-cockpit.com\/cgi-bin\/fncls.ssp?fn=show_t_gif&amp;application_id=1383823&amp;application_name=news&amp;site_id=airport_aws","datePublished":"2022-06-26T19:48:16+00:00","dateModified":"2026-04-26T17:06:59+00:00","breadcrumb":{"@id":"https:\/\/www.nordex-online.com\/de\/2022\/06\/nordex-se-nordex-se-beschliesst-kapitalerhoehung\/#breadcrumb"},"inLanguage":"de","potentialAction":[{"@type":"ReadAction","target":["https:\/\/www.nordex-online.com\/de\/2022\/06\/nordex-se-nordex-se-beschliesst-kapitalerhoehung\/"]}]},{"@type":"ImageObject","inLanguage":"de","@id":"https:\/\/www.nordex-online.com\/de\/2022\/06\/nordex-se-nordex-se-beschliesst-kapitalerhoehung\/#primaryimage","url":"https:\/\/eqs-cockpit.com\/cgi-bin\/fncls.ssp?fn=show_t_gif&amp;application_id=1383823&amp;application_name=news&amp;site_id=airport_aws","contentUrl":"https:\/\/eqs-cockpit.com\/cgi-bin\/fncls.ssp?fn=show_t_gif&amp;application_id=1383823&amp;application_name=news&amp;site_id=airport_aws"},{"@type":"BreadcrumbList","@id":"https:\/\/www.nordex-online.com\/de\/2022\/06\/nordex-se-nordex-se-beschliesst-kapitalerhoehung\/#breadcrumb","itemListElement":[{"@type":"ListItem","position":1,"name":"Home","item":"https:\/\/www.nordex-online.com\/de\/"},{"@type":"ListItem","position":2,"name":"Nordex SE: Nordex SE beschlie\u00dft Kapitalerh\u00f6hung"}]},{"@type":"WebSite","@id":"https:\/\/www.nordex-online.com\/de\/#website","url":"https:\/\/www.nordex-online.com\/de\/","name":"Nordex SE - Deutsch","description":"Manufacture, installation and maintenance of wind turbines.","publisher":{"@id":"https:\/\/www.nordex-online.com\/de\/#organization"},"potentialAction":[{"@type":"SearchAction","target":{"@type":"EntryPoint","urlTemplate":"https:\/\/www.nordex-online.com\/de\/?s={search_term_string}"},"query-input":{"@type":"PropertyValueSpecification","valueRequired":true,"valueName":"search_term_string"}}],"inLanguage":"de"},{"@type":"Organization","@id":"https:\/\/www.nordex-online.com\/de\/#organization","name":"Nordex SE - Deutsch","url":"https:\/\/www.nordex-online.com\/de\/","logo":{"@type":"ImageObject","inLanguage":"de","@id":"https:\/\/www.nordex-online.com\/de\/#\/schema\/logo\/image\/","url":"https:\/\/www.nordex-online.com\/wp-content\/uploads\/sites\/3\/2024\/07\/cropped-cropped-Combined-Logos_cmyk_PNG.png","contentUrl":"https:\/\/www.nordex-online.com\/wp-content\/uploads\/sites\/3\/2024\/07\/cropped-cropped-Combined-Logos_cmyk_PNG.png","width":1181,"height":353,"caption":"Nordex SE - Deutsch"},"image":{"@id":"https:\/\/www.nordex-online.com\/de\/#\/schema\/logo\/image\/"}},{"@type":"Person","@id":"https:\/\/www.nordex-online.com\/de\/#\/schema\/person\/81621b8f0d2d2d605ac828cef137de95","name":"aeckert","image":{"@type":"ImageObject","inLanguage":"de","@id":"https:\/\/secure.gravatar.com\/avatar\/9bb1da8fdca865f8714afd486408f3f4d26ef53f3ff2e44201e2a0a3b5e3c6b2?s=96&d=mm&r=g","url":"https:\/\/secure.gravatar.com\/avatar\/9bb1da8fdca865f8714afd486408f3f4d26ef53f3ff2e44201e2a0a3b5e3c6b2?s=96&d=mm&r=g","contentUrl":"https:\/\/secure.gravatar.com\/avatar\/9bb1da8fdca865f8714afd486408f3f4d26ef53f3ff2e44201e2a0a3b5e3c6b2?s=96&d=mm&r=g","caption":"aeckert"},"url":"https:\/\/www.nordex-online.com\/de\/author\/antje\/"}]}},"_links":{"self":[{"href":"https:\/\/www.nordex-online.com\/de\/wp-json\/wp\/v2\/posts\/46316","targetHints":{"allow":["GET"]}}],"collection":[{"href":"https:\/\/www.nordex-online.com\/de\/wp-json\/wp\/v2\/posts"}],"about":[{"href":"https:\/\/www.nordex-online.com\/de\/wp-json\/wp\/v2\/types\/post"}],"author":[{"embeddable":true,"href":"https:\/\/www.nordex-online.com\/de\/wp-json\/wp\/v2\/users\/5"}],"replies":[{"embeddable":true,"href":"https:\/\/www.nordex-online.com\/de\/wp-json\/wp\/v2\/comments?post=46316"}],"version-history":[{"count":1,"href":"https:\/\/www.nordex-online.com\/de\/wp-json\/wp\/v2\/posts\/46316\/revisions"}],"predecessor-version":[{"id":46317,"href":"https:\/\/www.nordex-online.com\/de\/wp-json\/wp\/v2\/posts\/46316\/revisions\/46317"}],"wp:attachment":[{"href":"https:\/\/www.nordex-online.com\/de\/wp-json\/wp\/v2\/media?parent=46316"}],"wp:term":[{"taxonomy":"category","embeddable":true,"href":"https:\/\/www.nordex-online.com\/de\/wp-json\/wp\/v2\/categories?post=46316"},{"taxonomy":"post_tag","embeddable":true,"href":"https:\/\/www.nordex-online.com\/de\/wp-json\/wp\/v2\/tags?post=46316"}],"curies":[{"name":"wp","href":"https:\/\/api.w.org\/{rel}","templated":true}]}}