{"id":46312,"date":"2023-02-15T17:18:06","date_gmt":"2023-02-15T17:18:06","guid":{"rendered":"https:\/\/www.nordex-online.com\/de\/2023\/02\/nordex-se-beruft-ausserordentliche-hauptversammlung-zur-beschlussfassung-ueber-umwandlung-von-gesellschafterdarlehen-in-eigenkapital-sachkapitalerhoehung-mit-bezugsrechtsausschluss-ein\/"},"modified":"2026-04-30T06:39:28","modified_gmt":"2026-04-30T06:39:28","slug":"nordex-se-beruft-ausserordentliche-hauptversammlung-zur-beschlussfassung-ueber-umwandlung-von-gesellschafterdarlehen-in-eigenkapital-sachkapitalerhoehung-mit-bezugsrechtsausschluss-ein","status":"publish","type":"post","link":"https:\/\/www.nordex-online.com\/de\/2023\/02\/nordex-se-beruft-ausserordentliche-hauptversammlung-zur-beschlussfassung-ueber-umwandlung-von-gesellschafterdarlehen-in-eigenkapital-sachkapitalerhoehung-mit-bezugsrechtsausschluss-ein\/","title":{"rendered":"Nordex SE beruft au\u00dferordentliche Hauptversammlung zur Beschlussfassung \u00fcber Umwandlung von Gesellschafterdarlehen in Eigenkapital (Sachkapitalerh\u00f6hung mit Bezugsrechtsausschluss) ein"},"content":{"rendered":"<table border=\"0\">\n<tr>\n<td>\n<p>Nordex SE \/ Schlagwort(e): Hauptversammlung<\/p>\n<p>Nordex SE beruft au\u00dferordentliche Hauptversammlung zur Beschlussfassung \u00fcber Umwandlung von Gesellschafterdarlehen in Eigenkapital (Sachkapitalerh\u00f6hung mit Bezugsrechtsausschluss) ein <\/p>\n<p>15.02.2023 \/ 18:18 CET\/CEST<\/p>\n<p>Ver\u00f6ffentlichung einer Insiderinformation nach Artikel 17 der Verordnung (EU) Nr. 596\/2014, \u00fcbermittelt durch EQS News &#8211; ein Service der EQS Group AG.<\/p>\n<p>F\u00fcr den Inhalt der Mitteilung ist der Emittent \/ Herausgeber verantwortlich.<\/p>\n<hr \/>\n<div>\n<p>DIE IN DIESER BEKANNTMACHUNG ENTHALTENEN INFORMATIONEN SIND WEDER ZUR VER\u00d6FFENTLICHUNG NOCH ZUR WEITERGABE IN DIE BZW. INNERHALB DER VEREINIGTEN STAATEN VON AMERIKA, AUSTRALIEN, KANADA ODER JAPAN ODER EINER ANDEREN JURISDIKTION, IN DER DIE WEITERGABE ODER VER\u00d6FFENTLICHUNG VERBOTEN IST, BESTIMMT.<\/p>\n<p>\u00a0<\/p>\n<p><b>Nordex SE beruft au\u00dferordentliche Hauptversammlung zur Beschlussfassung \u00fcber Umwandlung von Gesellschafterdarlehen in Eigenkapital (Sachkapitalerh\u00f6hung mit Bezugsrechtsausschluss) ein<\/b><\/p>\n<p>\u00a0<\/p>\n<p>Hamburg, 15. Februar 2023. Der Vorstand der Nordex SE (\u201eNordex\u201c oder die \u201eGesellschaft\u201c, ISIN DE000A0D6554) hat beschlossen, eine au\u00dferordentliche Hauptversammlung auf den 27.\u00a0M\u00e4rz 2023 einzuberufen. Der Vorstand und der Aufsichtsrat der Gesellschaft beabsichtigen der Hauptversammlung vorzuschlagen, das Grundkapital der Gesellschaft von EUR\u00a0211.946.227,00 um bis zu EUR\u00a029.260.215,00 (entspricht bis zu 13,81 % des derzeitigen Grundkapitals) auf bis zu EUR\u00a0241.206.442,00 durch Ausgabe von bis zu 29.260.215 neuen auf den Inhaber lautenden St\u00fcckaktien mit einem anteiligen Betrag am Grundkapital von EUR 1,00 je St\u00fcckaktie (die \u201eNeuen Aktien\u201c) mit Gewinnberechtigung ab dem 1.\u00a0Januar 2023 zu einem Ausgabebetrag in H\u00f6he von EUR\u00a01,00 je Neuer Aktie zu erh\u00f6hen, wobei die Kapitalerh\u00f6hung gegen Sacheinlage erfolgen soll. Das gesetzliche Bezugsrecht der Aktion\u00e4re soll ausgeschlossen und zur Zeichnung und \u00dcbernahme der Neuen Aktien ausschlie\u00dflich die Acciona\u00a0S.A. mit Sitz in Madrid (\u201eAcciona\u201c) zugelassen werden, die derzeit mit 40,97 % am Grundkapital der Gesellschaft beteiligt ist.<\/p>\n<p>\u00a0<\/p>\n<p>Gegenstand der Sacheinlage sollen Forderungen in H\u00f6he von nominal insgesamt EUR\u00a0346.733.551,79 sein (die \u201eDarlehensforderungen\u201c), die Acciona als Darlehensgeberin gegen die Gesellschaft als Darlehensnehmerin aus dem bestehenden Gesellschafterdarlehen vom 4.\u00a0August 2020 und dem bestehenden Gesellschafterdarlehen vom 29.\u00a0Juni 2022 zustehen. Konkret soll die Kapitalerh\u00f6hung in folgendem Umfang durchgef\u00fchrt werden: Die Anzahl der auszugebenden Neuen Aktien entspricht dem Nominalbetrag der Darlehensforderungen (EUR\u00a0346.733.551,79) geteilt durch den volumengewichteten Durchschnittskurs der bestehenden Aktien der Gesellschaft im XETRA-Handel der Frankfurter Wertpapierb\u00f6rse innerhalb des Zeitraums beginnend ab dem Tag der Ver\u00f6ffentlichung der Einberufung der Hauptversammlung (d.h. sp\u00e4testens ab dem 17. Februar 2023) bis zum letzten B\u00f6rsenhandelstag vor dem Tag der Hauptversammlung (d.h. bis einschlie\u00dflich dem 24. M\u00e4rz 2023), wobei maximal 29.260.215 Neue Aktien ausgegeben werden.<\/p>\n<p>\u00a0<\/p>\n<p>Durch eine Durchf\u00fchrung der vorgeschlagenen Kapitalerh\u00f6hung w\u00fcrde Fremdkapital der Gesellschaft in H\u00f6he von nominal EUR\u00a0346.733.551,79 in Eigenkapital der Gesellschaft umgewandelt (Debt-to-Equity Swap). Die Durchf\u00fchrung der vorgeschlagenen Kapitalerh\u00f6hung w\u00fcrde nach Einsch\u00e4tzung des Vorstands die finanzielle Leistungsf\u00e4higkeit der Gesellschaft erheblich verbessern und ihre Kapitalstruktur st\u00e4rken. Insbesondere w\u00fcrden sich die j\u00e4hrlichen Zinskosten um rund EUR\u00a046 Mio. deutlich verringern. Die vorgeschlagene Kapitalerh\u00f6hung baut zudem auf der Unternehmensstrategie auf, die Bilanz zu st\u00e4rken, um diese gegen die kurzfristigen Risiken, denen der Sektor ausgesetzt ist, abzusichern.<\/p>\n<p>\u00a0<\/p>\n<p>Weitere Informationen:<\/p>\n<p>\u00a0<\/p>\n<p>Head of Investor Relations<\/p>\n<p>\u00a0<\/p>\n<p>Nordex SE<\/p>\n<p>Felix Zander<\/p>\n<p>Telefon: +49 152 0902 4029<\/p>\n<p>fzander@nordex-online.com<\/p>\n<p>\u00a0<\/p>\n<p>Diese Bekanntmachung ist kein und stellt weder ein Angebot noch eine Aufforderung zum Kauf oder zur Zeichnung von Wertpapieren in den Vereinigten Staaten von Amerika, Australien, Kanada, Japan oder anderen Jurisdiktionen dar, in denen ein solches Angebot Beschr\u00e4nkungen unterliegen k\u00f6nnte. Wertpapiere d\u00fcrfen in den Vereinigten Staaten von Amerika nur mit vorheriger Registrierung oder ohne vorherige Registrierung nur aufgrund einer Ausnahmeregelung unter den Vorschriften des U.S. Securities Act von 1933 in der jeweils g\u00fcltigen Fassung (der \u201eSecurities Act\u201c) verkauft oder zum Verkauf angeboten werden. Es findet kein \u00f6ffentliches Angebot der in dieser Bekanntmachung genannten Wertpapiere in den Vereinigten Staaten von Amerika statt.<\/p>\n<\/div>\n<hr \/>\n<p>\n15.02.2023 CET\/CEST Die EQS Distributionsservices umfassen gesetzliche Meldepflichten, Corporate News\/Finanznachrichten und Pressemitteilungen.<br \/>Medienarchiv unter https:\/\/eqs-news.com<\/p>\n<hr \/>\n<\/td>\n<\/tr>\n<\/table>\n<table>\n<tr>\n<td align=\"left\" valign=\"top\">Sprache:<\/td>\n<td align=\"left\" valign=\"top\">Deutsch<\/td>\n<\/tr>\n<tr>\n<td align=\"left\" valign=\"top\">Unternehmen:<\/td>\n<td align=\"left\" valign=\"top\">Nordex SE<\/td>\n<\/tr>\n<tr>\n<td align=\"left\" valign=\"top\" \/>\n<td align=\"left\" valign=\"top\">Erich-Schlesinger-Stra\u00dfe 50<\/td>\n<\/tr>\n<tr>\n<td align=\"left\" valign=\"top\" \/>\n<td align=\"left\" valign=\"top\">18059 Rostock<\/td>\n<\/tr>\n<tr>\n<td align=\"left\" valign=\"top\" \/>\n<td align=\"left\" valign=\"top\">Deutschland<\/td>\n<\/tr>\n<tr>\n<td align=\"left\" valign=\"top\">Telefon:<\/td>\n<td align=\"left\" valign=\"top\">+49 381 6663 3300<\/td>\n<\/tr>\n<tr>\n<td align=\"left\" valign=\"top\">Fax:<\/td>\n<td align=\"left\" valign=\"top\">+49 381 6663 3339<\/td>\n<\/tr>\n<tr>\n<td align=\"left\" valign=\"top\">E-Mail:<\/td>\n<td align=\"left\" valign=\"top\">info@nordex-online.com<\/td>\n<\/tr>\n<tr>\n<td align=\"left\" valign=\"top\">Internet:<\/td>\n<td align=\"left\" valign=\"top\">www.nordex-online.com<\/td>\n<\/tr>\n<tr>\n<td align=\"left\" valign=\"top\">ISIN:<\/td>\n<td align=\"left\" valign=\"top\">DE000A0D6554<\/td>\n<\/tr>\n<tr>\n<td align=\"left\" valign=\"top\">WKN:<\/td>\n<td align=\"left\" valign=\"top\">A0D655<\/td>\n<\/tr>\n<tr>\n<td align=\"left\" valign=\"top\">Indizes:<\/td>\n<td align=\"left\" valign=\"top\">SDAX, TecDAX<\/td>\n<\/tr>\n<tr>\n<td align=\"left\" valign=\"top\">B\u00f6rsen:<\/td>\n<td align=\"left\" valign=\"top\">Regulierter Markt in Frankfurt (Prime Standard); Freiverkehr in Berlin, D\u00fcsseldorf, Hamburg, Hannover, M\u00fcnchen, Stuttgart, Tradegate Exchange<\/td>\n<\/tr>\n<tr>\n<td align=\"left\" valign=\"top\">EQS News ID:<\/td>\n<td align=\"left\" valign=\"top\">1560917<\/td>\n<\/tr>\n<\/table>\n<p><\/p>\n<table border=\"0\">\n<tr>\n<td align=\"left\" valign=\"top\" colspan=\"2\" \/>\n<\/tr>\n<\/table>\n<table border=\"0\">\n<tr>\n<td align=\"left\" valign=\"top\" colspan=\"2\">\u00a0<\/td>\n<\/tr>\n<tr>\n<td align=\"left\" valign=\"top\">Ende der Mitteilung<\/td>\n<td align=\"left\" valign=\"top\">EQS News-Service<\/td>\n<\/tr>\n<\/table>\n<table border=\"0\">\n<tr>\n<td>\n<hr \/>\n<\/td>\n<\/tr>\n<\/table>\n<div>\n<p>1560917\u00a0\u00a015.02.2023\u00a0CET\/CEST<\/p>\n<\/div>\n<p><img loading=\"lazy\" decoding=\"async\" src=\"https:\/\/eqs-cockpit.com\/cgi-bin\/fncls.ssp?fn=show_t_gif&amp;application_id=1560917&amp;application_name=news&amp;site_id=airport_aws\" alt=\"fncls.ssp?fn=show_t_gif&amp;application_id=1560917&amp;application_name=news&amp;site_id=airport_aws\" width=\"0\" height=\"0\" border=\"0\" \/><\/p>\n","protected":false},"excerpt":{"rendered":"<p>Nordex SE \/ Schlagwort(e): Hauptversammlung Nordex SE beruft au\u00dferordentliche Hauptversammlung zur Beschlussfassung \u00fcber Umwandlung von Gesellschafterdarlehen in Eigenkapital (Sachkapitalerh\u00f6hung mit Bezugsrechtsausschluss) ein 15.02.2023 \/ 18:18 CET\/CEST Ver\u00f6ffentlichung einer Insiderinformation nach Artikel 17 der Verordnung (EU) Nr. 596\/2014, \u00fcbermittelt durch EQS News &#8211; ein Service der EQS Group AG. F\u00fcr den Inhalt der Mitteilung ist der [&hellip;]<\/p>\n","protected":false},"author":5,"featured_media":0,"comment_status":"closed","ping_status":"closed","sticky":false,"template":"","format":"standard","meta":{"_trash_the_other_posts":false,"editor_notices":[],"footnotes":""},"categories":[1251,1250],"tags":[],"class_list":["post-46312","post","type-post","status-publish","format-standard","hentry","category-adhoc","category-investor-relations"],"yoast_head":"<!-- This site is optimized with the Yoast SEO Premium plugin v27.3 (Yoast SEO v27.3) - https:\/\/yoast.com\/product\/yoast-seo-premium-wordpress\/ -->\n<title>Nordex SE beruft au\u00dferordentliche Hauptversammlung zur Beschlussfassung \u00fcber Umwandlung von Gesellschafterdarlehen in Eigenkapital (Sachkapitalerh\u00f6hung mit Bezugsrechtsausschluss) ein - Nordex SE - Deutsch<\/title>\n<meta name=\"robots\" content=\"index, follow, max-snippet:-1, max-image-preview:large, max-video-preview:-1\" \/>\n<link rel=\"canonical\" href=\"https:\/\/www.nordex-online.com\/de\/2023\/02\/nordex-se-beruft-ausserordentliche-hauptversammlung-zur-beschlussfassung-ueber-umwandlung-von-gesellschafterdarlehen-in-eigenkapital-sachkapitalerhoehung-mit-bezugsrechtsausschluss-ein\/\" \/>\n<meta property=\"og:locale\" content=\"de_DE\" \/>\n<meta property=\"og:type\" content=\"article\" \/>\n<meta property=\"og:title\" content=\"Nordex SE beruft au\u00dferordentliche Hauptversammlung zur Beschlussfassung \u00fcber Umwandlung von Gesellschafterdarlehen in Eigenkapital (Sachkapitalerh\u00f6hung mit Bezugsrechtsausschluss) ein\" \/>\n<meta property=\"og:description\" content=\"Nordex SE \/ Schlagwort(e): Hauptversammlung Nordex SE beruft au\u00dferordentliche Hauptversammlung zur Beschlussfassung \u00fcber Umwandlung von Gesellschafterdarlehen in Eigenkapital (Sachkapitalerh\u00f6hung mit Bezugsrechtsausschluss) ein 15.02.2023 \/ 18:18 CET\/CEST Ver\u00f6ffentlichung einer Insiderinformation nach Artikel 17 der Verordnung (EU) Nr. 596\/2014, \u00fcbermittelt durch EQS News &#8211; ein Service der EQS Group AG. F\u00fcr den Inhalt der Mitteilung ist der [&hellip;]\" \/>\n<meta property=\"og:url\" content=\"https:\/\/www.nordex-online.com\/de\/2023\/02\/nordex-se-beruft-ausserordentliche-hauptversammlung-zur-beschlussfassung-ueber-umwandlung-von-gesellschafterdarlehen-in-eigenkapital-sachkapitalerhoehung-mit-bezugsrechtsausschluss-ein\/\" \/>\n<meta property=\"og:site_name\" content=\"Nordex SE - Deutsch\" \/>\n<meta property=\"article:published_time\" content=\"2023-02-15T17:18:06+00:00\" \/>\n<meta property=\"article:modified_time\" content=\"2026-04-30T06:39:28+00:00\" \/>\n<meta property=\"og:image\" content=\"https:\/\/eqs-cockpit.com\/cgi-bin\/fncls.ssp?fn=show_t_gif&amp;application_id=1560917&amp;application_name=news&amp;site_id=airport_aws\" \/>\n<meta name=\"author\" content=\"aeckert\" \/>\n<meta name=\"twitter:card\" content=\"summary_large_image\" \/>\n<meta name=\"twitter:label1\" content=\"Geschrieben von\" \/>\n\t<meta name=\"twitter:data1\" content=\"aeckert\" \/>\n\t<meta name=\"twitter:label2\" content=\"Gesch\u00e4tzte Lesezeit\" \/>\n\t<meta name=\"twitter:data2\" content=\"3\u00a0Minuten\" \/>\n<script type=\"application\/ld+json\" class=\"yoast-schema-graph\">{\"@context\":\"https:\\\/\\\/schema.org\",\"@graph\":[{\"@type\":\"Article\",\"@id\":\"https:\\\/\\\/www.nordex-online.com\\\/de\\\/2023\\\/02\\\/nordex-se-beruft-ausserordentliche-hauptversammlung-zur-beschlussfassung-ueber-umwandlung-von-gesellschafterdarlehen-in-eigenkapital-sachkapitalerhoehung-mit-bezugsrechtsausschluss-ein\\\/#article\",\"isPartOf\":{\"@id\":\"https:\\\/\\\/www.nordex-online.com\\\/de\\\/2023\\\/02\\\/nordex-se-beruft-ausserordentliche-hauptversammlung-zur-beschlussfassung-ueber-umwandlung-von-gesellschafterdarlehen-in-eigenkapital-sachkapitalerhoehung-mit-bezugsrechtsausschluss-ein\\\/\"},\"author\":{\"name\":\"aeckert\",\"@id\":\"https:\\\/\\\/www.nordex-online.com\\\/de\\\/#\\\/schema\\\/person\\\/81621b8f0d2d2d605ac828cef137de95\"},\"headline\":\"Nordex SE beruft au\u00dferordentliche Hauptversammlung zur Beschlussfassung \u00fcber Umwandlung von Gesellschafterdarlehen in Eigenkapital (Sachkapitalerh\u00f6hung mit Bezugsrechtsausschluss) ein\",\"datePublished\":\"2023-02-15T17:18:06+00:00\",\"dateModified\":\"2026-04-30T06:39:28+00:00\",\"mainEntityOfPage\":{\"@id\":\"https:\\\/\\\/www.nordex-online.com\\\/de\\\/2023\\\/02\\\/nordex-se-beruft-ausserordentliche-hauptversammlung-zur-beschlussfassung-ueber-umwandlung-von-gesellschafterdarlehen-in-eigenkapital-sachkapitalerhoehung-mit-bezugsrechtsausschluss-ein\\\/\"},\"wordCount\":696,\"publisher\":{\"@id\":\"https:\\\/\\\/www.nordex-online.com\\\/de\\\/#organization\"},\"image\":{\"@id\":\"https:\\\/\\\/www.nordex-online.com\\\/de\\\/2023\\\/02\\\/nordex-se-beruft-ausserordentliche-hauptversammlung-zur-beschlussfassung-ueber-umwandlung-von-gesellschafterdarlehen-in-eigenkapital-sachkapitalerhoehung-mit-bezugsrechtsausschluss-ein\\\/#primaryimage\"},\"thumbnailUrl\":\"https:\\\/\\\/eqs-cockpit.com\\\/cgi-bin\\\/fncls.ssp?fn=show_t_gif&amp;application_id=1560917&amp;application_name=news&amp;site_id=airport_aws\",\"articleSection\":[\"Ad-hoc\",\"Investorenbeziehungen\"],\"inLanguage\":\"de\"},{\"@type\":\"WebPage\",\"@id\":\"https:\\\/\\\/www.nordex-online.com\\\/de\\\/2023\\\/02\\\/nordex-se-beruft-ausserordentliche-hauptversammlung-zur-beschlussfassung-ueber-umwandlung-von-gesellschafterdarlehen-in-eigenkapital-sachkapitalerhoehung-mit-bezugsrechtsausschluss-ein\\\/\",\"url\":\"https:\\\/\\\/www.nordex-online.com\\\/de\\\/2023\\\/02\\\/nordex-se-beruft-ausserordentliche-hauptversammlung-zur-beschlussfassung-ueber-umwandlung-von-gesellschafterdarlehen-in-eigenkapital-sachkapitalerhoehung-mit-bezugsrechtsausschluss-ein\\\/\",\"name\":\"Nordex SE beruft au\u00dferordentliche Hauptversammlung zur Beschlussfassung \u00fcber Umwandlung von Gesellschafterdarlehen in Eigenkapital (Sachkapitalerh\u00f6hung mit Bezugsrechtsausschluss) ein - Nordex SE - Deutsch\",\"isPartOf\":{\"@id\":\"https:\\\/\\\/www.nordex-online.com\\\/de\\\/#website\"},\"primaryImageOfPage\":{\"@id\":\"https:\\\/\\\/www.nordex-online.com\\\/de\\\/2023\\\/02\\\/nordex-se-beruft-ausserordentliche-hauptversammlung-zur-beschlussfassung-ueber-umwandlung-von-gesellschafterdarlehen-in-eigenkapital-sachkapitalerhoehung-mit-bezugsrechtsausschluss-ein\\\/#primaryimage\"},\"image\":{\"@id\":\"https:\\\/\\\/www.nordex-online.com\\\/de\\\/2023\\\/02\\\/nordex-se-beruft-ausserordentliche-hauptversammlung-zur-beschlussfassung-ueber-umwandlung-von-gesellschafterdarlehen-in-eigenkapital-sachkapitalerhoehung-mit-bezugsrechtsausschluss-ein\\\/#primaryimage\"},\"thumbnailUrl\":\"https:\\\/\\\/eqs-cockpit.com\\\/cgi-bin\\\/fncls.ssp?fn=show_t_gif&amp;application_id=1560917&amp;application_name=news&amp;site_id=airport_aws\",\"datePublished\":\"2023-02-15T17:18:06+00:00\",\"dateModified\":\"2026-04-30T06:39:28+00:00\",\"breadcrumb\":{\"@id\":\"https:\\\/\\\/www.nordex-online.com\\\/de\\\/2023\\\/02\\\/nordex-se-beruft-ausserordentliche-hauptversammlung-zur-beschlussfassung-ueber-umwandlung-von-gesellschafterdarlehen-in-eigenkapital-sachkapitalerhoehung-mit-bezugsrechtsausschluss-ein\\\/#breadcrumb\"},\"inLanguage\":\"de\",\"potentialAction\":[{\"@type\":\"ReadAction\",\"target\":[\"https:\\\/\\\/www.nordex-online.com\\\/de\\\/2023\\\/02\\\/nordex-se-beruft-ausserordentliche-hauptversammlung-zur-beschlussfassung-ueber-umwandlung-von-gesellschafterdarlehen-in-eigenkapital-sachkapitalerhoehung-mit-bezugsrechtsausschluss-ein\\\/\"]}]},{\"@type\":\"ImageObject\",\"inLanguage\":\"de\",\"@id\":\"https:\\\/\\\/www.nordex-online.com\\\/de\\\/2023\\\/02\\\/nordex-se-beruft-ausserordentliche-hauptversammlung-zur-beschlussfassung-ueber-umwandlung-von-gesellschafterdarlehen-in-eigenkapital-sachkapitalerhoehung-mit-bezugsrechtsausschluss-ein\\\/#primaryimage\",\"url\":\"https:\\\/\\\/eqs-cockpit.com\\\/cgi-bin\\\/fncls.ssp?fn=show_t_gif&amp;application_id=1560917&amp;application_name=news&amp;site_id=airport_aws\",\"contentUrl\":\"https:\\\/\\\/eqs-cockpit.com\\\/cgi-bin\\\/fncls.ssp?fn=show_t_gif&amp;application_id=1560917&amp;application_name=news&amp;site_id=airport_aws\"},{\"@type\":\"BreadcrumbList\",\"@id\":\"https:\\\/\\\/www.nordex-online.com\\\/de\\\/2023\\\/02\\\/nordex-se-beruft-ausserordentliche-hauptversammlung-zur-beschlussfassung-ueber-umwandlung-von-gesellschafterdarlehen-in-eigenkapital-sachkapitalerhoehung-mit-bezugsrechtsausschluss-ein\\\/#breadcrumb\",\"itemListElement\":[{\"@type\":\"ListItem\",\"position\":1,\"name\":\"Home\",\"item\":\"https:\\\/\\\/www.nordex-online.com\\\/de\\\/\"},{\"@type\":\"ListItem\",\"position\":2,\"name\":\"Nordex SE beruft au\u00dferordentliche Hauptversammlung zur Beschlussfassung \u00fcber Umwandlung von Gesellschafterdarlehen in Eigenkapital (Sachkapitalerh\u00f6hung mit Bezugsrechtsausschluss) ein\"}]},{\"@type\":\"WebSite\",\"@id\":\"https:\\\/\\\/www.nordex-online.com\\\/de\\\/#website\",\"url\":\"https:\\\/\\\/www.nordex-online.com\\\/de\\\/\",\"name\":\"Nordex SE - Deutsch\",\"description\":\"Manufacture, installation and maintenance of wind turbines.\",\"publisher\":{\"@id\":\"https:\\\/\\\/www.nordex-online.com\\\/de\\\/#organization\"},\"potentialAction\":[{\"@type\":\"SearchAction\",\"target\":{\"@type\":\"EntryPoint\",\"urlTemplate\":\"https:\\\/\\\/www.nordex-online.com\\\/de\\\/?s={search_term_string}\"},\"query-input\":{\"@type\":\"PropertyValueSpecification\",\"valueRequired\":true,\"valueName\":\"search_term_string\"}}],\"inLanguage\":\"de\"},{\"@type\":\"Organization\",\"@id\":\"https:\\\/\\\/www.nordex-online.com\\\/de\\\/#organization\",\"name\":\"Nordex SE - Deutsch\",\"url\":\"https:\\\/\\\/www.nordex-online.com\\\/de\\\/\",\"logo\":{\"@type\":\"ImageObject\",\"inLanguage\":\"de\",\"@id\":\"https:\\\/\\\/www.nordex-online.com\\\/de\\\/#\\\/schema\\\/logo\\\/image\\\/\",\"url\":\"https:\\\/\\\/www.nordex-online.com\\\/wp-content\\\/uploads\\\/sites\\\/3\\\/2024\\\/07\\\/cropped-cropped-Combined-Logos_cmyk_PNG.png\",\"contentUrl\":\"https:\\\/\\\/www.nordex-online.com\\\/wp-content\\\/uploads\\\/sites\\\/3\\\/2024\\\/07\\\/cropped-cropped-Combined-Logos_cmyk_PNG.png\",\"width\":1181,\"height\":353,\"caption\":\"Nordex SE - Deutsch\"},\"image\":{\"@id\":\"https:\\\/\\\/www.nordex-online.com\\\/de\\\/#\\\/schema\\\/logo\\\/image\\\/\"}},{\"@type\":\"Person\",\"@id\":\"https:\\\/\\\/www.nordex-online.com\\\/de\\\/#\\\/schema\\\/person\\\/81621b8f0d2d2d605ac828cef137de95\",\"name\":\"aeckert\",\"image\":{\"@type\":\"ImageObject\",\"inLanguage\":\"de\",\"@id\":\"https:\\\/\\\/secure.gravatar.com\\\/avatar\\\/9bb1da8fdca865f8714afd486408f3f4d26ef53f3ff2e44201e2a0a3b5e3c6b2?s=96&d=mm&r=g\",\"url\":\"https:\\\/\\\/secure.gravatar.com\\\/avatar\\\/9bb1da8fdca865f8714afd486408f3f4d26ef53f3ff2e44201e2a0a3b5e3c6b2?s=96&d=mm&r=g\",\"contentUrl\":\"https:\\\/\\\/secure.gravatar.com\\\/avatar\\\/9bb1da8fdca865f8714afd486408f3f4d26ef53f3ff2e44201e2a0a3b5e3c6b2?s=96&d=mm&r=g\",\"caption\":\"aeckert\"},\"url\":\"https:\\\/\\\/www.nordex-online.com\\\/de\\\/author\\\/antje\\\/\"}]}<\/script>\n<!-- \/ Yoast SEO Premium plugin. -->","yoast_head_json":{"title":"Nordex SE beruft au\u00dferordentliche Hauptversammlung zur Beschlussfassung \u00fcber Umwandlung von Gesellschafterdarlehen in Eigenkapital (Sachkapitalerh\u00f6hung mit Bezugsrechtsausschluss) ein - Nordex SE - Deutsch","robots":{"index":"index","follow":"follow","max-snippet":"max-snippet:-1","max-image-preview":"max-image-preview:large","max-video-preview":"max-video-preview:-1"},"canonical":"https:\/\/www.nordex-online.com\/de\/2023\/02\/nordex-se-beruft-ausserordentliche-hauptversammlung-zur-beschlussfassung-ueber-umwandlung-von-gesellschafterdarlehen-in-eigenkapital-sachkapitalerhoehung-mit-bezugsrechtsausschluss-ein\/","og_locale":"de_DE","og_type":"article","og_title":"Nordex SE beruft au\u00dferordentliche Hauptversammlung zur Beschlussfassung \u00fcber Umwandlung von Gesellschafterdarlehen in Eigenkapital (Sachkapitalerh\u00f6hung mit Bezugsrechtsausschluss) ein","og_description":"Nordex SE \/ Schlagwort(e): Hauptversammlung Nordex SE beruft au\u00dferordentliche Hauptversammlung zur Beschlussfassung \u00fcber Umwandlung von Gesellschafterdarlehen in Eigenkapital (Sachkapitalerh\u00f6hung mit Bezugsrechtsausschluss) ein 15.02.2023 \/ 18:18 CET\/CEST Ver\u00f6ffentlichung einer Insiderinformation nach Artikel 17 der Verordnung (EU) Nr. 596\/2014, \u00fcbermittelt durch EQS News &#8211; ein Service der EQS Group AG. F\u00fcr den Inhalt der Mitteilung ist der [&hellip;]","og_url":"https:\/\/www.nordex-online.com\/de\/2023\/02\/nordex-se-beruft-ausserordentliche-hauptversammlung-zur-beschlussfassung-ueber-umwandlung-von-gesellschafterdarlehen-in-eigenkapital-sachkapitalerhoehung-mit-bezugsrechtsausschluss-ein\/","og_site_name":"Nordex SE - Deutsch","article_published_time":"2023-02-15T17:18:06+00:00","article_modified_time":"2026-04-30T06:39:28+00:00","og_image":[{"url":"https:\/\/eqs-cockpit.com\/cgi-bin\/fncls.ssp?fn=show_t_gif&amp;application_id=1560917&amp;application_name=news&amp;site_id=airport_aws","type":"","width":"","height":""}],"author":"aeckert","twitter_card":"summary_large_image","twitter_misc":{"Geschrieben von":"aeckert","Gesch\u00e4tzte Lesezeit":"3\u00a0Minuten"},"schema":{"@context":"https:\/\/schema.org","@graph":[{"@type":"Article","@id":"https:\/\/www.nordex-online.com\/de\/2023\/02\/nordex-se-beruft-ausserordentliche-hauptversammlung-zur-beschlussfassung-ueber-umwandlung-von-gesellschafterdarlehen-in-eigenkapital-sachkapitalerhoehung-mit-bezugsrechtsausschluss-ein\/#article","isPartOf":{"@id":"https:\/\/www.nordex-online.com\/de\/2023\/02\/nordex-se-beruft-ausserordentliche-hauptversammlung-zur-beschlussfassung-ueber-umwandlung-von-gesellschafterdarlehen-in-eigenkapital-sachkapitalerhoehung-mit-bezugsrechtsausschluss-ein\/"},"author":{"name":"aeckert","@id":"https:\/\/www.nordex-online.com\/de\/#\/schema\/person\/81621b8f0d2d2d605ac828cef137de95"},"headline":"Nordex SE beruft au\u00dferordentliche Hauptversammlung zur Beschlussfassung \u00fcber Umwandlung von Gesellschafterdarlehen in Eigenkapital (Sachkapitalerh\u00f6hung mit Bezugsrechtsausschluss) ein","datePublished":"2023-02-15T17:18:06+00:00","dateModified":"2026-04-30T06:39:28+00:00","mainEntityOfPage":{"@id":"https:\/\/www.nordex-online.com\/de\/2023\/02\/nordex-se-beruft-ausserordentliche-hauptversammlung-zur-beschlussfassung-ueber-umwandlung-von-gesellschafterdarlehen-in-eigenkapital-sachkapitalerhoehung-mit-bezugsrechtsausschluss-ein\/"},"wordCount":696,"publisher":{"@id":"https:\/\/www.nordex-online.com\/de\/#organization"},"image":{"@id":"https:\/\/www.nordex-online.com\/de\/2023\/02\/nordex-se-beruft-ausserordentliche-hauptversammlung-zur-beschlussfassung-ueber-umwandlung-von-gesellschafterdarlehen-in-eigenkapital-sachkapitalerhoehung-mit-bezugsrechtsausschluss-ein\/#primaryimage"},"thumbnailUrl":"https:\/\/eqs-cockpit.com\/cgi-bin\/fncls.ssp?fn=show_t_gif&amp;application_id=1560917&amp;application_name=news&amp;site_id=airport_aws","articleSection":["Ad-hoc","Investorenbeziehungen"],"inLanguage":"de"},{"@type":"WebPage","@id":"https:\/\/www.nordex-online.com\/de\/2023\/02\/nordex-se-beruft-ausserordentliche-hauptversammlung-zur-beschlussfassung-ueber-umwandlung-von-gesellschafterdarlehen-in-eigenkapital-sachkapitalerhoehung-mit-bezugsrechtsausschluss-ein\/","url":"https:\/\/www.nordex-online.com\/de\/2023\/02\/nordex-se-beruft-ausserordentliche-hauptversammlung-zur-beschlussfassung-ueber-umwandlung-von-gesellschafterdarlehen-in-eigenkapital-sachkapitalerhoehung-mit-bezugsrechtsausschluss-ein\/","name":"Nordex SE beruft au\u00dferordentliche Hauptversammlung zur Beschlussfassung \u00fcber Umwandlung von Gesellschafterdarlehen in Eigenkapital (Sachkapitalerh\u00f6hung mit Bezugsrechtsausschluss) ein - Nordex SE - Deutsch","isPartOf":{"@id":"https:\/\/www.nordex-online.com\/de\/#website"},"primaryImageOfPage":{"@id":"https:\/\/www.nordex-online.com\/de\/2023\/02\/nordex-se-beruft-ausserordentliche-hauptversammlung-zur-beschlussfassung-ueber-umwandlung-von-gesellschafterdarlehen-in-eigenkapital-sachkapitalerhoehung-mit-bezugsrechtsausschluss-ein\/#primaryimage"},"image":{"@id":"https:\/\/www.nordex-online.com\/de\/2023\/02\/nordex-se-beruft-ausserordentliche-hauptversammlung-zur-beschlussfassung-ueber-umwandlung-von-gesellschafterdarlehen-in-eigenkapital-sachkapitalerhoehung-mit-bezugsrechtsausschluss-ein\/#primaryimage"},"thumbnailUrl":"https:\/\/eqs-cockpit.com\/cgi-bin\/fncls.ssp?fn=show_t_gif&amp;application_id=1560917&amp;application_name=news&amp;site_id=airport_aws","datePublished":"2023-02-15T17:18:06+00:00","dateModified":"2026-04-30T06:39:28+00:00","breadcrumb":{"@id":"https:\/\/www.nordex-online.com\/de\/2023\/02\/nordex-se-beruft-ausserordentliche-hauptversammlung-zur-beschlussfassung-ueber-umwandlung-von-gesellschafterdarlehen-in-eigenkapital-sachkapitalerhoehung-mit-bezugsrechtsausschluss-ein\/#breadcrumb"},"inLanguage":"de","potentialAction":[{"@type":"ReadAction","target":["https:\/\/www.nordex-online.com\/de\/2023\/02\/nordex-se-beruft-ausserordentliche-hauptversammlung-zur-beschlussfassung-ueber-umwandlung-von-gesellschafterdarlehen-in-eigenkapital-sachkapitalerhoehung-mit-bezugsrechtsausschluss-ein\/"]}]},{"@type":"ImageObject","inLanguage":"de","@id":"https:\/\/www.nordex-online.com\/de\/2023\/02\/nordex-se-beruft-ausserordentliche-hauptversammlung-zur-beschlussfassung-ueber-umwandlung-von-gesellschafterdarlehen-in-eigenkapital-sachkapitalerhoehung-mit-bezugsrechtsausschluss-ein\/#primaryimage","url":"https:\/\/eqs-cockpit.com\/cgi-bin\/fncls.ssp?fn=show_t_gif&amp;application_id=1560917&amp;application_name=news&amp;site_id=airport_aws","contentUrl":"https:\/\/eqs-cockpit.com\/cgi-bin\/fncls.ssp?fn=show_t_gif&amp;application_id=1560917&amp;application_name=news&amp;site_id=airport_aws"},{"@type":"BreadcrumbList","@id":"https:\/\/www.nordex-online.com\/de\/2023\/02\/nordex-se-beruft-ausserordentliche-hauptversammlung-zur-beschlussfassung-ueber-umwandlung-von-gesellschafterdarlehen-in-eigenkapital-sachkapitalerhoehung-mit-bezugsrechtsausschluss-ein\/#breadcrumb","itemListElement":[{"@type":"ListItem","position":1,"name":"Home","item":"https:\/\/www.nordex-online.com\/de\/"},{"@type":"ListItem","position":2,"name":"Nordex SE beruft au\u00dferordentliche Hauptversammlung zur Beschlussfassung \u00fcber Umwandlung von Gesellschafterdarlehen in Eigenkapital (Sachkapitalerh\u00f6hung mit Bezugsrechtsausschluss) ein"}]},{"@type":"WebSite","@id":"https:\/\/www.nordex-online.com\/de\/#website","url":"https:\/\/www.nordex-online.com\/de\/","name":"Nordex SE - Deutsch","description":"Manufacture, installation and maintenance of wind turbines.","publisher":{"@id":"https:\/\/www.nordex-online.com\/de\/#organization"},"potentialAction":[{"@type":"SearchAction","target":{"@type":"EntryPoint","urlTemplate":"https:\/\/www.nordex-online.com\/de\/?s={search_term_string}"},"query-input":{"@type":"PropertyValueSpecification","valueRequired":true,"valueName":"search_term_string"}}],"inLanguage":"de"},{"@type":"Organization","@id":"https:\/\/www.nordex-online.com\/de\/#organization","name":"Nordex SE - Deutsch","url":"https:\/\/www.nordex-online.com\/de\/","logo":{"@type":"ImageObject","inLanguage":"de","@id":"https:\/\/www.nordex-online.com\/de\/#\/schema\/logo\/image\/","url":"https:\/\/www.nordex-online.com\/wp-content\/uploads\/sites\/3\/2024\/07\/cropped-cropped-Combined-Logos_cmyk_PNG.png","contentUrl":"https:\/\/www.nordex-online.com\/wp-content\/uploads\/sites\/3\/2024\/07\/cropped-cropped-Combined-Logos_cmyk_PNG.png","width":1181,"height":353,"caption":"Nordex SE - Deutsch"},"image":{"@id":"https:\/\/www.nordex-online.com\/de\/#\/schema\/logo\/image\/"}},{"@type":"Person","@id":"https:\/\/www.nordex-online.com\/de\/#\/schema\/person\/81621b8f0d2d2d605ac828cef137de95","name":"aeckert","image":{"@type":"ImageObject","inLanguage":"de","@id":"https:\/\/secure.gravatar.com\/avatar\/9bb1da8fdca865f8714afd486408f3f4d26ef53f3ff2e44201e2a0a3b5e3c6b2?s=96&d=mm&r=g","url":"https:\/\/secure.gravatar.com\/avatar\/9bb1da8fdca865f8714afd486408f3f4d26ef53f3ff2e44201e2a0a3b5e3c6b2?s=96&d=mm&r=g","contentUrl":"https:\/\/secure.gravatar.com\/avatar\/9bb1da8fdca865f8714afd486408f3f4d26ef53f3ff2e44201e2a0a3b5e3c6b2?s=96&d=mm&r=g","caption":"aeckert"},"url":"https:\/\/www.nordex-online.com\/de\/author\/antje\/"}]}},"_links":{"self":[{"href":"https:\/\/www.nordex-online.com\/de\/wp-json\/wp\/v2\/posts\/46312","targetHints":{"allow":["GET"]}}],"collection":[{"href":"https:\/\/www.nordex-online.com\/de\/wp-json\/wp\/v2\/posts"}],"about":[{"href":"https:\/\/www.nordex-online.com\/de\/wp-json\/wp\/v2\/types\/post"}],"author":[{"embeddable":true,"href":"https:\/\/www.nordex-online.com\/de\/wp-json\/wp\/v2\/users\/5"}],"replies":[{"embeddable":true,"href":"https:\/\/www.nordex-online.com\/de\/wp-json\/wp\/v2\/comments?post=46312"}],"version-history":[{"count":1,"href":"https:\/\/www.nordex-online.com\/de\/wp-json\/wp\/v2\/posts\/46312\/revisions"}],"predecessor-version":[{"id":46313,"href":"https:\/\/www.nordex-online.com\/de\/wp-json\/wp\/v2\/posts\/46312\/revisions\/46313"}],"wp:attachment":[{"href":"https:\/\/www.nordex-online.com\/de\/wp-json\/wp\/v2\/media?parent=46312"}],"wp:term":[{"taxonomy":"category","embeddable":true,"href":"https:\/\/www.nordex-online.com\/de\/wp-json\/wp\/v2\/categories?post=46312"},{"taxonomy":"post_tag","embeddable":true,"href":"https:\/\/www.nordex-online.com\/de\/wp-json\/wp\/v2\/tags?post=46312"}],"curies":[{"name":"wp","href":"https:\/\/api.w.org\/{rel}","templated":true}]}}