{"id":43820,"date":"2024-07-03T05:30:17","date_gmt":"2024-07-03T05:30:17","guid":{"rendered":"https:\/\/www.nordex-online.com\/de\/2024\/07\/nordex-group-sichert-sich-ende-juni-auftraege-ueber-245-mw-aus-frankreich-und-der-tuerkei\/"},"modified":"2025-08-14T06:44:18","modified_gmt":"2025-08-14T06:44:18","slug":"nordex-group-sichert-sich-ende-juni-auftraege-ueber-245-mw-aus-frankreich-und-der-tuerkei","status":"publish","type":"post","link":"https:\/\/www.nordex-online.com\/de\/2024\/07\/nordex-group-sichert-sich-ende-juni-auftraege-ueber-245-mw-aus-frankreich-und-der-tuerkei\/","title":{"rendered":"Nordex Group sichert sich Ende Juni Auftr\u00e4ge \u00fcber 245 MW aus Frankreich und der T\u00fcrkei"},"content":{"rendered":"<table border=\"0\">\n<tr>\n<td>\n<p>Nordex SE<\/p>\n<p> \/ Schlagwort(e): Auftragseing\u00e4nge<\/p>\n<p><\/p>\n<p>Nordex Group sichert sich Ende Juni Auftr\u00e4ge \u00fcber 245 MW aus Frankreich und der T\u00fcrkei <\/p>\n<p>03.07.2024 \/ 07:30 CET\/CEST<\/p>\n<p>F\u00fcr den Inhalt der Mitteilung ist der Emittent \/ Herausgeber verantwortlich.<\/p>\n<hr \/>\n<div>\n<p><b>Hamburg, 3. Juli 2024<\/b>. Die Nordex Group hat Ende Juni 2024 aus den Kernm\u00e4rkten Frankreich und T\u00fcrkei Auftr\u00e4ge f\u00fcr 17 Projekte mit insgesamt 245 MW erhalten.<\/p>\n<p>F\u00fcr neun Projekte in Frankreich liefert die Nordex Group 35 Turbinen der 3- und 4-MW-Klasse. In der T\u00fcrkei haben Kunden f\u00fcr acht Projekte \u00fcber 113 MW neun Anlagen des Typs N163\/6.X sowie weitere neun Anlagen der 4- und 5\u2013MW-Klasse bestellt.<\/p>\n<p>Die Auftr\u00e4ge umfassen auch den Service der Turbinen \u00fcber unterschiedliche Zeitr\u00e4ume nach ihrer Inbetriebnahme Ende 2024 und im Laufe von 2025.<\/p>\n<p><b>Die Nordex Group im Profil<\/b><\/p>\n<p>Die Gruppe hat in ihrer Unternehmensgeschichte bislang insgesamt rund 51 GW Windenergieleistung in \u00fcber 40 M\u00e4rkten installiert und erzielte im Jahr 2023 einen Konzernumsatz von rund EUR 6,5 Mrd. Das Unternehmen besch\u00e4ftigt derzeit mehr als 10.000 Mitarbeiter. Zum Fertigungsverbund geh\u00f6ren Werke in Deutschland, Spanien, Brasilien, Indien, USA und Mexiko. Das Produktprogramm konzentriert sich auf Onshore-Turbinen vor allem der Klassen 4 bis 6 MW+, die auf die Marktanforderungen von L\u00e4ndern mit begrenzten Ausbaufl\u00e4chen und Regionen mit begrenzten Netzkapazit\u00e4ten ausgelegt sind.<\/p>\n<p><u>Ansprechpartner f\u00fcr R\u00fcckfragen der Presse:<\/u><br \/>\nNordex SE<br \/>\nFelix Losada<br \/>\nTelefon: 040 \/ 300 30 \u2013 1141<br \/>\nflosada@nordex-online.com<\/p>\n<p>\u00a0<\/p>\n<p><u>Ansprechpartner f\u00fcr R\u00fcckfragen von Investoren:<\/u><br \/>\nNordex SE<br \/>\nAnja Siehler<br \/>\nTelefon: +49 162 3515 334<br \/>\nasiehler@nordex-online.com<\/p>\n<\/div>\n<p><\/p>\n<hr \/>\n<p>\n03.07.2024 CET\/CEST Ver\u00f6ffentlichung einer Corporate News\/Finanznachricht, \u00fcbermittelt durch EQS News &#8211; ein Service der EQS Group AG.<br \/>F\u00fcr den Inhalt der Mitteilung ist der Emittent \/ Herausgeber verantwortlich.<\/p>\n<p>Die EQS Distributionsservices umfassen gesetzliche Meldepflichten, Corporate News\/Finanznachrichten und Pressemitteilungen.<br \/>Medienarchiv unter https:\/\/eqs-news.com<\/p>\n<hr \/>\n<\/td>\n<\/tr>\n<\/table>\n<table>\n<tr>\n<td align=\"left\" valign=\"top\">Sprache:<\/td>\n<td align=\"left\" valign=\"top\">Deutsch<\/td>\n<\/tr>\n<tr>\n<td align=\"left\" valign=\"top\">Unternehmen:<\/td>\n<td align=\"left\" valign=\"top\">Nordex SE<\/td>\n<\/tr>\n<tr>\n<td align=\"left\" valign=\"top\" \/>\n<td align=\"left\" valign=\"top\">Erich-Schlesinger-Stra\u00dfe 50<\/td>\n<\/tr>\n<tr>\n<td align=\"left\" valign=\"top\" \/>\n<td align=\"left\" valign=\"top\">18059 Rostock<\/td>\n<\/tr>\n<tr>\n<td align=\"left\" valign=\"top\" \/>\n<td align=\"left\" valign=\"top\">Deutschland<\/td>\n<\/tr>\n<tr>\n<td align=\"left\" valign=\"top\">Telefon:<\/td>\n<td align=\"left\" valign=\"top\">+49 381 6663 3300<\/td>\n<\/tr>\n<tr>\n<td align=\"left\" valign=\"top\">Fax:<\/td>\n<td align=\"left\" valign=\"top\">+49 381 6663 3339<\/td>\n<\/tr>\n<tr>\n<td align=\"left\" valign=\"top\">E-Mail:<\/td>\n<td align=\"left\" valign=\"top\">investor-relations@nordex-online.com<\/td>\n<\/tr>\n<tr>\n<td align=\"left\" valign=\"top\">Internet:<\/td>\n<td align=\"left\" valign=\"top\">www.nordex-online.com<\/td>\n<\/tr>\n<tr>\n<td align=\"left\" valign=\"top\">ISIN:<\/td>\n<td align=\"left\" valign=\"top\">DE000A0D6554<\/td>\n<\/tr>\n<tr>\n<td align=\"left\" valign=\"top\">WKN:<\/td>\n<td align=\"left\" valign=\"top\">A0D655<\/td>\n<\/tr>\n<tr>\n<td align=\"left\" valign=\"top\">Indizes:<\/td>\n<td align=\"left\" valign=\"top\">MDAX, TecDAX<\/td>\n<\/tr>\n<tr>\n<td align=\"left\" valign=\"top\">B\u00f6rsen:<\/td>\n<td align=\"left\" valign=\"top\">Regulierter Markt in Frankfurt (Prime Standard); Freiverkehr in Berlin, D\u00fcsseldorf, Hamburg, Hannover, M\u00fcnchen, Stuttgart, Tradegate Exchange<\/td>\n<\/tr>\n<tr>\n<td align=\"left\" valign=\"top\">EQS News ID:<\/td>\n<td align=\"left\" valign=\"top\">1938207<\/td>\n<\/tr>\n<\/table>\n<p><\/p>\n<table border=\"0\">\n<tr>\n<td align=\"left\" valign=\"top\" colspan=\"2\" \/>\n<\/tr>\n<\/table>\n<table border=\"0\">\n<tr>\n<td align=\"left\" valign=\"top\" colspan=\"2\">\u00a0<\/td>\n<\/tr>\n<tr>\n<td align=\"left\" valign=\"top\">Ende der Mitteilung<\/td>\n<td align=\"left\" valign=\"top\">EQS News-Service<\/td>\n<\/tr>\n<\/table>\n<table border=\"0\">\n<tr>\n<td>\n<hr \/>\n<\/td>\n<\/tr>\n<\/table>\n<p>1938207\u00a0\u00a003.07.2024\u00a0CET\/CEST\n<\/p>\n<p><img loading=\"lazy\" decoding=\"async\" src=\"https:\/\/eqs-cockpit.com\/cgi-bin\/fncls.ssp?fn=show_t_gif&amp;application_id=1938207&amp;application_name=news&amp;site_id=airport_aws\" alt=\"fncls.ssp?fn=show_t_gif&amp;application_id=1938207&amp;application_name=news&amp;site_id=airport_aws\" width=\"0\" height=\"0\" border=\"0\" \/><\/p>\n","protected":false},"excerpt":{"rendered":"<p>Nordex SE \/ Schlagwort(e): Auftragseing\u00e4nge Nordex Group sichert sich Ende Juni Auftr\u00e4ge \u00fcber 245 MW aus Frankreich und der T\u00fcrkei 03.07.2024 \/ 07:30 CET\/CEST F\u00fcr den Inhalt der Mitteilung ist der Emittent \/ Herausgeber verantwortlich. Hamburg, 3. Juli 2024. Die Nordex Group hat Ende Juni 2024 aus den Kernm\u00e4rkten Frankreich und T\u00fcrkei Auftr\u00e4ge f\u00fcr 17 [&hellip;]<\/p>\n","protected":false},"author":5,"featured_media":0,"comment_status":"closed","ping_status":"closed","sticky":false,"template":"","format":"standard","meta":{"_trash_the_other_posts":false,"editor_notices":[],"footnotes":""},"categories":[1250,1252],"tags":[],"class_list":["post-43820","post","type-post","status-publish","format-standard","hentry","category-investor-relations","category-corporate"],"yoast_head":"<!-- This site is optimized with the Yoast SEO Premium plugin v27.3 (Yoast SEO v27.3) - https:\/\/yoast.com\/product\/yoast-seo-premium-wordpress\/ -->\n<title>Nordex Group sichert sich Ende Juni Auftr\u00e4ge \u00fcber 245 MW aus Frankreich und der T\u00fcrkei - Nordex SE - Deutsch<\/title>\n<meta name=\"robots\" content=\"index, follow, max-snippet:-1, max-image-preview:large, max-video-preview:-1\" \/>\n<link rel=\"canonical\" href=\"https:\/\/www.nordex-online.com\/de\/2024\/07\/nordex-group-sichert-sich-ende-juni-auftraege-ueber-245-mw-aus-frankreich-und-der-tuerkei\/\" \/>\n<meta property=\"og:locale\" content=\"de_DE\" \/>\n<meta property=\"og:type\" content=\"article\" \/>\n<meta property=\"og:title\" content=\"Nordex Group sichert sich Ende Juni Auftr\u00e4ge \u00fcber 245 MW aus Frankreich und der T\u00fcrkei\" \/>\n<meta property=\"og:description\" content=\"Nordex SE \/ Schlagwort(e): Auftragseing\u00e4nge Nordex Group sichert sich Ende Juni Auftr\u00e4ge \u00fcber 245 MW aus Frankreich und der T\u00fcrkei 03.07.2024 \/ 07:30 CET\/CEST F\u00fcr den Inhalt der Mitteilung ist der Emittent \/ Herausgeber verantwortlich. Hamburg, 3. Juli 2024. Die Nordex Group hat Ende Juni 2024 aus den Kernm\u00e4rkten Frankreich und T\u00fcrkei Auftr\u00e4ge f\u00fcr 17 [&hellip;]\" \/>\n<meta property=\"og:url\" content=\"https:\/\/www.nordex-online.com\/de\/2024\/07\/nordex-group-sichert-sich-ende-juni-auftraege-ueber-245-mw-aus-frankreich-und-der-tuerkei\/\" \/>\n<meta property=\"og:site_name\" content=\"Nordex SE - Deutsch\" \/>\n<meta property=\"article:published_time\" content=\"2024-07-03T05:30:17+00:00\" \/>\n<meta property=\"article:modified_time\" content=\"2025-08-14T06:44:18+00:00\" \/>\n<meta property=\"og:image\" content=\"https:\/\/eqs-cockpit.com\/cgi-bin\/fncls.ssp?fn=show_t_gif&amp;application_id=1938207&amp;application_name=news&amp;site_id=airport_aws\" \/>\n<meta name=\"author\" content=\"aeckert\" \/>\n<meta name=\"twitter:card\" content=\"summary_large_image\" \/>\n<meta name=\"twitter:label1\" content=\"Geschrieben von\" \/>\n\t<meta name=\"twitter:data1\" content=\"aeckert\" \/>\n\t<meta name=\"twitter:label2\" content=\"Gesch\u00e4tzte Lesezeit\" \/>\n\t<meta name=\"twitter:data2\" content=\"2\u00a0Minuten\" \/>\n<script type=\"application\/ld+json\" class=\"yoast-schema-graph\">{\"@context\":\"https:\\\/\\\/schema.org\",\"@graph\":[{\"@type\":\"Article\",\"@id\":\"https:\\\/\\\/www.nordex-online.com\\\/de\\\/2024\\\/07\\\/nordex-group-sichert-sich-ende-juni-auftraege-ueber-245-mw-aus-frankreich-und-der-tuerkei\\\/#article\",\"isPartOf\":{\"@id\":\"https:\\\/\\\/www.nordex-online.com\\\/de\\\/2024\\\/07\\\/nordex-group-sichert-sich-ende-juni-auftraege-ueber-245-mw-aus-frankreich-und-der-tuerkei\\\/\"},\"author\":{\"name\":\"aeckert\",\"@id\":\"https:\\\/\\\/www.nordex-online.com\\\/de\\\/#\\\/schema\\\/person\\\/81621b8f0d2d2d605ac828cef137de95\"},\"headline\":\"Nordex Group sichert sich Ende Juni Auftr\u00e4ge \u00fcber 245 MW aus Frankreich und der T\u00fcrkei\",\"datePublished\":\"2024-07-03T05:30:17+00:00\",\"dateModified\":\"2025-08-14T06:44:18+00:00\",\"mainEntityOfPage\":{\"@id\":\"https:\\\/\\\/www.nordex-online.com\\\/de\\\/2024\\\/07\\\/nordex-group-sichert-sich-ende-juni-auftraege-ueber-245-mw-aus-frankreich-und-der-tuerkei\\\/\"},\"wordCount\":357,\"publisher\":{\"@id\":\"https:\\\/\\\/www.nordex-online.com\\\/de\\\/#organization\"},\"image\":{\"@id\":\"https:\\\/\\\/www.nordex-online.com\\\/de\\\/2024\\\/07\\\/nordex-group-sichert-sich-ende-juni-auftraege-ueber-245-mw-aus-frankreich-und-der-tuerkei\\\/#primaryimage\"},\"thumbnailUrl\":\"https:\\\/\\\/eqs-cockpit.com\\\/cgi-bin\\\/fncls.ssp?fn=show_t_gif&amp;application_id=1938207&amp;application_name=news&amp;site_id=airport_aws\",\"articleSection\":[\"Investorenbeziehungen\",\"Unternehmen\"],\"inLanguage\":\"de\"},{\"@type\":\"WebPage\",\"@id\":\"https:\\\/\\\/www.nordex-online.com\\\/de\\\/2024\\\/07\\\/nordex-group-sichert-sich-ende-juni-auftraege-ueber-245-mw-aus-frankreich-und-der-tuerkei\\\/\",\"url\":\"https:\\\/\\\/www.nordex-online.com\\\/de\\\/2024\\\/07\\\/nordex-group-sichert-sich-ende-juni-auftraege-ueber-245-mw-aus-frankreich-und-der-tuerkei\\\/\",\"name\":\"Nordex Group sichert sich Ende Juni Auftr\u00e4ge \u00fcber 245 MW aus Frankreich und der T\u00fcrkei - Nordex SE - Deutsch\",\"isPartOf\":{\"@id\":\"https:\\\/\\\/www.nordex-online.com\\\/de\\\/#website\"},\"primaryImageOfPage\":{\"@id\":\"https:\\\/\\\/www.nordex-online.com\\\/de\\\/2024\\\/07\\\/nordex-group-sichert-sich-ende-juni-auftraege-ueber-245-mw-aus-frankreich-und-der-tuerkei\\\/#primaryimage\"},\"image\":{\"@id\":\"https:\\\/\\\/www.nordex-online.com\\\/de\\\/2024\\\/07\\\/nordex-group-sichert-sich-ende-juni-auftraege-ueber-245-mw-aus-frankreich-und-der-tuerkei\\\/#primaryimage\"},\"thumbnailUrl\":\"https:\\\/\\\/eqs-cockpit.com\\\/cgi-bin\\\/fncls.ssp?fn=show_t_gif&amp;application_id=1938207&amp;application_name=news&amp;site_id=airport_aws\",\"datePublished\":\"2024-07-03T05:30:17+00:00\",\"dateModified\":\"2025-08-14T06:44:18+00:00\",\"breadcrumb\":{\"@id\":\"https:\\\/\\\/www.nordex-online.com\\\/de\\\/2024\\\/07\\\/nordex-group-sichert-sich-ende-juni-auftraege-ueber-245-mw-aus-frankreich-und-der-tuerkei\\\/#breadcrumb\"},\"inLanguage\":\"de\",\"potentialAction\":[{\"@type\":\"ReadAction\",\"target\":[\"https:\\\/\\\/www.nordex-online.com\\\/de\\\/2024\\\/07\\\/nordex-group-sichert-sich-ende-juni-auftraege-ueber-245-mw-aus-frankreich-und-der-tuerkei\\\/\"]}]},{\"@type\":\"ImageObject\",\"inLanguage\":\"de\",\"@id\":\"https:\\\/\\\/www.nordex-online.com\\\/de\\\/2024\\\/07\\\/nordex-group-sichert-sich-ende-juni-auftraege-ueber-245-mw-aus-frankreich-und-der-tuerkei\\\/#primaryimage\",\"url\":\"https:\\\/\\\/eqs-cockpit.com\\\/cgi-bin\\\/fncls.ssp?fn=show_t_gif&amp;application_id=1938207&amp;application_name=news&amp;site_id=airport_aws\",\"contentUrl\":\"https:\\\/\\\/eqs-cockpit.com\\\/cgi-bin\\\/fncls.ssp?fn=show_t_gif&amp;application_id=1938207&amp;application_name=news&amp;site_id=airport_aws\"},{\"@type\":\"BreadcrumbList\",\"@id\":\"https:\\\/\\\/www.nordex-online.com\\\/de\\\/2024\\\/07\\\/nordex-group-sichert-sich-ende-juni-auftraege-ueber-245-mw-aus-frankreich-und-der-tuerkei\\\/#breadcrumb\",\"itemListElement\":[{\"@type\":\"ListItem\",\"position\":1,\"name\":\"Home\",\"item\":\"https:\\\/\\\/www.nordex-online.com\\\/de\\\/\"},{\"@type\":\"ListItem\",\"position\":2,\"name\":\"Nordex Group sichert sich Ende Juni Auftr\u00e4ge \u00fcber 245 MW aus Frankreich und der T\u00fcrkei\"}]},{\"@type\":\"WebSite\",\"@id\":\"https:\\\/\\\/www.nordex-online.com\\\/de\\\/#website\",\"url\":\"https:\\\/\\\/www.nordex-online.com\\\/de\\\/\",\"name\":\"Nordex SE - Deutsch\",\"description\":\"Manufacture, installation and maintenance of wind turbines.\",\"publisher\":{\"@id\":\"https:\\\/\\\/www.nordex-online.com\\\/de\\\/#organization\"},\"potentialAction\":[{\"@type\":\"SearchAction\",\"target\":{\"@type\":\"EntryPoint\",\"urlTemplate\":\"https:\\\/\\\/www.nordex-online.com\\\/de\\\/?s={search_term_string}\"},\"query-input\":{\"@type\":\"PropertyValueSpecification\",\"valueRequired\":true,\"valueName\":\"search_term_string\"}}],\"inLanguage\":\"de\"},{\"@type\":\"Organization\",\"@id\":\"https:\\\/\\\/www.nordex-online.com\\\/de\\\/#organization\",\"name\":\"Nordex SE - Deutsch\",\"url\":\"https:\\\/\\\/www.nordex-online.com\\\/de\\\/\",\"logo\":{\"@type\":\"ImageObject\",\"inLanguage\":\"de\",\"@id\":\"https:\\\/\\\/www.nordex-online.com\\\/de\\\/#\\\/schema\\\/logo\\\/image\\\/\",\"url\":\"https:\\\/\\\/www.nordex-online.com\\\/wp-content\\\/uploads\\\/sites\\\/3\\\/2024\\\/07\\\/cropped-cropped-Combined-Logos_cmyk_PNG.png\",\"contentUrl\":\"https:\\\/\\\/www.nordex-online.com\\\/wp-content\\\/uploads\\\/sites\\\/3\\\/2024\\\/07\\\/cropped-cropped-Combined-Logos_cmyk_PNG.png\",\"width\":1181,\"height\":353,\"caption\":\"Nordex SE - Deutsch\"},\"image\":{\"@id\":\"https:\\\/\\\/www.nordex-online.com\\\/de\\\/#\\\/schema\\\/logo\\\/image\\\/\"}},{\"@type\":\"Person\",\"@id\":\"https:\\\/\\\/www.nordex-online.com\\\/de\\\/#\\\/schema\\\/person\\\/81621b8f0d2d2d605ac828cef137de95\",\"name\":\"aeckert\",\"image\":{\"@type\":\"ImageObject\",\"inLanguage\":\"de\",\"@id\":\"https:\\\/\\\/secure.gravatar.com\\\/avatar\\\/9bb1da8fdca865f8714afd486408f3f4d26ef53f3ff2e44201e2a0a3b5e3c6b2?s=96&d=mm&r=g\",\"url\":\"https:\\\/\\\/secure.gravatar.com\\\/avatar\\\/9bb1da8fdca865f8714afd486408f3f4d26ef53f3ff2e44201e2a0a3b5e3c6b2?s=96&d=mm&r=g\",\"contentUrl\":\"https:\\\/\\\/secure.gravatar.com\\\/avatar\\\/9bb1da8fdca865f8714afd486408f3f4d26ef53f3ff2e44201e2a0a3b5e3c6b2?s=96&d=mm&r=g\",\"caption\":\"aeckert\"},\"url\":\"https:\\\/\\\/www.nordex-online.com\\\/de\\\/author\\\/antje\\\/\"}]}<\/script>\n<!-- \/ Yoast SEO Premium plugin. -->","yoast_head_json":{"title":"Nordex Group sichert sich Ende Juni Auftr\u00e4ge \u00fcber 245 MW aus Frankreich und der T\u00fcrkei - Nordex SE - Deutsch","robots":{"index":"index","follow":"follow","max-snippet":"max-snippet:-1","max-image-preview":"max-image-preview:large","max-video-preview":"max-video-preview:-1"},"canonical":"https:\/\/www.nordex-online.com\/de\/2024\/07\/nordex-group-sichert-sich-ende-juni-auftraege-ueber-245-mw-aus-frankreich-und-der-tuerkei\/","og_locale":"de_DE","og_type":"article","og_title":"Nordex Group sichert sich Ende Juni Auftr\u00e4ge \u00fcber 245 MW aus Frankreich und der T\u00fcrkei","og_description":"Nordex SE \/ Schlagwort(e): Auftragseing\u00e4nge Nordex Group sichert sich Ende Juni Auftr\u00e4ge \u00fcber 245 MW aus Frankreich und der T\u00fcrkei 03.07.2024 \/ 07:30 CET\/CEST F\u00fcr den Inhalt der Mitteilung ist der Emittent \/ Herausgeber verantwortlich. Hamburg, 3. Juli 2024. Die Nordex Group hat Ende Juni 2024 aus den Kernm\u00e4rkten Frankreich und T\u00fcrkei Auftr\u00e4ge f\u00fcr 17 [&hellip;]","og_url":"https:\/\/www.nordex-online.com\/de\/2024\/07\/nordex-group-sichert-sich-ende-juni-auftraege-ueber-245-mw-aus-frankreich-und-der-tuerkei\/","og_site_name":"Nordex SE - Deutsch","article_published_time":"2024-07-03T05:30:17+00:00","article_modified_time":"2025-08-14T06:44:18+00:00","og_image":[{"url":"https:\/\/eqs-cockpit.com\/cgi-bin\/fncls.ssp?fn=show_t_gif&amp;application_id=1938207&amp;application_name=news&amp;site_id=airport_aws","type":"","width":"","height":""}],"author":"aeckert","twitter_card":"summary_large_image","twitter_misc":{"Geschrieben von":"aeckert","Gesch\u00e4tzte Lesezeit":"2\u00a0Minuten"},"schema":{"@context":"https:\/\/schema.org","@graph":[{"@type":"Article","@id":"https:\/\/www.nordex-online.com\/de\/2024\/07\/nordex-group-sichert-sich-ende-juni-auftraege-ueber-245-mw-aus-frankreich-und-der-tuerkei\/#article","isPartOf":{"@id":"https:\/\/www.nordex-online.com\/de\/2024\/07\/nordex-group-sichert-sich-ende-juni-auftraege-ueber-245-mw-aus-frankreich-und-der-tuerkei\/"},"author":{"name":"aeckert","@id":"https:\/\/www.nordex-online.com\/de\/#\/schema\/person\/81621b8f0d2d2d605ac828cef137de95"},"headline":"Nordex Group sichert sich Ende Juni Auftr\u00e4ge \u00fcber 245 MW aus Frankreich und der T\u00fcrkei","datePublished":"2024-07-03T05:30:17+00:00","dateModified":"2025-08-14T06:44:18+00:00","mainEntityOfPage":{"@id":"https:\/\/www.nordex-online.com\/de\/2024\/07\/nordex-group-sichert-sich-ende-juni-auftraege-ueber-245-mw-aus-frankreich-und-der-tuerkei\/"},"wordCount":357,"publisher":{"@id":"https:\/\/www.nordex-online.com\/de\/#organization"},"image":{"@id":"https:\/\/www.nordex-online.com\/de\/2024\/07\/nordex-group-sichert-sich-ende-juni-auftraege-ueber-245-mw-aus-frankreich-und-der-tuerkei\/#primaryimage"},"thumbnailUrl":"https:\/\/eqs-cockpit.com\/cgi-bin\/fncls.ssp?fn=show_t_gif&amp;application_id=1938207&amp;application_name=news&amp;site_id=airport_aws","articleSection":["Investorenbeziehungen","Unternehmen"],"inLanguage":"de"},{"@type":"WebPage","@id":"https:\/\/www.nordex-online.com\/de\/2024\/07\/nordex-group-sichert-sich-ende-juni-auftraege-ueber-245-mw-aus-frankreich-und-der-tuerkei\/","url":"https:\/\/www.nordex-online.com\/de\/2024\/07\/nordex-group-sichert-sich-ende-juni-auftraege-ueber-245-mw-aus-frankreich-und-der-tuerkei\/","name":"Nordex Group sichert sich Ende Juni Auftr\u00e4ge \u00fcber 245 MW aus Frankreich und der T\u00fcrkei - Nordex SE - Deutsch","isPartOf":{"@id":"https:\/\/www.nordex-online.com\/de\/#website"},"primaryImageOfPage":{"@id":"https:\/\/www.nordex-online.com\/de\/2024\/07\/nordex-group-sichert-sich-ende-juni-auftraege-ueber-245-mw-aus-frankreich-und-der-tuerkei\/#primaryimage"},"image":{"@id":"https:\/\/www.nordex-online.com\/de\/2024\/07\/nordex-group-sichert-sich-ende-juni-auftraege-ueber-245-mw-aus-frankreich-und-der-tuerkei\/#primaryimage"},"thumbnailUrl":"https:\/\/eqs-cockpit.com\/cgi-bin\/fncls.ssp?fn=show_t_gif&amp;application_id=1938207&amp;application_name=news&amp;site_id=airport_aws","datePublished":"2024-07-03T05:30:17+00:00","dateModified":"2025-08-14T06:44:18+00:00","breadcrumb":{"@id":"https:\/\/www.nordex-online.com\/de\/2024\/07\/nordex-group-sichert-sich-ende-juni-auftraege-ueber-245-mw-aus-frankreich-und-der-tuerkei\/#breadcrumb"},"inLanguage":"de","potentialAction":[{"@type":"ReadAction","target":["https:\/\/www.nordex-online.com\/de\/2024\/07\/nordex-group-sichert-sich-ende-juni-auftraege-ueber-245-mw-aus-frankreich-und-der-tuerkei\/"]}]},{"@type":"ImageObject","inLanguage":"de","@id":"https:\/\/www.nordex-online.com\/de\/2024\/07\/nordex-group-sichert-sich-ende-juni-auftraege-ueber-245-mw-aus-frankreich-und-der-tuerkei\/#primaryimage","url":"https:\/\/eqs-cockpit.com\/cgi-bin\/fncls.ssp?fn=show_t_gif&amp;application_id=1938207&amp;application_name=news&amp;site_id=airport_aws","contentUrl":"https:\/\/eqs-cockpit.com\/cgi-bin\/fncls.ssp?fn=show_t_gif&amp;application_id=1938207&amp;application_name=news&amp;site_id=airport_aws"},{"@type":"BreadcrumbList","@id":"https:\/\/www.nordex-online.com\/de\/2024\/07\/nordex-group-sichert-sich-ende-juni-auftraege-ueber-245-mw-aus-frankreich-und-der-tuerkei\/#breadcrumb","itemListElement":[{"@type":"ListItem","position":1,"name":"Home","item":"https:\/\/www.nordex-online.com\/de\/"},{"@type":"ListItem","position":2,"name":"Nordex Group sichert sich Ende Juni Auftr\u00e4ge \u00fcber 245 MW aus Frankreich und der T\u00fcrkei"}]},{"@type":"WebSite","@id":"https:\/\/www.nordex-online.com\/de\/#website","url":"https:\/\/www.nordex-online.com\/de\/","name":"Nordex SE - Deutsch","description":"Manufacture, installation and maintenance of wind turbines.","publisher":{"@id":"https:\/\/www.nordex-online.com\/de\/#organization"},"potentialAction":[{"@type":"SearchAction","target":{"@type":"EntryPoint","urlTemplate":"https:\/\/www.nordex-online.com\/de\/?s={search_term_string}"},"query-input":{"@type":"PropertyValueSpecification","valueRequired":true,"valueName":"search_term_string"}}],"inLanguage":"de"},{"@type":"Organization","@id":"https:\/\/www.nordex-online.com\/de\/#organization","name":"Nordex SE - Deutsch","url":"https:\/\/www.nordex-online.com\/de\/","logo":{"@type":"ImageObject","inLanguage":"de","@id":"https:\/\/www.nordex-online.com\/de\/#\/schema\/logo\/image\/","url":"https:\/\/www.nordex-online.com\/wp-content\/uploads\/sites\/3\/2024\/07\/cropped-cropped-Combined-Logos_cmyk_PNG.png","contentUrl":"https:\/\/www.nordex-online.com\/wp-content\/uploads\/sites\/3\/2024\/07\/cropped-cropped-Combined-Logos_cmyk_PNG.png","width":1181,"height":353,"caption":"Nordex SE - Deutsch"},"image":{"@id":"https:\/\/www.nordex-online.com\/de\/#\/schema\/logo\/image\/"}},{"@type":"Person","@id":"https:\/\/www.nordex-online.com\/de\/#\/schema\/person\/81621b8f0d2d2d605ac828cef137de95","name":"aeckert","image":{"@type":"ImageObject","inLanguage":"de","@id":"https:\/\/secure.gravatar.com\/avatar\/9bb1da8fdca865f8714afd486408f3f4d26ef53f3ff2e44201e2a0a3b5e3c6b2?s=96&d=mm&r=g","url":"https:\/\/secure.gravatar.com\/avatar\/9bb1da8fdca865f8714afd486408f3f4d26ef53f3ff2e44201e2a0a3b5e3c6b2?s=96&d=mm&r=g","contentUrl":"https:\/\/secure.gravatar.com\/avatar\/9bb1da8fdca865f8714afd486408f3f4d26ef53f3ff2e44201e2a0a3b5e3c6b2?s=96&d=mm&r=g","caption":"aeckert"},"url":"https:\/\/www.nordex-online.com\/de\/author\/antje\/"}]}},"_links":{"self":[{"href":"https:\/\/www.nordex-online.com\/de\/wp-json\/wp\/v2\/posts\/43820","targetHints":{"allow":["GET"]}}],"collection":[{"href":"https:\/\/www.nordex-online.com\/de\/wp-json\/wp\/v2\/posts"}],"about":[{"href":"https:\/\/www.nordex-online.com\/de\/wp-json\/wp\/v2\/types\/post"}],"author":[{"embeddable":true,"href":"https:\/\/www.nordex-online.com\/de\/wp-json\/wp\/v2\/users\/5"}],"replies":[{"embeddable":true,"href":"https:\/\/www.nordex-online.com\/de\/wp-json\/wp\/v2\/comments?post=43820"}],"version-history":[{"count":1,"href":"https:\/\/www.nordex-online.com\/de\/wp-json\/wp\/v2\/posts\/43820\/revisions"}],"predecessor-version":[{"id":46166,"href":"https:\/\/www.nordex-online.com\/de\/wp-json\/wp\/v2\/posts\/43820\/revisions\/46166"}],"wp:attachment":[{"href":"https:\/\/www.nordex-online.com\/de\/wp-json\/wp\/v2\/media?parent=43820"}],"wp:term":[{"taxonomy":"category","embeddable":true,"href":"https:\/\/www.nordex-online.com\/de\/wp-json\/wp\/v2\/categories?post=43820"},{"taxonomy":"post_tag","embeddable":true,"href":"https:\/\/www.nordex-online.com\/de\/wp-json\/wp\/v2\/tags?post=43820"}],"curies":[{"name":"wp","href":"https:\/\/api.w.org\/{rel}","templated":true}]}}