{"id":43567,"date":"2023-12-19T16:37:41","date_gmt":"2023-12-19T16:37:41","guid":{"rendered":"https:\/\/www.nordex-online.com\/de\/?p=43567"},"modified":"2023-12-19T16:37:42","modified_gmt":"2023-12-19T16:37:42","slug":"europaeische-kommission-mitgliedstaaten-und-windindustrie-unterzeichnen-die-windcharta","status":"publish","type":"post","link":"https:\/\/www.nordex-online.com\/de\/2023\/12\/europaeische-kommission-mitgliedstaaten-und-windindustrie-unterzeichnen-die-windcharta\/","title":{"rendered":"Europ\u00e4ische Kommission, Mitgliedstaaten und Windindustrie unterzeichnen die Windcharta"},"content":{"rendered":"\n<p>Am 19. Dezember haben die Europ\u00e4ische Kommission, EU-Mitgliedstaaten und die Windindustrie in Br\u00fcssel die Europ\u00e4ische Windcharta unterzeichnet.<\/p>\n\n\n\n<p>Die Charta folgt auf den EU-Aktionsplan f\u00fcr Windenergie, den die Europ\u00e4ische Kommission im Oktober ver\u00f6ffentlicht hat. Der Aktionsplan ist eine nicht-regulatorische Erkl\u00e4rung. Mit der Unterzeichnung der Charta verpflichten sich die Mitgliedsstaaten, die Ziele des Aktionsplans f\u00fcr&nbsp;Windenergie zu erreichen. Auch die Windindustrie bekennt sich zu Europa als Region f\u00fcr Wachstum und Ausbau. Jos\u00e9 Luis Blanco, CEO der Nordex Group: &#8222;Es ist wichtig, die richtigen Rahmenbedingungen zu schaffen, damit die Industrie mitziehen kann. Mit der Unterzeichnung der Charta haben die Europ\u00e4ische Kommission und die Mitgliedsstaaten ein klares Bekenntnis abgegeben, den Ausbau der Windenergie in Europa voranzutreiben und die europ\u00e4ische Windindustrie zu st\u00e4rken. Jetzt kommt es darauf an, die entsprechenden Regelungen umzusetzen, um die Industrie zu st\u00e4rken.&#8220;<\/p>\n\n\n\n<p>Die Charta wurde von der Europ\u00e4ischen Kommission, 26 Mitgliedstaaten und mehr als 300 Unternehmen unterzeichnet. Die Charta finden Sie hier:\u00a0<a href=\"https:\/\/windeurope.org\/wp-content\/uploads\/files\/policy\/position-papers\/WindEurope-EU-Wind-Charter.pdf\">Europ\u00e4ische Windcharta<\/a><\/p>\n\n\n\n<div class=\"wp-block-columns is-layout-flex wp-container-core-columns-is-layout-28f84493 wp-block-columns-is-layout-flex\">\n<div class=\"wp-block-column is-layout-flow wp-block-column-is-layout-flow\">\n<figure class=\"wp-block-image size-large\"><a href=\"https:\/\/www.nordex-online.com\/wp-content\/uploads\/sites\/3\/2023\/12\/Wind-Charter-Bild-scaled.jpg\"><img loading=\"lazy\" decoding=\"async\" width=\"1024\" height=\"683\" src=\"https:\/\/www.nordex-online.com\/wp-content\/uploads\/sites\/3\/2023\/12\/Wind-Charter-Bild-1024x683.jpg\" alt=\"\" class=\"wp-image-43568\" srcset=\"https:\/\/www.nordex-online.com\/wp-content\/uploads\/sites\/3\/2023\/12\/Wind-Charter-Bild-1024x683.jpg 1024w, https:\/\/www.nordex-online.com\/wp-content\/uploads\/sites\/3\/2023\/12\/Wind-Charter-Bild-300x200.jpg 300w, https:\/\/www.nordex-online.com\/wp-content\/uploads\/sites\/3\/2023\/12\/Wind-Charter-Bild-768x512.jpg 768w, https:\/\/www.nordex-online.com\/wp-content\/uploads\/sites\/3\/2023\/12\/Wind-Charter-Bild-1536x1024.jpg 1536w, https:\/\/www.nordex-online.com\/wp-content\/uploads\/sites\/3\/2023\/12\/Wind-Charter-Bild-2048x1365.jpg 2048w\" sizes=\"auto, (max-width: 1024px) 100vw, 1024px\" \/><\/a><figcaption class=\"wp-element-caption\">\u00aeWindEurope\/Jason Bickley<\/figcaption><\/figure>\n<\/div>\n\n\n\n<div class=\"wp-block-column is-layout-flow wp-block-column-is-layout-flow\"><\/div>\n<\/div>\n","protected":false},"excerpt":{"rendered":"<p>Am 19. Dezember haben die Europ\u00e4ische Kommission, EU-Mitgliedstaaten und die Windindustrie in Br\u00fcssel die Europ\u00e4ische Windcharta unterzeichnet. Die Charta folgt auf den EU-Aktionsplan f\u00fcr Windenergie, den die Europ\u00e4ische Kommission im Oktober ver\u00f6ffentlicht hat. Der Aktionsplan ist eine nicht-regulatorische Erkl\u00e4rung. Mit der Unterzeichnung der Charta verpflichten sich die Mitgliedsstaaten, die Ziele des Aktionsplans f\u00fcr&nbsp;Windenergie zu erreichen. [&hellip;]<\/p>\n","protected":false},"author":6,"featured_media":43568,"comment_status":"closed","ping_status":"closed","sticky":false,"template":"","format":"standard","meta":{"_trash_the_other_posts":false,"editor_notices":[],"footnotes":""},"categories":[1249],"tags":[],"class_list":["post-43567","post","type-post","status-publish","format-standard","has-post-thumbnail","hentry","category-company-news"],"yoast_head":"<!-- This site is optimized with the Yoast SEO Premium plugin v27.3 (Yoast SEO v27.3) - https:\/\/yoast.com\/product\/yoast-seo-premium-wordpress\/ -->\n<title>Europ\u00e4ische Kommission, Mitgliedstaaten und Windindustrie unterzeichnen die Windcharta - Nordex SE - Deutsch<\/title>\n<meta name=\"robots\" content=\"index, follow, max-snippet:-1, max-image-preview:large, max-video-preview:-1\" \/>\n<link rel=\"canonical\" href=\"https:\/\/www.nordex-online.com\/de\/2023\/12\/europaeische-kommission-mitgliedstaaten-und-windindustrie-unterzeichnen-die-windcharta\/\" \/>\n<meta property=\"og:locale\" content=\"de_DE\" \/>\n<meta property=\"og:type\" content=\"article\" \/>\n<meta property=\"og:title\" content=\"Europ\u00e4ische Kommission, Mitgliedstaaten und Windindustrie unterzeichnen die Windcharta\" \/>\n<meta property=\"og:description\" content=\"Am 19. Dezember haben die Europ\u00e4ische Kommission, EU-Mitgliedstaaten und die Windindustrie in Br\u00fcssel die Europ\u00e4ische Windcharta unterzeichnet. Die Charta folgt auf den EU-Aktionsplan f\u00fcr Windenergie, den die Europ\u00e4ische Kommission im Oktober ver\u00f6ffentlicht hat. Der Aktionsplan ist eine nicht-regulatorische Erkl\u00e4rung. Mit der Unterzeichnung der Charta verpflichten sich die Mitgliedsstaaten, die Ziele des Aktionsplans f\u00fcr&nbsp;Windenergie zu erreichen. [&hellip;]\" \/>\n<meta property=\"og:url\" content=\"https:\/\/www.nordex-online.com\/de\/2023\/12\/europaeische-kommission-mitgliedstaaten-und-windindustrie-unterzeichnen-die-windcharta\/\" \/>\n<meta property=\"og:site_name\" content=\"Nordex SE - Deutsch\" \/>\n<meta property=\"article:published_time\" content=\"2023-12-19T16:37:41+00:00\" \/>\n<meta property=\"article:modified_time\" content=\"2023-12-19T16:37:42+00:00\" \/>\n<meta property=\"og:image\" content=\"https:\/\/www.nordex-online.com\/wp-content\/uploads\/sites\/3\/2023\/12\/Wind-Charter-Bild-scaled.jpg\" \/>\n\t<meta property=\"og:image:width\" content=\"2560\" \/>\n\t<meta property=\"og:image:height\" content=\"1707\" \/>\n\t<meta property=\"og:image:type\" content=\"image\/jpeg\" \/>\n<meta name=\"author\" content=\"Lueske, Annkathrin\" \/>\n<meta name=\"twitter:card\" content=\"summary_large_image\" \/>\n<meta name=\"twitter:label1\" content=\"Geschrieben von\" \/>\n\t<meta name=\"twitter:data1\" content=\"Lueske, Annkathrin\" \/>\n\t<meta name=\"twitter:label2\" content=\"Gesch\u00e4tzte Lesezeit\" \/>\n\t<meta name=\"twitter:data2\" content=\"2\u00a0Minuten\" \/>\n<script type=\"application\/ld+json\" class=\"yoast-schema-graph\">{\"@context\":\"https:\\\/\\\/schema.org\",\"@graph\":[{\"@type\":\"Article\",\"@id\":\"https:\\\/\\\/www.nordex-online.com\\\/de\\\/2023\\\/12\\\/europaeische-kommission-mitgliedstaaten-und-windindustrie-unterzeichnen-die-windcharta\\\/#article\",\"isPartOf\":{\"@id\":\"https:\\\/\\\/www.nordex-online.com\\\/de\\\/2023\\\/12\\\/europaeische-kommission-mitgliedstaaten-und-windindustrie-unterzeichnen-die-windcharta\\\/\"},\"author\":{\"name\":\"Lueske, Annkathrin\",\"@id\":\"https:\\\/\\\/www.nordex-online.com\\\/de\\\/#\\\/schema\\\/person\\\/c4337f60eb01413422bc1da80e01eefa\"},\"headline\":\"Europ\u00e4ische Kommission, Mitgliedstaaten und Windindustrie unterzeichnen die Windcharta\",\"datePublished\":\"2023-12-19T16:37:41+00:00\",\"dateModified\":\"2023-12-19T16:37:42+00:00\",\"mainEntityOfPage\":{\"@id\":\"https:\\\/\\\/www.nordex-online.com\\\/de\\\/2023\\\/12\\\/europaeische-kommission-mitgliedstaaten-und-windindustrie-unterzeichnen-die-windcharta\\\/\"},\"wordCount\":179,\"publisher\":{\"@id\":\"https:\\\/\\\/www.nordex-online.com\\\/de\\\/#organization\"},\"image\":{\"@id\":\"https:\\\/\\\/www.nordex-online.com\\\/de\\\/2023\\\/12\\\/europaeische-kommission-mitgliedstaaten-und-windindustrie-unterzeichnen-die-windcharta\\\/#primaryimage\"},\"thumbnailUrl\":\"https:\\\/\\\/www.nordex-online.com\\\/wp-content\\\/uploads\\\/sites\\\/3\\\/2023\\\/12\\\/Wind-Charter-Bild-scaled.jpg\",\"articleSection\":[\"Unternehmensneuigkeiten\"],\"inLanguage\":\"de\"},{\"@type\":\"WebPage\",\"@id\":\"https:\\\/\\\/www.nordex-online.com\\\/de\\\/2023\\\/12\\\/europaeische-kommission-mitgliedstaaten-und-windindustrie-unterzeichnen-die-windcharta\\\/\",\"url\":\"https:\\\/\\\/www.nordex-online.com\\\/de\\\/2023\\\/12\\\/europaeische-kommission-mitgliedstaaten-und-windindustrie-unterzeichnen-die-windcharta\\\/\",\"name\":\"Europ\u00e4ische Kommission, Mitgliedstaaten und Windindustrie unterzeichnen die Windcharta - Nordex SE - Deutsch\",\"isPartOf\":{\"@id\":\"https:\\\/\\\/www.nordex-online.com\\\/de\\\/#website\"},\"primaryImageOfPage\":{\"@id\":\"https:\\\/\\\/www.nordex-online.com\\\/de\\\/2023\\\/12\\\/europaeische-kommission-mitgliedstaaten-und-windindustrie-unterzeichnen-die-windcharta\\\/#primaryimage\"},\"image\":{\"@id\":\"https:\\\/\\\/www.nordex-online.com\\\/de\\\/2023\\\/12\\\/europaeische-kommission-mitgliedstaaten-und-windindustrie-unterzeichnen-die-windcharta\\\/#primaryimage\"},\"thumbnailUrl\":\"https:\\\/\\\/www.nordex-online.com\\\/wp-content\\\/uploads\\\/sites\\\/3\\\/2023\\\/12\\\/Wind-Charter-Bild-scaled.jpg\",\"datePublished\":\"2023-12-19T16:37:41+00:00\",\"dateModified\":\"2023-12-19T16:37:42+00:00\",\"breadcrumb\":{\"@id\":\"https:\\\/\\\/www.nordex-online.com\\\/de\\\/2023\\\/12\\\/europaeische-kommission-mitgliedstaaten-und-windindustrie-unterzeichnen-die-windcharta\\\/#breadcrumb\"},\"inLanguage\":\"de\",\"potentialAction\":[{\"@type\":\"ReadAction\",\"target\":[\"https:\\\/\\\/www.nordex-online.com\\\/de\\\/2023\\\/12\\\/europaeische-kommission-mitgliedstaaten-und-windindustrie-unterzeichnen-die-windcharta\\\/\"]}]},{\"@type\":\"ImageObject\",\"inLanguage\":\"de\",\"@id\":\"https:\\\/\\\/www.nordex-online.com\\\/de\\\/2023\\\/12\\\/europaeische-kommission-mitgliedstaaten-und-windindustrie-unterzeichnen-die-windcharta\\\/#primaryimage\",\"url\":\"https:\\\/\\\/www.nordex-online.com\\\/wp-content\\\/uploads\\\/sites\\\/3\\\/2023\\\/12\\\/Wind-Charter-Bild-scaled.jpg\",\"contentUrl\":\"https:\\\/\\\/www.nordex-online.com\\\/wp-content\\\/uploads\\\/sites\\\/3\\\/2023\\\/12\\\/Wind-Charter-Bild-scaled.jpg\",\"width\":2560,\"height\":1707,\"caption\":\"\u00aeWindEurope\\\/Jason Bickley\"},{\"@type\":\"BreadcrumbList\",\"@id\":\"https:\\\/\\\/www.nordex-online.com\\\/de\\\/2023\\\/12\\\/europaeische-kommission-mitgliedstaaten-und-windindustrie-unterzeichnen-die-windcharta\\\/#breadcrumb\",\"itemListElement\":[{\"@type\":\"ListItem\",\"position\":1,\"name\":\"Home\",\"item\":\"https:\\\/\\\/www.nordex-online.com\\\/de\\\/\"},{\"@type\":\"ListItem\",\"position\":2,\"name\":\"Europ\u00e4ische Kommission, Mitgliedstaaten und Windindustrie unterzeichnen die Windcharta\"}]},{\"@type\":\"WebSite\",\"@id\":\"https:\\\/\\\/www.nordex-online.com\\\/de\\\/#website\",\"url\":\"https:\\\/\\\/www.nordex-online.com\\\/de\\\/\",\"name\":\"Nordex SE - Deutsch\",\"description\":\"Manufacture, installation and maintenance of wind turbines.\",\"publisher\":{\"@id\":\"https:\\\/\\\/www.nordex-online.com\\\/de\\\/#organization\"},\"potentialAction\":[{\"@type\":\"SearchAction\",\"target\":{\"@type\":\"EntryPoint\",\"urlTemplate\":\"https:\\\/\\\/www.nordex-online.com\\\/de\\\/?s={search_term_string}\"},\"query-input\":{\"@type\":\"PropertyValueSpecification\",\"valueRequired\":true,\"valueName\":\"search_term_string\"}}],\"inLanguage\":\"de\"},{\"@type\":\"Organization\",\"@id\":\"https:\\\/\\\/www.nordex-online.com\\\/de\\\/#organization\",\"name\":\"Nordex SE - Deutsch\",\"url\":\"https:\\\/\\\/www.nordex-online.com\\\/de\\\/\",\"logo\":{\"@type\":\"ImageObject\",\"inLanguage\":\"de\",\"@id\":\"https:\\\/\\\/www.nordex-online.com\\\/de\\\/#\\\/schema\\\/logo\\\/image\\\/\",\"url\":\"https:\\\/\\\/www.nordex-online.com\\\/wp-content\\\/uploads\\\/sites\\\/3\\\/2024\\\/07\\\/cropped-cropped-Combined-Logos_cmyk_PNG.png\",\"contentUrl\":\"https:\\\/\\\/www.nordex-online.com\\\/wp-content\\\/uploads\\\/sites\\\/3\\\/2024\\\/07\\\/cropped-cropped-Combined-Logos_cmyk_PNG.png\",\"width\":1181,\"height\":353,\"caption\":\"Nordex SE - Deutsch\"},\"image\":{\"@id\":\"https:\\\/\\\/www.nordex-online.com\\\/de\\\/#\\\/schema\\\/logo\\\/image\\\/\"}},{\"@type\":\"Person\",\"@id\":\"https:\\\/\\\/www.nordex-online.com\\\/de\\\/#\\\/schema\\\/person\\\/c4337f60eb01413422bc1da80e01eefa\",\"name\":\"Lueske, Annkathrin\",\"image\":{\"@type\":\"ImageObject\",\"inLanguage\":\"de\",\"@id\":\"https:\\\/\\\/secure.gravatar.com\\\/avatar\\\/5f437cb50a62dc548338e5f2f7cdc9d3081c5843b1d3b99dd10c7595c4217fa4?s=96&d=mm&r=g\",\"url\":\"https:\\\/\\\/secure.gravatar.com\\\/avatar\\\/5f437cb50a62dc548338e5f2f7cdc9d3081c5843b1d3b99dd10c7595c4217fa4?s=96&d=mm&r=g\",\"contentUrl\":\"https:\\\/\\\/secure.gravatar.com\\\/avatar\\\/5f437cb50a62dc548338e5f2f7cdc9d3081c5843b1d3b99dd10c7595c4217fa4?s=96&d=mm&r=g\",\"caption\":\"Lueske, Annkathrin\"},\"url\":\"https:\\\/\\\/www.nordex-online.com\\\/de\\\/author\\\/alueske\\\/\"}]}<\/script>\n<!-- \/ Yoast SEO Premium plugin. -->","yoast_head_json":{"title":"Europ\u00e4ische Kommission, Mitgliedstaaten und Windindustrie unterzeichnen die Windcharta - Nordex SE - Deutsch","robots":{"index":"index","follow":"follow","max-snippet":"max-snippet:-1","max-image-preview":"max-image-preview:large","max-video-preview":"max-video-preview:-1"},"canonical":"https:\/\/www.nordex-online.com\/de\/2023\/12\/europaeische-kommission-mitgliedstaaten-und-windindustrie-unterzeichnen-die-windcharta\/","og_locale":"de_DE","og_type":"article","og_title":"Europ\u00e4ische Kommission, Mitgliedstaaten und Windindustrie unterzeichnen die Windcharta","og_description":"Am 19. Dezember haben die Europ\u00e4ische Kommission, EU-Mitgliedstaaten und die Windindustrie in Br\u00fcssel die Europ\u00e4ische Windcharta unterzeichnet. Die Charta folgt auf den EU-Aktionsplan f\u00fcr Windenergie, den die Europ\u00e4ische Kommission im Oktober ver\u00f6ffentlicht hat. Der Aktionsplan ist eine nicht-regulatorische Erkl\u00e4rung. Mit der Unterzeichnung der Charta verpflichten sich die Mitgliedsstaaten, die Ziele des Aktionsplans f\u00fcr&nbsp;Windenergie zu erreichen. [&hellip;]","og_url":"https:\/\/www.nordex-online.com\/de\/2023\/12\/europaeische-kommission-mitgliedstaaten-und-windindustrie-unterzeichnen-die-windcharta\/","og_site_name":"Nordex SE - Deutsch","article_published_time":"2023-12-19T16:37:41+00:00","article_modified_time":"2023-12-19T16:37:42+00:00","og_image":[{"width":2560,"height":1707,"url":"https:\/\/www.nordex-online.com\/wp-content\/uploads\/sites\/3\/2023\/12\/Wind-Charter-Bild-scaled.jpg","type":"image\/jpeg"}],"author":"Lueske, Annkathrin","twitter_card":"summary_large_image","twitter_misc":{"Geschrieben von":"Lueske, Annkathrin","Gesch\u00e4tzte Lesezeit":"2\u00a0Minuten"},"schema":{"@context":"https:\/\/schema.org","@graph":[{"@type":"Article","@id":"https:\/\/www.nordex-online.com\/de\/2023\/12\/europaeische-kommission-mitgliedstaaten-und-windindustrie-unterzeichnen-die-windcharta\/#article","isPartOf":{"@id":"https:\/\/www.nordex-online.com\/de\/2023\/12\/europaeische-kommission-mitgliedstaaten-und-windindustrie-unterzeichnen-die-windcharta\/"},"author":{"name":"Lueske, Annkathrin","@id":"https:\/\/www.nordex-online.com\/de\/#\/schema\/person\/c4337f60eb01413422bc1da80e01eefa"},"headline":"Europ\u00e4ische Kommission, Mitgliedstaaten und Windindustrie unterzeichnen die Windcharta","datePublished":"2023-12-19T16:37:41+00:00","dateModified":"2023-12-19T16:37:42+00:00","mainEntityOfPage":{"@id":"https:\/\/www.nordex-online.com\/de\/2023\/12\/europaeische-kommission-mitgliedstaaten-und-windindustrie-unterzeichnen-die-windcharta\/"},"wordCount":179,"publisher":{"@id":"https:\/\/www.nordex-online.com\/de\/#organization"},"image":{"@id":"https:\/\/www.nordex-online.com\/de\/2023\/12\/europaeische-kommission-mitgliedstaaten-und-windindustrie-unterzeichnen-die-windcharta\/#primaryimage"},"thumbnailUrl":"https:\/\/www.nordex-online.com\/wp-content\/uploads\/sites\/3\/2023\/12\/Wind-Charter-Bild-scaled.jpg","articleSection":["Unternehmensneuigkeiten"],"inLanguage":"de"},{"@type":"WebPage","@id":"https:\/\/www.nordex-online.com\/de\/2023\/12\/europaeische-kommission-mitgliedstaaten-und-windindustrie-unterzeichnen-die-windcharta\/","url":"https:\/\/www.nordex-online.com\/de\/2023\/12\/europaeische-kommission-mitgliedstaaten-und-windindustrie-unterzeichnen-die-windcharta\/","name":"Europ\u00e4ische Kommission, Mitgliedstaaten und Windindustrie unterzeichnen die Windcharta - Nordex SE - Deutsch","isPartOf":{"@id":"https:\/\/www.nordex-online.com\/de\/#website"},"primaryImageOfPage":{"@id":"https:\/\/www.nordex-online.com\/de\/2023\/12\/europaeische-kommission-mitgliedstaaten-und-windindustrie-unterzeichnen-die-windcharta\/#primaryimage"},"image":{"@id":"https:\/\/www.nordex-online.com\/de\/2023\/12\/europaeische-kommission-mitgliedstaaten-und-windindustrie-unterzeichnen-die-windcharta\/#primaryimage"},"thumbnailUrl":"https:\/\/www.nordex-online.com\/wp-content\/uploads\/sites\/3\/2023\/12\/Wind-Charter-Bild-scaled.jpg","datePublished":"2023-12-19T16:37:41+00:00","dateModified":"2023-12-19T16:37:42+00:00","breadcrumb":{"@id":"https:\/\/www.nordex-online.com\/de\/2023\/12\/europaeische-kommission-mitgliedstaaten-und-windindustrie-unterzeichnen-die-windcharta\/#breadcrumb"},"inLanguage":"de","potentialAction":[{"@type":"ReadAction","target":["https:\/\/www.nordex-online.com\/de\/2023\/12\/europaeische-kommission-mitgliedstaaten-und-windindustrie-unterzeichnen-die-windcharta\/"]}]},{"@type":"ImageObject","inLanguage":"de","@id":"https:\/\/www.nordex-online.com\/de\/2023\/12\/europaeische-kommission-mitgliedstaaten-und-windindustrie-unterzeichnen-die-windcharta\/#primaryimage","url":"https:\/\/www.nordex-online.com\/wp-content\/uploads\/sites\/3\/2023\/12\/Wind-Charter-Bild-scaled.jpg","contentUrl":"https:\/\/www.nordex-online.com\/wp-content\/uploads\/sites\/3\/2023\/12\/Wind-Charter-Bild-scaled.jpg","width":2560,"height":1707,"caption":"\u00aeWindEurope\/Jason Bickley"},{"@type":"BreadcrumbList","@id":"https:\/\/www.nordex-online.com\/de\/2023\/12\/europaeische-kommission-mitgliedstaaten-und-windindustrie-unterzeichnen-die-windcharta\/#breadcrumb","itemListElement":[{"@type":"ListItem","position":1,"name":"Home","item":"https:\/\/www.nordex-online.com\/de\/"},{"@type":"ListItem","position":2,"name":"Europ\u00e4ische Kommission, Mitgliedstaaten und Windindustrie unterzeichnen die Windcharta"}]},{"@type":"WebSite","@id":"https:\/\/www.nordex-online.com\/de\/#website","url":"https:\/\/www.nordex-online.com\/de\/","name":"Nordex SE - Deutsch","description":"Manufacture, installation and maintenance of wind turbines.","publisher":{"@id":"https:\/\/www.nordex-online.com\/de\/#organization"},"potentialAction":[{"@type":"SearchAction","target":{"@type":"EntryPoint","urlTemplate":"https:\/\/www.nordex-online.com\/de\/?s={search_term_string}"},"query-input":{"@type":"PropertyValueSpecification","valueRequired":true,"valueName":"search_term_string"}}],"inLanguage":"de"},{"@type":"Organization","@id":"https:\/\/www.nordex-online.com\/de\/#organization","name":"Nordex SE - Deutsch","url":"https:\/\/www.nordex-online.com\/de\/","logo":{"@type":"ImageObject","inLanguage":"de","@id":"https:\/\/www.nordex-online.com\/de\/#\/schema\/logo\/image\/","url":"https:\/\/www.nordex-online.com\/wp-content\/uploads\/sites\/3\/2024\/07\/cropped-cropped-Combined-Logos_cmyk_PNG.png","contentUrl":"https:\/\/www.nordex-online.com\/wp-content\/uploads\/sites\/3\/2024\/07\/cropped-cropped-Combined-Logos_cmyk_PNG.png","width":1181,"height":353,"caption":"Nordex SE - Deutsch"},"image":{"@id":"https:\/\/www.nordex-online.com\/de\/#\/schema\/logo\/image\/"}},{"@type":"Person","@id":"https:\/\/www.nordex-online.com\/de\/#\/schema\/person\/c4337f60eb01413422bc1da80e01eefa","name":"Lueske, Annkathrin","image":{"@type":"ImageObject","inLanguage":"de","@id":"https:\/\/secure.gravatar.com\/avatar\/5f437cb50a62dc548338e5f2f7cdc9d3081c5843b1d3b99dd10c7595c4217fa4?s=96&d=mm&r=g","url":"https:\/\/secure.gravatar.com\/avatar\/5f437cb50a62dc548338e5f2f7cdc9d3081c5843b1d3b99dd10c7595c4217fa4?s=96&d=mm&r=g","contentUrl":"https:\/\/secure.gravatar.com\/avatar\/5f437cb50a62dc548338e5f2f7cdc9d3081c5843b1d3b99dd10c7595c4217fa4?s=96&d=mm&r=g","caption":"Lueske, Annkathrin"},"url":"https:\/\/www.nordex-online.com\/de\/author\/alueske\/"}]}},"_links":{"self":[{"href":"https:\/\/www.nordex-online.com\/de\/wp-json\/wp\/v2\/posts\/43567","targetHints":{"allow":["GET"]}}],"collection":[{"href":"https:\/\/www.nordex-online.com\/de\/wp-json\/wp\/v2\/posts"}],"about":[{"href":"https:\/\/www.nordex-online.com\/de\/wp-json\/wp\/v2\/types\/post"}],"author":[{"embeddable":true,"href":"https:\/\/www.nordex-online.com\/de\/wp-json\/wp\/v2\/users\/6"}],"replies":[{"embeddable":true,"href":"https:\/\/www.nordex-online.com\/de\/wp-json\/wp\/v2\/comments?post=43567"}],"version-history":[{"count":2,"href":"https:\/\/www.nordex-online.com\/de\/wp-json\/wp\/v2\/posts\/43567\/revisions"}],"predecessor-version":[{"id":43570,"href":"https:\/\/www.nordex-online.com\/de\/wp-json\/wp\/v2\/posts\/43567\/revisions\/43570"}],"wp:featuredmedia":[{"embeddable":true,"href":"https:\/\/www.nordex-online.com\/de\/wp-json\/wp\/v2\/media\/43568"}],"wp:attachment":[{"href":"https:\/\/www.nordex-online.com\/de\/wp-json\/wp\/v2\/media?parent=43567"}],"wp:term":[{"taxonomy":"category","embeddable":true,"href":"https:\/\/www.nordex-online.com\/de\/wp-json\/wp\/v2\/categories?post=43567"},{"taxonomy":"post_tag","embeddable":true,"href":"https:\/\/www.nordex-online.com\/de\/wp-json\/wp\/v2\/tags?post=43567"}],"curies":[{"name":"wp","href":"https:\/\/api.w.org\/{rel}","templated":true}]}}