{"id":3506,"date":"2016-09-30T08:02:51","date_gmt":"2016-09-30T08:02:51","guid":{"rendered":"https:\/\/www.nordex-online.com\/de\/2016\/09\/uebergabe-im-finanzvorstand-bei-nordex-perfekt\/"},"modified":"2023-11-28T15:01:07","modified_gmt":"2023-11-28T15:01:07","slug":"uebergabe-im-finanzvorstand-bei-nordex-perfekt","status":"publish","type":"post","link":"https:\/\/www.nordex-online.com\/de\/2016\/09\/uebergabe-im-finanzvorstand-bei-nordex-perfekt\/","title":{"rendered":"\u00dcbergabe im Finanzvorstand bei Nordex perfekt"},"content":{"rendered":"<table class=\"news_layout style2015\" border=\"0\" cellpadding=\"0\" cellspacing=\"0\">\n<tr>\n<td>\n<p class=\"news_top\">DGAP-News: Nordex SE \/ Schlagwort(e): Personalie<\/p>\n<p><span class=\"news_top_date\">2016-09-30 \/ 10:02 <\/span><br \/>F\u00fcr den Inhalt der Mitteilung ist der Emittent verantwortlich.<\/p>\n<hr>\n<div class=\"break-word news_main\">\n<p><B>PRESSEMITTEILUNG<\/B><\/p>\n<p><b>\u00dcbergabe im Finanzvorstand bei Nordex perfekt<\/b><\/p>\n<p><b>Hamburg, 30. September 2016. <\/b>Bernard Sch\u00e4ferbarthold (45) legt heute sein Amt als Mitglied des Vorstands der Nordex SE nieder. Der schon im Januar angek\u00fcndigte Wechsel auf der CFO-Position ist damit wie geplant vollzogen. Als neuen Finanzvorstand der Gesellschaft hat der Aufsichtsrat Christoph Burkhard berufen, der sein Amt bereits zum 1. September \u00fcbernommen hat. <\/p>\n<p>&#8222;Die jetzt abgeschlossene \u00dcbergangsphase hat uns einen nahtlosen Wechsel erlaubt. Ich bin mir sicher, dass Herr Burkhard \u00fcber die entscheidenden Kompetenzen verf\u00fcgt, unser Gesch\u00e4ft weiter zu st\u00e4rken. Gleichzeitig w\u00fcnsche ich meinem langj\u00e4hrigen Kollegen Bernard Sch\u00e4ferbarthold viel Erfolg in seiner neuen Funktion und danke ihm f\u00fcr den hohen Einsatz und den umfassenden Erfolg seiner Arbeit&#8220;, so Lars Bondo Krogsgaard, Vorstandsvorsitzender der Nordex SE. <\/p>\n<p>Bernard Sch\u00e4ferbarthold hat seinen Vertrag mit Nordex aus privaten Gr\u00fcnden nicht mehr \u00fcber das Jahr 2016 hinaus verl\u00e4ngert. Der neue Finanzvorstand der Nordex SE, Christoph Burkhard (52), war zuletzt als CFO bei Siemens Wind Power Offshore t\u00e4tig und verf\u00fcgt \u00fcber umfangreiche Erfahrungen im Bankensektor.<\/p>\n<p><u>Ansprechpartner f\u00fcr R\u00fcckfragen:<\/u><\/p>\n<p>Nordex SE<br \/>Ralf Peters<br \/>Telefon: 040 \/ 300 30 &#8211; 1000<br \/>rpeters@nordex-online.com<\/p>\n<\/div>\n<p><\/p>\n<hr>\n<p class=\"news_bottom\">2016-09-30  Ver\u00f6ffentlichung einer Corporate News\/Finanznachricht, \u00fcbermittelt durch DGAP &#8211; ein Service der EQS Group AG. <br \/>F\u00fcr den Inhalt der Mitteilung ist der Emittent \/ Herausgeber verantwortlich.<\/p>\n<p>Die DGAP Distributionsservices umfassen gesetzliche Meldepflichten, Corporate News\/Finanznachrichten und Pressemitteilungen. <br \/>Medienarchiv unter http:\/\/www.dgap.de<\/p>\n<hr>\n<\/td>\n<\/tr>\n<\/table>\n<table class=\"news_footer_layout\" cellspacing=\"0\" cellpadding=\"0\">\n<tr>\n<td class=\"first_column column_1\">Sprache:<\/td>\n<td class=\"column_2\">Deutsch<\/td>\n<\/tr>\n<tr>\n<td class=\"column_1\">Unternehmen:<\/td>\n<td class=\"column_2\">Nordex SE\t<\/td>\n<\/tr>\n<tr>\n<td class=\"column_1\"><\/td>\n<td class=\"column_2\">Erich-Schlesinger-Stra\u00dfe 50\t<\/td>\n<\/tr>\n<tr>\n<td class=\"column_1\"><\/td>\n<td class=\"column_2\">18059 Rostock\t<\/td>\n<\/tr>\n<tr>\n<td class=\"column_1\"><\/td>\n<td class=\"column_2\">Deutschland\t<\/td>\n<\/tr>\n<tr>\n<td class=\"column_1\">Telefon:<\/td>\n<td class=\"column_2\">+49 381 6663 3300\t<\/td>\n<\/tr>\n<tr>\n<td class=\"column_1\">Fax:<\/td>\n<td class=\"column_2\">+49 381 6663 3339\t<\/td>\n<\/tr>\n<tr>\n<td class=\"column_1\">E-Mail:<\/td>\n<td class=\"column_2\">info@nordex-online.com\t<\/td>\n<\/tr>\n<tr>\n<td class=\"column_1\">Internet:<\/td>\n<td class=\"column_2\">www.nordex-online.com\t<\/td>\n<\/tr>\n<tr>\n<td class=\"column_1\">ISIN:<\/td>\n<td class=\"column_2\">DE000A0D6554\t<\/td>\n<\/tr>\n<tr>\n<td class=\"column_1\">WKN:<\/td>\n<td class=\"column_2\">A0D655\t<\/td>\n<\/tr>\n<tr>\n<td class=\"column_1\">Indizes:<\/td>\n<td class=\"column_2\">TecDAX\t<\/td>\n<\/tr>\n<tr>\n<td class=\"column_1\">B\u00f6rsen:<\/td>\n<td class=\"column_2\">Regulierter Markt in Frankfurt (Prime Standard); Freiverkehr in Berlin, D\u00fcsseldorf, Hamburg, Hannover, M\u00fcnchen, Stuttgart, Tradegate Exchange\t<\/td>\n<\/tr>\n<tr>\n<td class=\"column_1\"><\/td>\n<td class=\"column_2\" colspan=\"2\"><\/td>\n<\/tr>\n<\/table>\n<table class=\"news_layout news_layout_footer_end\" border=\"0\" cellpadding=\"0\" cellspacing=\"0\">\n<tr>\n<td colspan=\"2\">\t\t\t\t<\/td>\n<\/tr>\n<tr>\n<td class=\"column_1\">Ende der Mitteilung<\/td>\n<td class=\"column_2\">DGAP News-Service<\/td>\n<\/tr>\n<\/table>\n<p><img loading=\"lazy\" decoding=\"async\" src=\"http:\/\/public-cockpit.eqs.com\/cgi-bin\/fncls.ssp?fn=show_t_gif&amp;application_id=507659&amp;application_name=news&amp;site_id=news_data\" alt=\"show this\" width=\"0\" height=\"0\" border=\"0\"><\/p>\n","protected":false},"excerpt":{"rendered":"<p>DGAP-News: Nordex SE \/ Schlagwort(e): Personalie 2016-09-30 \/ 10:02 F\u00fcr den Inhalt der Mitteilung ist der Emittent verantwortlich. PRESSEMITTEILUNG \u00dcbergabe im Finanzvorstand bei Nordex perfekt Hamburg, 30. September 2016. Bernard Sch\u00e4ferbarthold (45) legt heute sein Amt als Mitglied des Vorstands der Nordex SE nieder. Der schon im Januar angek\u00fcndigte Wechsel auf der CFO-Position ist damit [&hellip;]<\/p>\n","protected":false},"author":5,"featured_media":0,"comment_status":"closed","ping_status":"closed","sticky":false,"template":"","format":"standard","meta":{"_trash_the_other_posts":false,"editor_notices":[],"footnotes":""},"categories":[1250,1252],"tags":[],"class_list":["post-3506","post","type-post","status-publish","format-standard","hentry","category-investor-relations","category-corporate"],"yoast_head":"<!-- This site is optimized with the Yoast SEO Premium plugin v27.3 (Yoast SEO v27.3) - https:\/\/yoast.com\/product\/yoast-seo-premium-wordpress\/ -->\n<title>\u00dcbergabe im Finanzvorstand bei Nordex perfekt - Nordex SE - Deutsch<\/title>\n<meta name=\"robots\" content=\"index, follow, max-snippet:-1, max-image-preview:large, max-video-preview:-1\" \/>\n<link rel=\"canonical\" href=\"https:\/\/www.nordex-online.com\/de\/2016\/09\/uebergabe-im-finanzvorstand-bei-nordex-perfekt\/\" \/>\n<meta property=\"og:locale\" content=\"de_DE\" \/>\n<meta property=\"og:type\" content=\"article\" \/>\n<meta property=\"og:title\" content=\"\u00dcbergabe im Finanzvorstand bei Nordex perfekt\" \/>\n<meta property=\"og:description\" content=\"DGAP-News: Nordex SE \/ Schlagwort(e): Personalie 2016-09-30 \/ 10:02 F\u00fcr den Inhalt der Mitteilung ist der Emittent verantwortlich. PRESSEMITTEILUNG \u00dcbergabe im Finanzvorstand bei Nordex perfekt Hamburg, 30. September 2016. Bernard Sch\u00e4ferbarthold (45) legt heute sein Amt als Mitglied des Vorstands der Nordex SE nieder. Der schon im Januar angek\u00fcndigte Wechsel auf der CFO-Position ist damit [&hellip;]\" \/>\n<meta property=\"og:url\" content=\"https:\/\/www.nordex-online.com\/de\/2016\/09\/uebergabe-im-finanzvorstand-bei-nordex-perfekt\/\" \/>\n<meta property=\"og:site_name\" content=\"Nordex SE - Deutsch\" \/>\n<meta property=\"article:published_time\" content=\"2016-09-30T08:02:51+00:00\" \/>\n<meta property=\"article:modified_time\" content=\"2023-11-28T15:01:07+00:00\" \/>\n<meta property=\"og:image\" content=\"http:\/\/public-cockpit.eqs.com\/cgi-bin\/fncls.ssp?fn=show_t_gif&amp;application_id=507659&amp;application_name=news&amp;site_id=news_data\" \/>\n<meta name=\"author\" content=\"aeckert\" \/>\n<meta name=\"twitter:card\" content=\"summary_large_image\" \/>\n<meta name=\"twitter:label1\" content=\"Geschrieben von\" \/>\n\t<meta name=\"twitter:data1\" content=\"aeckert\" \/>\n\t<meta name=\"twitter:label2\" content=\"Gesch\u00e4tzte Lesezeit\" \/>\n\t<meta name=\"twitter:data2\" content=\"2\u00a0Minuten\" \/>\n<script type=\"application\/ld+json\" class=\"yoast-schema-graph\">{\"@context\":\"https:\\\/\\\/schema.org\",\"@graph\":[{\"@type\":\"Article\",\"@id\":\"https:\\\/\\\/www.nordex-online.com\\\/de\\\/2016\\\/09\\\/uebergabe-im-finanzvorstand-bei-nordex-perfekt\\\/#article\",\"isPartOf\":{\"@id\":\"https:\\\/\\\/www.nordex-online.com\\\/de\\\/2016\\\/09\\\/uebergabe-im-finanzvorstand-bei-nordex-perfekt\\\/\"},\"author\":{\"name\":\"aeckert\",\"@id\":\"https:\\\/\\\/www.nordex-online.com\\\/de\\\/#\\\/schema\\\/person\\\/81621b8f0d2d2d605ac828cef137de95\"},\"headline\":\"\u00dcbergabe im Finanzvorstand bei Nordex perfekt\",\"datePublished\":\"2016-09-30T08:02:51+00:00\",\"dateModified\":\"2023-11-28T15:01:07+00:00\",\"mainEntityOfPage\":{\"@id\":\"https:\\\/\\\/www.nordex-online.com\\\/de\\\/2016\\\/09\\\/uebergabe-im-finanzvorstand-bei-nordex-perfekt\\\/\"},\"wordCount\":309,\"publisher\":{\"@id\":\"https:\\\/\\\/www.nordex-online.com\\\/de\\\/#organization\"},\"image\":{\"@id\":\"https:\\\/\\\/www.nordex-online.com\\\/de\\\/2016\\\/09\\\/uebergabe-im-finanzvorstand-bei-nordex-perfekt\\\/#primaryimage\"},\"thumbnailUrl\":\"http:\\\/\\\/public-cockpit.eqs.com\\\/cgi-bin\\\/fncls.ssp?fn=show_t_gif&amp;application_id=507659&amp;application_name=news&amp;site_id=news_data\",\"articleSection\":[\"Investorenbeziehungen\",\"Unternehmen\"],\"inLanguage\":\"de\"},{\"@type\":\"WebPage\",\"@id\":\"https:\\\/\\\/www.nordex-online.com\\\/de\\\/2016\\\/09\\\/uebergabe-im-finanzvorstand-bei-nordex-perfekt\\\/\",\"url\":\"https:\\\/\\\/www.nordex-online.com\\\/de\\\/2016\\\/09\\\/uebergabe-im-finanzvorstand-bei-nordex-perfekt\\\/\",\"name\":\"\u00dcbergabe im Finanzvorstand bei Nordex perfekt - Nordex SE - Deutsch\",\"isPartOf\":{\"@id\":\"https:\\\/\\\/www.nordex-online.com\\\/de\\\/#website\"},\"primaryImageOfPage\":{\"@id\":\"https:\\\/\\\/www.nordex-online.com\\\/de\\\/2016\\\/09\\\/uebergabe-im-finanzvorstand-bei-nordex-perfekt\\\/#primaryimage\"},\"image\":{\"@id\":\"https:\\\/\\\/www.nordex-online.com\\\/de\\\/2016\\\/09\\\/uebergabe-im-finanzvorstand-bei-nordex-perfekt\\\/#primaryimage\"},\"thumbnailUrl\":\"http:\\\/\\\/public-cockpit.eqs.com\\\/cgi-bin\\\/fncls.ssp?fn=show_t_gif&amp;application_id=507659&amp;application_name=news&amp;site_id=news_data\",\"datePublished\":\"2016-09-30T08:02:51+00:00\",\"dateModified\":\"2023-11-28T15:01:07+00:00\",\"breadcrumb\":{\"@id\":\"https:\\\/\\\/www.nordex-online.com\\\/de\\\/2016\\\/09\\\/uebergabe-im-finanzvorstand-bei-nordex-perfekt\\\/#breadcrumb\"},\"inLanguage\":\"de\",\"potentialAction\":[{\"@type\":\"ReadAction\",\"target\":[\"https:\\\/\\\/www.nordex-online.com\\\/de\\\/2016\\\/09\\\/uebergabe-im-finanzvorstand-bei-nordex-perfekt\\\/\"]}]},{\"@type\":\"ImageObject\",\"inLanguage\":\"de\",\"@id\":\"https:\\\/\\\/www.nordex-online.com\\\/de\\\/2016\\\/09\\\/uebergabe-im-finanzvorstand-bei-nordex-perfekt\\\/#primaryimage\",\"url\":\"http:\\\/\\\/public-cockpit.eqs.com\\\/cgi-bin\\\/fncls.ssp?fn=show_t_gif&amp;application_id=507659&amp;application_name=news&amp;site_id=news_data\",\"contentUrl\":\"http:\\\/\\\/public-cockpit.eqs.com\\\/cgi-bin\\\/fncls.ssp?fn=show_t_gif&amp;application_id=507659&amp;application_name=news&amp;site_id=news_data\"},{\"@type\":\"BreadcrumbList\",\"@id\":\"https:\\\/\\\/www.nordex-online.com\\\/de\\\/2016\\\/09\\\/uebergabe-im-finanzvorstand-bei-nordex-perfekt\\\/#breadcrumb\",\"itemListElement\":[{\"@type\":\"ListItem\",\"position\":1,\"name\":\"Home\",\"item\":\"https:\\\/\\\/www.nordex-online.com\\\/de\\\/\"},{\"@type\":\"ListItem\",\"position\":2,\"name\":\"\u00dcbergabe im Finanzvorstand bei Nordex perfekt\"}]},{\"@type\":\"WebSite\",\"@id\":\"https:\\\/\\\/www.nordex-online.com\\\/de\\\/#website\",\"url\":\"https:\\\/\\\/www.nordex-online.com\\\/de\\\/\",\"name\":\"Nordex SE - Deutsch\",\"description\":\"Manufacture, installation and maintenance of wind turbines.\",\"publisher\":{\"@id\":\"https:\\\/\\\/www.nordex-online.com\\\/de\\\/#organization\"},\"potentialAction\":[{\"@type\":\"SearchAction\",\"target\":{\"@type\":\"EntryPoint\",\"urlTemplate\":\"https:\\\/\\\/www.nordex-online.com\\\/de\\\/?s={search_term_string}\"},\"query-input\":{\"@type\":\"PropertyValueSpecification\",\"valueRequired\":true,\"valueName\":\"search_term_string\"}}],\"inLanguage\":\"de\"},{\"@type\":\"Organization\",\"@id\":\"https:\\\/\\\/www.nordex-online.com\\\/de\\\/#organization\",\"name\":\"Nordex SE - Deutsch\",\"url\":\"https:\\\/\\\/www.nordex-online.com\\\/de\\\/\",\"logo\":{\"@type\":\"ImageObject\",\"inLanguage\":\"de\",\"@id\":\"https:\\\/\\\/www.nordex-online.com\\\/de\\\/#\\\/schema\\\/logo\\\/image\\\/\",\"url\":\"https:\\\/\\\/www.nordex-online.com\\\/wp-content\\\/uploads\\\/sites\\\/3\\\/2024\\\/07\\\/cropped-cropped-Combined-Logos_cmyk_PNG.png\",\"contentUrl\":\"https:\\\/\\\/www.nordex-online.com\\\/wp-content\\\/uploads\\\/sites\\\/3\\\/2024\\\/07\\\/cropped-cropped-Combined-Logos_cmyk_PNG.png\",\"width\":1181,\"height\":353,\"caption\":\"Nordex SE - Deutsch\"},\"image\":{\"@id\":\"https:\\\/\\\/www.nordex-online.com\\\/de\\\/#\\\/schema\\\/logo\\\/image\\\/\"}},{\"@type\":\"Person\",\"@id\":\"https:\\\/\\\/www.nordex-online.com\\\/de\\\/#\\\/schema\\\/person\\\/81621b8f0d2d2d605ac828cef137de95\",\"name\":\"aeckert\",\"image\":{\"@type\":\"ImageObject\",\"inLanguage\":\"de\",\"@id\":\"https:\\\/\\\/secure.gravatar.com\\\/avatar\\\/9bb1da8fdca865f8714afd486408f3f4d26ef53f3ff2e44201e2a0a3b5e3c6b2?s=96&d=mm&r=g\",\"url\":\"https:\\\/\\\/secure.gravatar.com\\\/avatar\\\/9bb1da8fdca865f8714afd486408f3f4d26ef53f3ff2e44201e2a0a3b5e3c6b2?s=96&d=mm&r=g\",\"contentUrl\":\"https:\\\/\\\/secure.gravatar.com\\\/avatar\\\/9bb1da8fdca865f8714afd486408f3f4d26ef53f3ff2e44201e2a0a3b5e3c6b2?s=96&d=mm&r=g\",\"caption\":\"aeckert\"},\"url\":\"https:\\\/\\\/www.nordex-online.com\\\/de\\\/author\\\/antje\\\/\"}]}<\/script>\n<!-- \/ Yoast SEO Premium plugin. -->","yoast_head_json":{"title":"\u00dcbergabe im Finanzvorstand bei Nordex perfekt - Nordex SE - Deutsch","robots":{"index":"index","follow":"follow","max-snippet":"max-snippet:-1","max-image-preview":"max-image-preview:large","max-video-preview":"max-video-preview:-1"},"canonical":"https:\/\/www.nordex-online.com\/de\/2016\/09\/uebergabe-im-finanzvorstand-bei-nordex-perfekt\/","og_locale":"de_DE","og_type":"article","og_title":"\u00dcbergabe im Finanzvorstand bei Nordex perfekt","og_description":"DGAP-News: Nordex SE \/ Schlagwort(e): Personalie 2016-09-30 \/ 10:02 F\u00fcr den Inhalt der Mitteilung ist der Emittent verantwortlich. PRESSEMITTEILUNG \u00dcbergabe im Finanzvorstand bei Nordex perfekt Hamburg, 30. September 2016. Bernard Sch\u00e4ferbarthold (45) legt heute sein Amt als Mitglied des Vorstands der Nordex SE nieder. Der schon im Januar angek\u00fcndigte Wechsel auf der CFO-Position ist damit [&hellip;]","og_url":"https:\/\/www.nordex-online.com\/de\/2016\/09\/uebergabe-im-finanzvorstand-bei-nordex-perfekt\/","og_site_name":"Nordex SE - Deutsch","article_published_time":"2016-09-30T08:02:51+00:00","article_modified_time":"2023-11-28T15:01:07+00:00","og_image":[{"url":"http:\/\/public-cockpit.eqs.com\/cgi-bin\/fncls.ssp?fn=show_t_gif&amp;application_id=507659&amp;application_name=news&amp;site_id=news_data","type":"","width":"","height":""}],"author":"aeckert","twitter_card":"summary_large_image","twitter_misc":{"Geschrieben von":"aeckert","Gesch\u00e4tzte Lesezeit":"2\u00a0Minuten"},"schema":{"@context":"https:\/\/schema.org","@graph":[{"@type":"Article","@id":"https:\/\/www.nordex-online.com\/de\/2016\/09\/uebergabe-im-finanzvorstand-bei-nordex-perfekt\/#article","isPartOf":{"@id":"https:\/\/www.nordex-online.com\/de\/2016\/09\/uebergabe-im-finanzvorstand-bei-nordex-perfekt\/"},"author":{"name":"aeckert","@id":"https:\/\/www.nordex-online.com\/de\/#\/schema\/person\/81621b8f0d2d2d605ac828cef137de95"},"headline":"\u00dcbergabe im Finanzvorstand bei Nordex perfekt","datePublished":"2016-09-30T08:02:51+00:00","dateModified":"2023-11-28T15:01:07+00:00","mainEntityOfPage":{"@id":"https:\/\/www.nordex-online.com\/de\/2016\/09\/uebergabe-im-finanzvorstand-bei-nordex-perfekt\/"},"wordCount":309,"publisher":{"@id":"https:\/\/www.nordex-online.com\/de\/#organization"},"image":{"@id":"https:\/\/www.nordex-online.com\/de\/2016\/09\/uebergabe-im-finanzvorstand-bei-nordex-perfekt\/#primaryimage"},"thumbnailUrl":"http:\/\/public-cockpit.eqs.com\/cgi-bin\/fncls.ssp?fn=show_t_gif&amp;application_id=507659&amp;application_name=news&amp;site_id=news_data","articleSection":["Investorenbeziehungen","Unternehmen"],"inLanguage":"de"},{"@type":"WebPage","@id":"https:\/\/www.nordex-online.com\/de\/2016\/09\/uebergabe-im-finanzvorstand-bei-nordex-perfekt\/","url":"https:\/\/www.nordex-online.com\/de\/2016\/09\/uebergabe-im-finanzvorstand-bei-nordex-perfekt\/","name":"\u00dcbergabe im Finanzvorstand bei Nordex perfekt - Nordex SE - Deutsch","isPartOf":{"@id":"https:\/\/www.nordex-online.com\/de\/#website"},"primaryImageOfPage":{"@id":"https:\/\/www.nordex-online.com\/de\/2016\/09\/uebergabe-im-finanzvorstand-bei-nordex-perfekt\/#primaryimage"},"image":{"@id":"https:\/\/www.nordex-online.com\/de\/2016\/09\/uebergabe-im-finanzvorstand-bei-nordex-perfekt\/#primaryimage"},"thumbnailUrl":"http:\/\/public-cockpit.eqs.com\/cgi-bin\/fncls.ssp?fn=show_t_gif&amp;application_id=507659&amp;application_name=news&amp;site_id=news_data","datePublished":"2016-09-30T08:02:51+00:00","dateModified":"2023-11-28T15:01:07+00:00","breadcrumb":{"@id":"https:\/\/www.nordex-online.com\/de\/2016\/09\/uebergabe-im-finanzvorstand-bei-nordex-perfekt\/#breadcrumb"},"inLanguage":"de","potentialAction":[{"@type":"ReadAction","target":["https:\/\/www.nordex-online.com\/de\/2016\/09\/uebergabe-im-finanzvorstand-bei-nordex-perfekt\/"]}]},{"@type":"ImageObject","inLanguage":"de","@id":"https:\/\/www.nordex-online.com\/de\/2016\/09\/uebergabe-im-finanzvorstand-bei-nordex-perfekt\/#primaryimage","url":"http:\/\/public-cockpit.eqs.com\/cgi-bin\/fncls.ssp?fn=show_t_gif&amp;application_id=507659&amp;application_name=news&amp;site_id=news_data","contentUrl":"http:\/\/public-cockpit.eqs.com\/cgi-bin\/fncls.ssp?fn=show_t_gif&amp;application_id=507659&amp;application_name=news&amp;site_id=news_data"},{"@type":"BreadcrumbList","@id":"https:\/\/www.nordex-online.com\/de\/2016\/09\/uebergabe-im-finanzvorstand-bei-nordex-perfekt\/#breadcrumb","itemListElement":[{"@type":"ListItem","position":1,"name":"Home","item":"https:\/\/www.nordex-online.com\/de\/"},{"@type":"ListItem","position":2,"name":"\u00dcbergabe im Finanzvorstand bei Nordex perfekt"}]},{"@type":"WebSite","@id":"https:\/\/www.nordex-online.com\/de\/#website","url":"https:\/\/www.nordex-online.com\/de\/","name":"Nordex SE - Deutsch","description":"Manufacture, installation and maintenance of wind turbines.","publisher":{"@id":"https:\/\/www.nordex-online.com\/de\/#organization"},"potentialAction":[{"@type":"SearchAction","target":{"@type":"EntryPoint","urlTemplate":"https:\/\/www.nordex-online.com\/de\/?s={search_term_string}"},"query-input":{"@type":"PropertyValueSpecification","valueRequired":true,"valueName":"search_term_string"}}],"inLanguage":"de"},{"@type":"Organization","@id":"https:\/\/www.nordex-online.com\/de\/#organization","name":"Nordex SE - Deutsch","url":"https:\/\/www.nordex-online.com\/de\/","logo":{"@type":"ImageObject","inLanguage":"de","@id":"https:\/\/www.nordex-online.com\/de\/#\/schema\/logo\/image\/","url":"https:\/\/www.nordex-online.com\/wp-content\/uploads\/sites\/3\/2024\/07\/cropped-cropped-Combined-Logos_cmyk_PNG.png","contentUrl":"https:\/\/www.nordex-online.com\/wp-content\/uploads\/sites\/3\/2024\/07\/cropped-cropped-Combined-Logos_cmyk_PNG.png","width":1181,"height":353,"caption":"Nordex SE - Deutsch"},"image":{"@id":"https:\/\/www.nordex-online.com\/de\/#\/schema\/logo\/image\/"}},{"@type":"Person","@id":"https:\/\/www.nordex-online.com\/de\/#\/schema\/person\/81621b8f0d2d2d605ac828cef137de95","name":"aeckert","image":{"@type":"ImageObject","inLanguage":"de","@id":"https:\/\/secure.gravatar.com\/avatar\/9bb1da8fdca865f8714afd486408f3f4d26ef53f3ff2e44201e2a0a3b5e3c6b2?s=96&d=mm&r=g","url":"https:\/\/secure.gravatar.com\/avatar\/9bb1da8fdca865f8714afd486408f3f4d26ef53f3ff2e44201e2a0a3b5e3c6b2?s=96&d=mm&r=g","contentUrl":"https:\/\/secure.gravatar.com\/avatar\/9bb1da8fdca865f8714afd486408f3f4d26ef53f3ff2e44201e2a0a3b5e3c6b2?s=96&d=mm&r=g","caption":"aeckert"},"url":"https:\/\/www.nordex-online.com\/de\/author\/antje\/"}]}},"_links":{"self":[{"href":"https:\/\/www.nordex-online.com\/de\/wp-json\/wp\/v2\/posts\/3506","targetHints":{"allow":["GET"]}}],"collection":[{"href":"https:\/\/www.nordex-online.com\/de\/wp-json\/wp\/v2\/posts"}],"about":[{"href":"https:\/\/www.nordex-online.com\/de\/wp-json\/wp\/v2\/types\/post"}],"author":[{"embeddable":true,"href":"https:\/\/www.nordex-online.com\/de\/wp-json\/wp\/v2\/users\/5"}],"replies":[{"embeddable":true,"href":"https:\/\/www.nordex-online.com\/de\/wp-json\/wp\/v2\/comments?post=3506"}],"version-history":[{"count":4,"href":"https:\/\/www.nordex-online.com\/de\/wp-json\/wp\/v2\/posts\/3506\/revisions"}],"predecessor-version":[{"id":40464,"href":"https:\/\/www.nordex-online.com\/de\/wp-json\/wp\/v2\/posts\/3506\/revisions\/40464"}],"wp:attachment":[{"href":"https:\/\/www.nordex-online.com\/de\/wp-json\/wp\/v2\/media?parent=3506"}],"wp:term":[{"taxonomy":"category","embeddable":true,"href":"https:\/\/www.nordex-online.com\/de\/wp-json\/wp\/v2\/categories?post=3506"},{"taxonomy":"post_tag","embeddable":true,"href":"https:\/\/www.nordex-online.com\/de\/wp-json\/wp\/v2\/tags?post=3506"}],"curies":[{"name":"wp","href":"https:\/\/api.w.org\/{rel}","templated":true}]}}