{"id":3421,"date":"2018-10-24T08:15:08","date_gmt":"2018-10-24T08:15:08","guid":{"rendered":"https:\/\/www.nordex-online.com\/de\/2018\/10\/nordex-se-falck-renewables-und-die-nordex-group-verlaengern-servicevertraege-fuer-159-turbinen-in-europa\/"},"modified":"2023-11-28T15:00:58","modified_gmt":"2023-11-28T15:00:58","slug":"nordex-se-falck-renewables-und-die-nordex-group-verlaengern-servicevertraege-fuer-159-turbinen-in-europa","status":"publish","type":"post","link":"https:\/\/www.nordex-online.com\/de\/2018\/10\/nordex-se-falck-renewables-und-die-nordex-group-verlaengern-servicevertraege-fuer-159-turbinen-in-europa\/","title":{"rendered":"Nordex SE: Falck Renewables und die Nordex Group verl\u00e4ngern Servicevertr\u00e4ge f\u00fcr 159 Turbinen in Europa"},"content":{"rendered":"<table class=\"news_layout style2015\" border=\"0\" cellpadding=\"0\" cellspacing=\"0\">\n<tr>\n<td>\n<p class=\"news_top\">DGAP-News: Nordex SE \/ Schlagwort(e): Vertrag<\/p>\n<p><span class=\"news_top_date\">24.10.2018 \/ 10:15 <\/span><br \/>F\u00fcr den Inhalt der Mitteilung ist der Emittent \/ Herausgeber verantwortlich.<\/p>\n<hr \/>\n<div class=\"break-word news_main\">\n<p><b>Mailand, Hamburg, 24. Oktober 2018.<\/b> Falck Renewables verl\u00e4ngert die Servicevertr\u00e4ge mit der Nordex Group f\u00fcr 14 seiner Windparks in Europa f\u00fcr weitere f\u00fcnf Jahre. Der Wartungsvertrag deckt alle Nordex-Anlagen des Falck Portfolios ab. Es umfasst 159 Turbinen der Serien 2 bis 2,5 MW mit insgesamt 384 MW, die zwischen 2007 und 2016 in Gro\u00dfbritannien, Frankreich und Italien installiert wurden.<\/p>\n<p>Die Vereinbarung definiert die Struktur des Servicevertrags neu: Der Kontrakt legt jetzt eine produktionsbasierte Verf\u00fcgbarkeit fest. Dieser Ansatz bietet zus\u00e4tzliche Produktionssicherheit f\u00fcr die Windparks und erm\u00f6glicht es der Nordex Group, die Instandhaltung der Anlagen noch intelligenter zu planen.<\/p>\n<p>&#8222;Diese Vereinbarung ist ein grundlegender Meilenstein, um unsere gesetzten Ziele bei der Verf\u00fcgbarkeit und den Wartungskosten der Windparks zu erreichen. Das ist ein wesentlicher Bestandteil unseres Gesch\u00e4ftsplans. Wir freuen uns daher sehr, dass die Nordex Group bereit war, eine neue, innovative und komfortable Rahmenvereinbarung f\u00fcr alle unsere Nordex-Turbinen zu verhandeln und damit die langj\u00e4hrige und erfolgreiche Partnerschaft mit Falck Renewables fortzusetzen &#8222;, sagt Toni Volpe, CEO von Falck Renewables.<\/p>\n<p>&#8222;Wir sind der \u00dcberzeugung, dass sich der Original-Hersteller am besten mit den Turbinen aus dem eigenen Haus auskennt. Deshalb freue ich mich \u00fcber den Auftrag und die Best\u00e4tigung unserer Servicekompetenz durch unseren Kunden&#8220;, so Jos\u00e9 Luis Blanco, CEO der Nordex Group.<\/p>\n<p><b>\u00dcber Falck Renewables<\/b><br \/>Falck Renewables SpA, ist an der italienischen B\u00f6rse im STAR &#8211; Segment (&#8222;FKR.MI&#8220;) notiert und im FTSE Italia Mid Cap Index aufgenommen. Falck Renewables entwickelt, konstruiert, baut und verwaltet Stromerzeugungsanlagen aus erneuerbaren Quellen mit einer installierten Kapazit\u00e4t von 970 MW im Jahr 2018 (933,5 MW nach der Umgliederung nach IFRS 11) in Gro\u00dfbritannien, Italien, den Vereinigten Staaten, Spanien und Frankreich mit Windkraft-, Solarenergie-, WtE- und Biomassetechnologien. Die Gruppe ist ein Global Player im Bereich der technischen Beratung und Verm\u00f6gensverwaltung auf dem Gebiet der erneuerbaren Energien. \u00dcber ihre 100-prozentige Tochtergesellschaft Vector Cuatro erbringt sie Dienstleistungen im Bereich Asset Management f\u00fcr Kunden mit einer installierten Kapazit\u00e4t von etwa 1600 MW und Erfahrung in mehr als 25 L\u00e4ndern.<\/p>\n<p><b>Die Nordex Group im Profil <\/b><br \/>Die Gruppe hat mehr als 23 GW Windenergieleistung in \u00fcber 25 M\u00e4rkten installiert und erzielte im Jahr 2017 einen Umsatz von knapp 3,1 Mrd. EUR. Das Unternehmen besch\u00e4ftigt derzeit rund 5.000 Mitarbeiter. Zum Fertigungsverbund geh\u00f6ren Werke in Deutschland, Spanien, Brasilien, den USA und in Indien. Das Produktprogramm konzentriert sich auf Onshore-Turbinen der 1,5- bis 4,8-MW-Klasse, die auf die Marktanforderungen von L\u00e4ndern mit begrenzten Ausbaufl\u00e4chen und Regionen mit begrenzten Netzkapazit\u00e4ten ausgelegt sind.<\/p>\n<p><u>Ansprechpartner f\u00fcr R\u00fcckfragen:<\/u><\/p>\n<p><b>Nordex SE<\/b><br \/>Felix Losada<br \/>Telefon: +49 (0)40 \/ 300 30 &#8211; 1141<br \/><u>flosada@nordex-online.com<\/u><\/p>\n<p><b>Falck Renewables:<\/b><br \/>Alessandra Ruzzu<br \/>Media Relations<br \/>Telefon: 02.2433.2360<\/p>\n<p>SEC SPA &#8211; Tel. 02.6249991<br \/>Marco Fraquelli, Fabio Leoni, Fabio Santilio<br \/>CDR Communication &#8211; Tel. 335 6909547 Vincenza Colucci<\/p>\n<p><u>Kontakt Investoren:<\/u><br \/><b>Nordex SE<\/b><br \/>Felix Zander<br \/>Telefon: +49 (0)40 \/ 300 30 &#8211; 1116<br \/><a href=\"mailto:fzander@nordex-online.com\" target=\"_blank\" rel=\"noopener\">fzander@nordex-online.com<\/a><\/p>\n<p><b>Falck Renewables<\/b>:<br \/>Giorgio Botta<br \/>Investor Relations<br \/>Telefon: 02.2433.3338<\/p>\n<p>&nbsp;<\/p>\n<\/div>\n<p><\/p>\n<hr \/>\n<p class=\"news_bottom\">24.10.2018  Ver\u00f6ffentlichung einer Corporate News\/Finanznachricht, \u00fcbermittelt durch DGAP &#8211; ein Service der EQS Group AG. <br \/>F\u00fcr den Inhalt der Mitteilung ist der Emittent \/ Herausgeber verantwortlich.<\/p>\n<p>Die DGAP Distributionsservices umfassen gesetzliche Meldepflichten, Corporate News\/Finanznachrichten und Pressemitteilungen. <br \/>Medienarchiv unter http:\/\/www.dgap.de<\/p>\n<hr \/>\n<\/td>\n<\/tr>\n<\/table>\n<table class=\"news_footer_layout\" cellspacing=\"0\" cellpadding=\"0\">\n<tr>\n<td class=\"first_column column_1\" nowrap>Sprache:<\/td>\n<td class=\"column_2\">Deutsch<\/td>\n<\/tr>\n<tr>\n<td class=\"column_1\" nowrap>Unternehmen:<\/td>\n<td class=\"column_2\">Nordex SE<\/td>\n<\/tr>\n<tr>\n<td class=\"column_1\"><\/td>\n<td class=\"column_2\">Erich-Schlesinger-Stra\u00dfe 50<\/td>\n<\/tr>\n<tr>\n<td class=\"column_1\"><\/td>\n<td class=\"column_2\">18059 Rostock<\/td>\n<\/tr>\n<tr>\n<td class=\"column_1\"><\/td>\n<td class=\"column_2\">Deutschland<\/td>\n<\/tr>\n<tr>\n<td class=\"column_1\" nowrap>Telefon:<\/td>\n<td class=\"column_2\">+49 381 6663 3300<\/td>\n<\/tr>\n<tr>\n<td class=\"column_1\" nowrap>Fax:<\/td>\n<td class=\"column_2\">+49 381 6663 3339<\/td>\n<\/tr>\n<tr>\n<td class=\"column_1\" nowrap>E-Mail:<\/td>\n<td class=\"column_2\">info@nordex-online.com<\/td>\n<\/tr>\n<tr>\n<td class=\"column_1\" nowrap>Internet:<\/td>\n<td class=\"column_2\">www.nordex-online.com<\/td>\n<\/tr>\n<tr>\n<td class=\"column_1\" nowrap>ISIN:<\/td>\n<td class=\"column_2\">DE000A0D6554<\/td>\n<\/tr>\n<tr>\n<td class=\"column_1\" nowrap>WKN:<\/td>\n<td class=\"column_2\">A0D655<\/td>\n<\/tr>\n<tr>\n<td class=\"column_1\" nowrap>Indizes:<\/td>\n<td class=\"column_2\">SDAX, TecDAX<\/td>\n<\/tr>\n<tr>\n<td class=\"column_1\">B\u00f6rsen:<\/td>\n<td class=\"column_2\">Regulierter Markt in Frankfurt (Prime Standard); Freiverkehr in Berlin, D\u00fcsseldorf, Hamburg, Hannover, M\u00fcnchen, Stuttgart, Tradegate Exchange<\/td>\n<\/tr>\n<\/table>\n<p><\/p>\n<table class=\"news_footer_layout\" border=\"0\" cellpadding=\"0\" cellspacing=\"0\">\n<tr>\n<td colspan=\"2\"><\/td>\n<\/tr>\n<\/table>\n<table class=\"news_layout news_layout_footer_end\" border=\"0\" cellpadding=\"0\" cellspacing=\"0\">\n<tr>\n<td colspan=\"2\">&nbsp;<\/td>\n<\/tr>\n<tr>\n<td class=\"column_1\">Ende der Mitteilung<\/td>\n<td class=\"column_2\">DGAP News-Service<\/td>\n<\/tr>\n<\/table>\n<p class=\"\">\n<p><img loading=\"lazy\" decoding=\"async\" src=\"https:\/\/link.cockpit.eqs.com\/cgi-bin\/fncls.ssp?fn=show_t_gif&amp;application_id=737101&amp;application_name=news&amp;site_id=news_data\" alt=\"show this\" width=\"0\" height=\"0\" border=\"0\" \/><\/p>\n","protected":false},"excerpt":{"rendered":"<p>DGAP-News: Nordex SE \/ Schlagwort(e): Vertrag 24.10.2018 \/ 10:15 F\u00fcr den Inhalt der Mitteilung ist der Emittent \/ Herausgeber verantwortlich. Mailand, Hamburg, 24. Oktober 2018. Falck Renewables verl\u00e4ngert die Servicevertr\u00e4ge mit der Nordex Group f\u00fcr 14 seiner Windparks in Europa f\u00fcr weitere f\u00fcnf Jahre. Der Wartungsvertrag deckt alle Nordex-Anlagen des Falck Portfolios ab. Es umfasst [&hellip;]<\/p>\n","protected":false},"author":5,"featured_media":0,"comment_status":"closed","ping_status":"closed","sticky":false,"template":"","format":"standard","meta":{"_trash_the_other_posts":false,"editor_notices":[],"footnotes":""},"categories":[1250,1252],"tags":[],"class_list":["post-3421","post","type-post","status-publish","format-standard","hentry","category-investor-relations","category-corporate"],"yoast_head":"<!-- This site is optimized with the Yoast SEO Premium plugin v27.3 (Yoast SEO v27.3) - https:\/\/yoast.com\/product\/yoast-seo-premium-wordpress\/ -->\n<title>Nordex SE: Falck Renewables und die Nordex Group verl\u00e4ngern Servicevertr\u00e4ge f\u00fcr 159 Turbinen in Europa - Nordex SE - Deutsch<\/title>\n<meta name=\"robots\" content=\"index, follow, max-snippet:-1, max-image-preview:large, max-video-preview:-1\" \/>\n<link rel=\"canonical\" href=\"https:\/\/www.nordex-online.com\/de\/2018\/10\/nordex-se-falck-renewables-und-die-nordex-group-verlaengern-servicevertraege-fuer-159-turbinen-in-europa\/\" \/>\n<meta property=\"og:locale\" content=\"de_DE\" \/>\n<meta property=\"og:type\" content=\"article\" \/>\n<meta property=\"og:title\" content=\"Nordex SE: Falck Renewables und die Nordex Group verl\u00e4ngern Servicevertr\u00e4ge f\u00fcr 159 Turbinen in Europa\" \/>\n<meta property=\"og:description\" content=\"DGAP-News: Nordex SE \/ Schlagwort(e): Vertrag 24.10.2018 \/ 10:15 F\u00fcr den Inhalt der Mitteilung ist der Emittent \/ Herausgeber verantwortlich. Mailand, Hamburg, 24. Oktober 2018. Falck Renewables verl\u00e4ngert die Servicevertr\u00e4ge mit der Nordex Group f\u00fcr 14 seiner Windparks in Europa f\u00fcr weitere f\u00fcnf Jahre. Der Wartungsvertrag deckt alle Nordex-Anlagen des Falck Portfolios ab. Es umfasst [&hellip;]\" \/>\n<meta property=\"og:url\" content=\"https:\/\/www.nordex-online.com\/de\/2018\/10\/nordex-se-falck-renewables-und-die-nordex-group-verlaengern-servicevertraege-fuer-159-turbinen-in-europa\/\" \/>\n<meta property=\"og:site_name\" content=\"Nordex SE - Deutsch\" \/>\n<meta property=\"article:published_time\" content=\"2018-10-24T08:15:08+00:00\" \/>\n<meta property=\"article:modified_time\" content=\"2023-11-28T15:00:58+00:00\" \/>\n<meta property=\"og:image\" content=\"https:\/\/link.cockpit.eqs.com\/cgi-bin\/fncls.ssp?fn=show_t_gif&amp;application_id=737101&amp;application_name=news&amp;site_id=news_data\" \/>\n<meta name=\"author\" content=\"aeckert\" \/>\n<meta name=\"twitter:card\" content=\"summary_large_image\" \/>\n<meta name=\"twitter:label1\" content=\"Geschrieben von\" \/>\n\t<meta name=\"twitter:data1\" content=\"aeckert\" \/>\n\t<meta name=\"twitter:label2\" content=\"Gesch\u00e4tzte Lesezeit\" \/>\n\t<meta name=\"twitter:data2\" content=\"3\u00a0Minuten\" \/>\n<script type=\"application\/ld+json\" class=\"yoast-schema-graph\">{\"@context\":\"https:\\\/\\\/schema.org\",\"@graph\":[{\"@type\":\"Article\",\"@id\":\"https:\\\/\\\/www.nordex-online.com\\\/de\\\/2018\\\/10\\\/nordex-se-falck-renewables-und-die-nordex-group-verlaengern-servicevertraege-fuer-159-turbinen-in-europa\\\/#article\",\"isPartOf\":{\"@id\":\"https:\\\/\\\/www.nordex-online.com\\\/de\\\/2018\\\/10\\\/nordex-se-falck-renewables-und-die-nordex-group-verlaengern-servicevertraege-fuer-159-turbinen-in-europa\\\/\"},\"author\":{\"name\":\"aeckert\",\"@id\":\"https:\\\/\\\/www.nordex-online.com\\\/de\\\/#\\\/schema\\\/person\\\/81621b8f0d2d2d605ac828cef137de95\"},\"headline\":\"Nordex SE: Falck Renewables und die Nordex Group verl\u00e4ngern Servicevertr\u00e4ge f\u00fcr 159 Turbinen in Europa\",\"datePublished\":\"2018-10-24T08:15:08+00:00\",\"dateModified\":\"2023-11-28T15:00:58+00:00\",\"mainEntityOfPage\":{\"@id\":\"https:\\\/\\\/www.nordex-online.com\\\/de\\\/2018\\\/10\\\/nordex-se-falck-renewables-und-die-nordex-group-verlaengern-servicevertraege-fuer-159-turbinen-in-europa\\\/\"},\"wordCount\":591,\"publisher\":{\"@id\":\"https:\\\/\\\/www.nordex-online.com\\\/de\\\/#organization\"},\"image\":{\"@id\":\"https:\\\/\\\/www.nordex-online.com\\\/de\\\/2018\\\/10\\\/nordex-se-falck-renewables-und-die-nordex-group-verlaengern-servicevertraege-fuer-159-turbinen-in-europa\\\/#primaryimage\"},\"thumbnailUrl\":\"https:\\\/\\\/link.cockpit.eqs.com\\\/cgi-bin\\\/fncls.ssp?fn=show_t_gif&amp;application_id=737101&amp;application_name=news&amp;site_id=news_data\",\"articleSection\":[\"Investorenbeziehungen\",\"Unternehmen\"],\"inLanguage\":\"de\"},{\"@type\":\"WebPage\",\"@id\":\"https:\\\/\\\/www.nordex-online.com\\\/de\\\/2018\\\/10\\\/nordex-se-falck-renewables-und-die-nordex-group-verlaengern-servicevertraege-fuer-159-turbinen-in-europa\\\/\",\"url\":\"https:\\\/\\\/www.nordex-online.com\\\/de\\\/2018\\\/10\\\/nordex-se-falck-renewables-und-die-nordex-group-verlaengern-servicevertraege-fuer-159-turbinen-in-europa\\\/\",\"name\":\"Nordex SE: Falck Renewables und die Nordex Group verl\u00e4ngern Servicevertr\u00e4ge f\u00fcr 159 Turbinen in Europa - Nordex SE - Deutsch\",\"isPartOf\":{\"@id\":\"https:\\\/\\\/www.nordex-online.com\\\/de\\\/#website\"},\"primaryImageOfPage\":{\"@id\":\"https:\\\/\\\/www.nordex-online.com\\\/de\\\/2018\\\/10\\\/nordex-se-falck-renewables-und-die-nordex-group-verlaengern-servicevertraege-fuer-159-turbinen-in-europa\\\/#primaryimage\"},\"image\":{\"@id\":\"https:\\\/\\\/www.nordex-online.com\\\/de\\\/2018\\\/10\\\/nordex-se-falck-renewables-und-die-nordex-group-verlaengern-servicevertraege-fuer-159-turbinen-in-europa\\\/#primaryimage\"},\"thumbnailUrl\":\"https:\\\/\\\/link.cockpit.eqs.com\\\/cgi-bin\\\/fncls.ssp?fn=show_t_gif&amp;application_id=737101&amp;application_name=news&amp;site_id=news_data\",\"datePublished\":\"2018-10-24T08:15:08+00:00\",\"dateModified\":\"2023-11-28T15:00:58+00:00\",\"breadcrumb\":{\"@id\":\"https:\\\/\\\/www.nordex-online.com\\\/de\\\/2018\\\/10\\\/nordex-se-falck-renewables-und-die-nordex-group-verlaengern-servicevertraege-fuer-159-turbinen-in-europa\\\/#breadcrumb\"},\"inLanguage\":\"de\",\"potentialAction\":[{\"@type\":\"ReadAction\",\"target\":[\"https:\\\/\\\/www.nordex-online.com\\\/de\\\/2018\\\/10\\\/nordex-se-falck-renewables-und-die-nordex-group-verlaengern-servicevertraege-fuer-159-turbinen-in-europa\\\/\"]}]},{\"@type\":\"ImageObject\",\"inLanguage\":\"de\",\"@id\":\"https:\\\/\\\/www.nordex-online.com\\\/de\\\/2018\\\/10\\\/nordex-se-falck-renewables-und-die-nordex-group-verlaengern-servicevertraege-fuer-159-turbinen-in-europa\\\/#primaryimage\",\"url\":\"https:\\\/\\\/link.cockpit.eqs.com\\\/cgi-bin\\\/fncls.ssp?fn=show_t_gif&amp;application_id=737101&amp;application_name=news&amp;site_id=news_data\",\"contentUrl\":\"https:\\\/\\\/link.cockpit.eqs.com\\\/cgi-bin\\\/fncls.ssp?fn=show_t_gif&amp;application_id=737101&amp;application_name=news&amp;site_id=news_data\"},{\"@type\":\"BreadcrumbList\",\"@id\":\"https:\\\/\\\/www.nordex-online.com\\\/de\\\/2018\\\/10\\\/nordex-se-falck-renewables-und-die-nordex-group-verlaengern-servicevertraege-fuer-159-turbinen-in-europa\\\/#breadcrumb\",\"itemListElement\":[{\"@type\":\"ListItem\",\"position\":1,\"name\":\"Home\",\"item\":\"https:\\\/\\\/www.nordex-online.com\\\/de\\\/\"},{\"@type\":\"ListItem\",\"position\":2,\"name\":\"Nordex SE: Falck Renewables und die Nordex Group verl\u00e4ngern Servicevertr\u00e4ge f\u00fcr 159 Turbinen in Europa\"}]},{\"@type\":\"WebSite\",\"@id\":\"https:\\\/\\\/www.nordex-online.com\\\/de\\\/#website\",\"url\":\"https:\\\/\\\/www.nordex-online.com\\\/de\\\/\",\"name\":\"Nordex SE - Deutsch\",\"description\":\"Manufacture, installation and maintenance of wind turbines.\",\"publisher\":{\"@id\":\"https:\\\/\\\/www.nordex-online.com\\\/de\\\/#organization\"},\"potentialAction\":[{\"@type\":\"SearchAction\",\"target\":{\"@type\":\"EntryPoint\",\"urlTemplate\":\"https:\\\/\\\/www.nordex-online.com\\\/de\\\/?s={search_term_string}\"},\"query-input\":{\"@type\":\"PropertyValueSpecification\",\"valueRequired\":true,\"valueName\":\"search_term_string\"}}],\"inLanguage\":\"de\"},{\"@type\":\"Organization\",\"@id\":\"https:\\\/\\\/www.nordex-online.com\\\/de\\\/#organization\",\"name\":\"Nordex SE - Deutsch\",\"url\":\"https:\\\/\\\/www.nordex-online.com\\\/de\\\/\",\"logo\":{\"@type\":\"ImageObject\",\"inLanguage\":\"de\",\"@id\":\"https:\\\/\\\/www.nordex-online.com\\\/de\\\/#\\\/schema\\\/logo\\\/image\\\/\",\"url\":\"https:\\\/\\\/www.nordex-online.com\\\/wp-content\\\/uploads\\\/sites\\\/3\\\/2024\\\/07\\\/cropped-cropped-Combined-Logos_cmyk_PNG.png\",\"contentUrl\":\"https:\\\/\\\/www.nordex-online.com\\\/wp-content\\\/uploads\\\/sites\\\/3\\\/2024\\\/07\\\/cropped-cropped-Combined-Logos_cmyk_PNG.png\",\"width\":1181,\"height\":353,\"caption\":\"Nordex SE - Deutsch\"},\"image\":{\"@id\":\"https:\\\/\\\/www.nordex-online.com\\\/de\\\/#\\\/schema\\\/logo\\\/image\\\/\"}},{\"@type\":\"Person\",\"@id\":\"https:\\\/\\\/www.nordex-online.com\\\/de\\\/#\\\/schema\\\/person\\\/81621b8f0d2d2d605ac828cef137de95\",\"name\":\"aeckert\",\"image\":{\"@type\":\"ImageObject\",\"inLanguage\":\"de\",\"@id\":\"https:\\\/\\\/secure.gravatar.com\\\/avatar\\\/9bb1da8fdca865f8714afd486408f3f4d26ef53f3ff2e44201e2a0a3b5e3c6b2?s=96&d=mm&r=g\",\"url\":\"https:\\\/\\\/secure.gravatar.com\\\/avatar\\\/9bb1da8fdca865f8714afd486408f3f4d26ef53f3ff2e44201e2a0a3b5e3c6b2?s=96&d=mm&r=g\",\"contentUrl\":\"https:\\\/\\\/secure.gravatar.com\\\/avatar\\\/9bb1da8fdca865f8714afd486408f3f4d26ef53f3ff2e44201e2a0a3b5e3c6b2?s=96&d=mm&r=g\",\"caption\":\"aeckert\"},\"url\":\"https:\\\/\\\/www.nordex-online.com\\\/de\\\/author\\\/antje\\\/\"}]}<\/script>\n<!-- \/ Yoast SEO Premium plugin. -->","yoast_head_json":{"title":"Nordex SE: Falck Renewables und die Nordex Group verl\u00e4ngern Servicevertr\u00e4ge f\u00fcr 159 Turbinen in Europa - Nordex SE - Deutsch","robots":{"index":"index","follow":"follow","max-snippet":"max-snippet:-1","max-image-preview":"max-image-preview:large","max-video-preview":"max-video-preview:-1"},"canonical":"https:\/\/www.nordex-online.com\/de\/2018\/10\/nordex-se-falck-renewables-und-die-nordex-group-verlaengern-servicevertraege-fuer-159-turbinen-in-europa\/","og_locale":"de_DE","og_type":"article","og_title":"Nordex SE: Falck Renewables und die Nordex Group verl\u00e4ngern Servicevertr\u00e4ge f\u00fcr 159 Turbinen in Europa","og_description":"DGAP-News: Nordex SE \/ Schlagwort(e): Vertrag 24.10.2018 \/ 10:15 F\u00fcr den Inhalt der Mitteilung ist der Emittent \/ Herausgeber verantwortlich. Mailand, Hamburg, 24. Oktober 2018. Falck Renewables verl\u00e4ngert die Servicevertr\u00e4ge mit der Nordex Group f\u00fcr 14 seiner Windparks in Europa f\u00fcr weitere f\u00fcnf Jahre. Der Wartungsvertrag deckt alle Nordex-Anlagen des Falck Portfolios ab. Es umfasst [&hellip;]","og_url":"https:\/\/www.nordex-online.com\/de\/2018\/10\/nordex-se-falck-renewables-und-die-nordex-group-verlaengern-servicevertraege-fuer-159-turbinen-in-europa\/","og_site_name":"Nordex SE - Deutsch","article_published_time":"2018-10-24T08:15:08+00:00","article_modified_time":"2023-11-28T15:00:58+00:00","og_image":[{"url":"https:\/\/link.cockpit.eqs.com\/cgi-bin\/fncls.ssp?fn=show_t_gif&amp;application_id=737101&amp;application_name=news&amp;site_id=news_data","type":"","width":"","height":""}],"author":"aeckert","twitter_card":"summary_large_image","twitter_misc":{"Geschrieben von":"aeckert","Gesch\u00e4tzte Lesezeit":"3\u00a0Minuten"},"schema":{"@context":"https:\/\/schema.org","@graph":[{"@type":"Article","@id":"https:\/\/www.nordex-online.com\/de\/2018\/10\/nordex-se-falck-renewables-und-die-nordex-group-verlaengern-servicevertraege-fuer-159-turbinen-in-europa\/#article","isPartOf":{"@id":"https:\/\/www.nordex-online.com\/de\/2018\/10\/nordex-se-falck-renewables-und-die-nordex-group-verlaengern-servicevertraege-fuer-159-turbinen-in-europa\/"},"author":{"name":"aeckert","@id":"https:\/\/www.nordex-online.com\/de\/#\/schema\/person\/81621b8f0d2d2d605ac828cef137de95"},"headline":"Nordex SE: Falck Renewables und die Nordex Group verl\u00e4ngern Servicevertr\u00e4ge f\u00fcr 159 Turbinen in Europa","datePublished":"2018-10-24T08:15:08+00:00","dateModified":"2023-11-28T15:00:58+00:00","mainEntityOfPage":{"@id":"https:\/\/www.nordex-online.com\/de\/2018\/10\/nordex-se-falck-renewables-und-die-nordex-group-verlaengern-servicevertraege-fuer-159-turbinen-in-europa\/"},"wordCount":591,"publisher":{"@id":"https:\/\/www.nordex-online.com\/de\/#organization"},"image":{"@id":"https:\/\/www.nordex-online.com\/de\/2018\/10\/nordex-se-falck-renewables-und-die-nordex-group-verlaengern-servicevertraege-fuer-159-turbinen-in-europa\/#primaryimage"},"thumbnailUrl":"https:\/\/link.cockpit.eqs.com\/cgi-bin\/fncls.ssp?fn=show_t_gif&amp;application_id=737101&amp;application_name=news&amp;site_id=news_data","articleSection":["Investorenbeziehungen","Unternehmen"],"inLanguage":"de"},{"@type":"WebPage","@id":"https:\/\/www.nordex-online.com\/de\/2018\/10\/nordex-se-falck-renewables-und-die-nordex-group-verlaengern-servicevertraege-fuer-159-turbinen-in-europa\/","url":"https:\/\/www.nordex-online.com\/de\/2018\/10\/nordex-se-falck-renewables-und-die-nordex-group-verlaengern-servicevertraege-fuer-159-turbinen-in-europa\/","name":"Nordex SE: Falck Renewables und die Nordex Group verl\u00e4ngern Servicevertr\u00e4ge f\u00fcr 159 Turbinen in Europa - Nordex SE - Deutsch","isPartOf":{"@id":"https:\/\/www.nordex-online.com\/de\/#website"},"primaryImageOfPage":{"@id":"https:\/\/www.nordex-online.com\/de\/2018\/10\/nordex-se-falck-renewables-und-die-nordex-group-verlaengern-servicevertraege-fuer-159-turbinen-in-europa\/#primaryimage"},"image":{"@id":"https:\/\/www.nordex-online.com\/de\/2018\/10\/nordex-se-falck-renewables-und-die-nordex-group-verlaengern-servicevertraege-fuer-159-turbinen-in-europa\/#primaryimage"},"thumbnailUrl":"https:\/\/link.cockpit.eqs.com\/cgi-bin\/fncls.ssp?fn=show_t_gif&amp;application_id=737101&amp;application_name=news&amp;site_id=news_data","datePublished":"2018-10-24T08:15:08+00:00","dateModified":"2023-11-28T15:00:58+00:00","breadcrumb":{"@id":"https:\/\/www.nordex-online.com\/de\/2018\/10\/nordex-se-falck-renewables-und-die-nordex-group-verlaengern-servicevertraege-fuer-159-turbinen-in-europa\/#breadcrumb"},"inLanguage":"de","potentialAction":[{"@type":"ReadAction","target":["https:\/\/www.nordex-online.com\/de\/2018\/10\/nordex-se-falck-renewables-und-die-nordex-group-verlaengern-servicevertraege-fuer-159-turbinen-in-europa\/"]}]},{"@type":"ImageObject","inLanguage":"de","@id":"https:\/\/www.nordex-online.com\/de\/2018\/10\/nordex-se-falck-renewables-und-die-nordex-group-verlaengern-servicevertraege-fuer-159-turbinen-in-europa\/#primaryimage","url":"https:\/\/link.cockpit.eqs.com\/cgi-bin\/fncls.ssp?fn=show_t_gif&amp;application_id=737101&amp;application_name=news&amp;site_id=news_data","contentUrl":"https:\/\/link.cockpit.eqs.com\/cgi-bin\/fncls.ssp?fn=show_t_gif&amp;application_id=737101&amp;application_name=news&amp;site_id=news_data"},{"@type":"BreadcrumbList","@id":"https:\/\/www.nordex-online.com\/de\/2018\/10\/nordex-se-falck-renewables-und-die-nordex-group-verlaengern-servicevertraege-fuer-159-turbinen-in-europa\/#breadcrumb","itemListElement":[{"@type":"ListItem","position":1,"name":"Home","item":"https:\/\/www.nordex-online.com\/de\/"},{"@type":"ListItem","position":2,"name":"Nordex SE: Falck Renewables und die Nordex Group verl\u00e4ngern Servicevertr\u00e4ge f\u00fcr 159 Turbinen in Europa"}]},{"@type":"WebSite","@id":"https:\/\/www.nordex-online.com\/de\/#website","url":"https:\/\/www.nordex-online.com\/de\/","name":"Nordex SE - Deutsch","description":"Manufacture, installation and maintenance of wind turbines.","publisher":{"@id":"https:\/\/www.nordex-online.com\/de\/#organization"},"potentialAction":[{"@type":"SearchAction","target":{"@type":"EntryPoint","urlTemplate":"https:\/\/www.nordex-online.com\/de\/?s={search_term_string}"},"query-input":{"@type":"PropertyValueSpecification","valueRequired":true,"valueName":"search_term_string"}}],"inLanguage":"de"},{"@type":"Organization","@id":"https:\/\/www.nordex-online.com\/de\/#organization","name":"Nordex SE - Deutsch","url":"https:\/\/www.nordex-online.com\/de\/","logo":{"@type":"ImageObject","inLanguage":"de","@id":"https:\/\/www.nordex-online.com\/de\/#\/schema\/logo\/image\/","url":"https:\/\/www.nordex-online.com\/wp-content\/uploads\/sites\/3\/2024\/07\/cropped-cropped-Combined-Logos_cmyk_PNG.png","contentUrl":"https:\/\/www.nordex-online.com\/wp-content\/uploads\/sites\/3\/2024\/07\/cropped-cropped-Combined-Logos_cmyk_PNG.png","width":1181,"height":353,"caption":"Nordex SE - Deutsch"},"image":{"@id":"https:\/\/www.nordex-online.com\/de\/#\/schema\/logo\/image\/"}},{"@type":"Person","@id":"https:\/\/www.nordex-online.com\/de\/#\/schema\/person\/81621b8f0d2d2d605ac828cef137de95","name":"aeckert","image":{"@type":"ImageObject","inLanguage":"de","@id":"https:\/\/secure.gravatar.com\/avatar\/9bb1da8fdca865f8714afd486408f3f4d26ef53f3ff2e44201e2a0a3b5e3c6b2?s=96&d=mm&r=g","url":"https:\/\/secure.gravatar.com\/avatar\/9bb1da8fdca865f8714afd486408f3f4d26ef53f3ff2e44201e2a0a3b5e3c6b2?s=96&d=mm&r=g","contentUrl":"https:\/\/secure.gravatar.com\/avatar\/9bb1da8fdca865f8714afd486408f3f4d26ef53f3ff2e44201e2a0a3b5e3c6b2?s=96&d=mm&r=g","caption":"aeckert"},"url":"https:\/\/www.nordex-online.com\/de\/author\/antje\/"}]}},"_links":{"self":[{"href":"https:\/\/www.nordex-online.com\/de\/wp-json\/wp\/v2\/posts\/3421","targetHints":{"allow":["GET"]}}],"collection":[{"href":"https:\/\/www.nordex-online.com\/de\/wp-json\/wp\/v2\/posts"}],"about":[{"href":"https:\/\/www.nordex-online.com\/de\/wp-json\/wp\/v2\/types\/post"}],"author":[{"embeddable":true,"href":"https:\/\/www.nordex-online.com\/de\/wp-json\/wp\/v2\/users\/5"}],"replies":[{"embeddable":true,"href":"https:\/\/www.nordex-online.com\/de\/wp-json\/wp\/v2\/comments?post=3421"}],"version-history":[{"count":5,"href":"https:\/\/www.nordex-online.com\/de\/wp-json\/wp\/v2\/posts\/3421\/revisions"}],"predecessor-version":[{"id":40379,"href":"https:\/\/www.nordex-online.com\/de\/wp-json\/wp\/v2\/posts\/3421\/revisions\/40379"}],"wp:attachment":[{"href":"https:\/\/www.nordex-online.com\/de\/wp-json\/wp\/v2\/media?parent=3421"}],"wp:term":[{"taxonomy":"category","embeddable":true,"href":"https:\/\/www.nordex-online.com\/de\/wp-json\/wp\/v2\/categories?post=3421"},{"taxonomy":"post_tag","embeddable":true,"href":"https:\/\/www.nordex-online.com\/de\/wp-json\/wp\/v2\/tags?post=3421"}],"curies":[{"name":"wp","href":"https:\/\/api.w.org\/{rel}","templated":true}]}}