{"id":3413,"date":"2018-12-20T11:20:32","date_gmt":"2018-12-20T11:20:32","guid":{"rendered":"https:\/\/www.nordex-online.com\/de\/2018\/12\/nordex-kooperiert-mit-fabrica-argentina-de-aviones-beim-aufbau-lokaler-fertigungskapazitaeten-in-argentinien\/"},"modified":"2023-11-28T15:00:57","modified_gmt":"2023-11-28T15:00:57","slug":"nordex-kooperiert-mit-fabrica-argentina-de-aviones-beim-aufbau-lokaler-fertigungskapazitaeten-in-argentinien","status":"publish","type":"post","link":"https:\/\/www.nordex-online.com\/de\/2018\/12\/nordex-kooperiert-mit-fabrica-argentina-de-aviones-beim-aufbau-lokaler-fertigungskapazitaeten-in-argentinien\/","title":{"rendered":"Nordex kooperiert mit F\u00e1brica Argentina de Aviones beim Aufbau lokaler Fertigungskapazit\u00e4ten in Argentinien"},"content":{"rendered":"<table class=\"news_layout style2015\" border=\"0\" cellpadding=\"0\" cellspacing=\"0\">\n<tr>\n<td>\n<p class=\"news_top\">DGAP-News: Nordex SE \/ Schlagwort(e): Kooperation<\/p>\n<p><span class=\"news_top_date\">20.12.2018 \/ 12:20 <\/span><br \/>F\u00fcr den Inhalt der Mitteilung ist der Emittent \/ Herausgeber verantwortlich.<\/p>\n<hr \/>\n<div class=\"break-word news_main\">\n<p><b>Nordex kooperiert mit F\u00e1brica Argentina de Aviones beim Aufbau lokaler Fertigungskapazit\u00e4ten in Argentinien<\/b><\/p>\n<ul>\n<li style=\"margin-left: 40px\">2019 wird eine neue Fertigungslinie f\u00fcr Windturbinen in C\u00f3rdoba errichtet<\/li>\n<li style=\"margin-left: 40px\">Zentraler Schritt, um Anteil an lokaler Wertsch\u00f6pfung im Wachstumsmarkt zu sichern<\/li>\n<li style=\"margin-left: 40px\">Investition sorgt f\u00fcr neue Arbeitspl\u00e4tze in der Region<\/li>\n<\/ul>\n<p><b>Hamburg, Buenos Aires, 20. Dezember 2018.<\/b> Die Nordex Group will ihre Wettbewerbsf\u00e4higkeit in Argentinien noch weiter verbessern und ihren Wachstumskurs im Land damit nachhaltig st\u00fctzen. Mit der F\u00e1brica Argentina de Aviones &#8222;Brig. San Martin&#8220; S.A (kurz FAdeA) hat das Unternehmen jetzt eine Kooperation f\u00fcr den Aufbau einer lokalen Montagelinie f\u00fcr Turbinen geschlossen.<\/p>\n<p>Die Produktionsst\u00e4tte f\u00fcr Maschinenh\u00e4user und Naben f\u00fcr die Anlagen vom Typ AW3000 soll am Standort C\u00f3rdoba entstehen und schon im n\u00e4chsten Jahr in Betrieb gehen. Hier werden dann bereits die 48 Turbinen vom Typ AW132\/3300 f\u00fcr die k\u00fcrzlich gemeldeten Auftr\u00e4ge des Stromversorgers AES Argentina Generaci\u00f3n gefertigt.<\/p>\n<p>Die Montagehalle ist auf eine Jahreskapazit\u00e4t von bis zu 150 Turbinen der 3-MW-Klasse ausgelegt, was einer potenziellen Leistung von 500 MW entspricht. Da die Nordex Group zudem zwei lokale Fertigungen f\u00fcr Betont\u00fcrme im Land vorsieht, erh\u00f6ht sich der Anteil der lokalen Wertsch\u00f6pfung an den vor Ort produzierten und installierten Turbinen der Nordex Group auf bis zu 36 Prozent.<\/p>\n<p>Das Werk wird bis zu 100 Fachkr\u00e4fte besch\u00e4ftigen, hinzu kommen jeweils weitere 200 Arbeitskr\u00e4fte in den zwei Betonturmwerken.<\/p>\n<p>&#8222;In Argentinien sind wir bisher sehr erfolgreich gewesen und haben in den letzten zwei Jahren \u00fcber 600 MW an Auftr\u00e4gen erhalten. Wir sind \u00fcberzeugt, dass der Markt ein enormes Potenzial hat. Die Beh\u00f6rden haben gro\u00dfartige Arbeit geleistet, indem sie die RenovAR- und MATER-Programme auf den Weg gebracht haben, um die Voraussetzungen f\u00fcr diesen Wachstumsmarkt zu schaffen. Heute befinden sich mehrere GW im Bau. Unsere lokale Fertigung ist hier ein erster Schritt: In den kommenden Jahren wollen wir die Lieferkette weiter lokalisieren, um die nationalen Anforderungen zu erf\u00fcllen. Dies bedeutet also weitere Arbeitspl\u00e4tze f\u00fcr die argentinische Industrie&#8220;, so Jos\u00e9 Luis Blanco, CEO der Nordex SE.<\/p>\n<p>Der argentinische Verteidigungsminister Oscar Aguad erl\u00e4utert: &#8222;Wir streben eine strategische und nachhaltige Entwicklung der FAdeA an. Um dieses Ziel zu erreichen, wollen wir Neugesch\u00e4ft in der Flugzeugindustrie und in anderen Branchen mit hohen Anforderungen und gro\u00dfem Entwicklungspotential schaffen &#8211; wie zum Beispiel in der Windbranche,&#8220; und f\u00fcgt hinzu: &#8222;Dieser Auftrag, zusammen mit anderen k\u00fcrzlich erhaltenen Auftr\u00e4gen internationaler Firmen aus der zivilen und milit\u00e4rischen Luftfahrt bringen uns unserem Ziel f\u00fcr 2023 n\u00e4her. Dann wollen wir unsere Ums\u00e4tze zu jeweils 50% von staatlichen und dritten Auftraggebern generieren.&#8220; Er bemerkt abschlie\u00dfend: &#8222;Der Industrie- und Metallurgiesektor sollte den Beitrag, den er zu diesem wachsenden Wirtschaftsbereich leisten kann, genau im Blick haben.&#8220;<\/p>\n<p><b>F\u00e1brica Argentina de Aviones &#8222;Brig. San Martin&#8220; S.A im Profil <\/b><br \/>FAdeA ist ein b\u00f6rsennotiertes Unternehmen, das dem argentinischen Verteidigungsministerium unterstellt ist und verf\u00fcgt \u00fcber mehr als 90 Jahre Erfahrung in der Luftfahrttechnik. Das Unternehmen hat sich strategisch neu ausgerichtet und ist in neuen Gesch\u00e4ftsfelder mit Industriepartnern aus dem zivilen und milit\u00e4rischen Segment aktiv. Zu diesen z\u00e4hlen jetzt auch die Erneuerbaren Energien.<\/p>\n<p><b>Die Nordex Group im Profil<\/b><br \/>Die Gruppe hat mehr als 23 GW Windenergieleistung in \u00fcber 25 M\u00e4rkten installiert und erzielte im Jahr 2017 einen Umsatz von knapp 3,1 Mrd. EUR. Das Unternehmen besch\u00e4ftigt derzeit rund 5.000 Mitarbeiter. Zum Fertigungsverbund geh\u00f6ren Werke in Deutschland, Spanien, Brasilien, den USA und in Indien. Das Produktprogramm konzentriert sich auf Onshore-Turbinen der 1,5- bis 4,8-MW-Klasse, die auf die Marktanforderungen von L\u00e4ndern mit begrenzten Ausbaufl\u00e4chen und Regionen mit begrenzten Netzkapazit\u00e4ten ausgelegt sind.<\/p>\n<p><u>Kontakt Presse:<\/u><br \/>Felix Losada<br \/>Telefon: 040 \/ 300 30 &#8211; 1141<br \/><a href=\"mailto:flosada@nordex-online.com\" target=\"_blank\" rel=\"noopener\">flosada@nordex-online.com<\/a><\/p>\n<p><u>Kontakt Investoren:<\/u><br \/>Felix Zander<br \/>Telefon: 040 \/ 300 30 &#8211; 1116<br \/><a href=\"mailto:fzander@nordex-online.com\" target=\"_blank\" rel=\"noopener\">fzander@nordex-online.com<\/a><br \/>&nbsp;<\/p>\n<\/div>\n<p><\/p>\n<hr \/>\n<p class=\"news_bottom\">20.12.2018  Ver\u00f6ffentlichung einer Corporate News\/Finanznachricht, \u00fcbermittelt durch DGAP &#8211; ein Service der EQS Group AG. <br \/>F\u00fcr den Inhalt der Mitteilung ist der Emittent \/ Herausgeber verantwortlich.<\/p>\n<p>Die DGAP Distributionsservices umfassen gesetzliche Meldepflichten, Corporate News\/Finanznachrichten und Pressemitteilungen. <br \/>Medienarchiv unter http:\/\/www.dgap.de<\/p>\n<hr \/>\n<\/td>\n<\/tr>\n<\/table>\n<table class=\"news_footer_layout\" cellspacing=\"0\" cellpadding=\"0\">\n<tr>\n<td align=\"left\" valign=\"top\" class=\"first_column column_1\" nowrap>Sprache:<\/td>\n<td align=\"left\" valign=\"top\" class=\"column_2\">Deutsch<\/td>\n<\/tr>\n<tr>\n<td align=\"left\" valign=\"top\" class=\"column_1\" nowrap>Unternehmen:<\/td>\n<td align=\"left\" valign=\"top\" class=\"column_2\">Nordex SE<\/td>\n<\/tr>\n<tr>\n<td align=\"left\" valign=\"top\" class=\"column_1\"><\/td>\n<td align=\"left\" valign=\"top\" class=\"column_2\">Erich-Schlesinger-Stra\u00dfe 50<\/td>\n<\/tr>\n<tr>\n<td align=\"left\" valign=\"top\" class=\"column_1\"><\/td>\n<td align=\"left\" valign=\"top\" class=\"column_2\">18059 Rostock<\/td>\n<\/tr>\n<tr>\n<td align=\"left\" valign=\"top\" class=\"column_1\"><\/td>\n<td align=\"left\" valign=\"top\" class=\"column_2\">Deutschland<\/td>\n<\/tr>\n<tr>\n<td align=\"left\" valign=\"top\" class=\"column_1\" nowrap>Telefon:<\/td>\n<td align=\"left\" valign=\"top\" class=\"column_2\">+49 381 6663 3300<\/td>\n<\/tr>\n<tr>\n<td align=\"left\" valign=\"top\" class=\"column_1\" nowrap>Fax:<\/td>\n<td align=\"left\" valign=\"top\" class=\"column_2\">+49 381 6663 3339<\/td>\n<\/tr>\n<tr>\n<td align=\"left\" valign=\"top\" class=\"column_1\" nowrap>E-Mail:<\/td>\n<td align=\"left\" valign=\"top\" class=\"column_2\">info@nordex-online.com<\/td>\n<\/tr>\n<tr>\n<td align=\"left\" valign=\"top\" class=\"column_1\" nowrap>Internet:<\/td>\n<td align=\"left\" valign=\"top\" class=\"column_2\">www.nordex-online.com<\/td>\n<\/tr>\n<tr>\n<td align=\"left\" valign=\"top\" class=\"column_1\" nowrap>ISIN:<\/td>\n<td align=\"left\" valign=\"top\" class=\"column_2\">DE000A0D6554<\/td>\n<\/tr>\n<tr>\n<td align=\"left\" valign=\"top\" class=\"column_1\" nowrap>WKN:<\/td>\n<td align=\"left\" valign=\"top\" class=\"column_2\">A0D655<\/td>\n<\/tr>\n<tr>\n<td align=\"left\" valign=\"top\" class=\"column_1\" nowrap>Indizes:<\/td>\n<td align=\"left\" valign=\"top\" class=\"column_2\">SDAX, TecDAX<\/td>\n<\/tr>\n<tr>\n<td align=\"left\" valign=\"top\" class=\"column_1\">B\u00f6rsen:<\/td>\n<td align=\"left\" valign=\"top\" class=\"column_2\">Regulierter Markt in Frankfurt (Prime Standard); Freiverkehr in Berlin, D\u00fcsseldorf, Hamburg, Hannover, M\u00fcnchen, Stuttgart, Tradegate Exchange<\/td>\n<\/tr>\n<\/table>\n<p><\/p>\n<table class=\"news_footer_layout\" border=\"0\" cellpadding=\"0\" cellspacing=\"0\">\n<tr>\n<td align=\"left\" valign=\"top\" colspan=\"2\"><\/td>\n<\/tr>\n<\/table>\n<table class=\"news_layout news_layout_footer_end\" border=\"0\" cellpadding=\"0\" cellspacing=\"0\">\n<tr>\n<td align=\"left\" valign=\"top\" colspan=\"2\">&nbsp;<\/td>\n<\/tr>\n<tr>\n<td align=\"left\" valign=\"top\" class=\"column_1\">Ende der Mitteilung<\/td>\n<td align=\"left\" valign=\"top\" class=\"column_2\">DGAP News-Service<\/td>\n<\/tr>\n<\/table>\n<p class=\"\">\n<p><img loading=\"lazy\" decoding=\"async\" src=\"https:\/\/link.cockpit.eqs.com\/cgi-bin\/fncls.ssp?fn=show_t_gif&amp;application_id=760865&amp;application_name=news&amp;site_id=news_data\" alt=\"show this\" width=\"0\" height=\"0\" border=\"0\" \/><\/p>\n","protected":false},"excerpt":{"rendered":"<p>DGAP-News: Nordex SE \/ Schlagwort(e): Kooperation 20.12.2018 \/ 12:20 F\u00fcr den Inhalt der Mitteilung ist der Emittent \/ Herausgeber verantwortlich. Nordex kooperiert mit F\u00e1brica Argentina de Aviones beim Aufbau lokaler Fertigungskapazit\u00e4ten in Argentinien 2019 wird eine neue Fertigungslinie f\u00fcr Windturbinen in C\u00f3rdoba errichtet Zentraler Schritt, um Anteil an lokaler Wertsch\u00f6pfung im Wachstumsmarkt zu sichern Investition [&hellip;]<\/p>\n","protected":false},"author":5,"featured_media":0,"comment_status":"closed","ping_status":"closed","sticky":false,"template":"","format":"standard","meta":{"_trash_the_other_posts":false,"editor_notices":[],"footnotes":""},"categories":[1250,1252],"tags":[],"class_list":["post-3413","post","type-post","status-publish","format-standard","hentry","category-investor-relations","category-corporate"],"yoast_head":"<!-- This site is optimized with the Yoast SEO Premium plugin v27.3 (Yoast SEO v27.3) - https:\/\/yoast.com\/product\/yoast-seo-premium-wordpress\/ -->\n<title>Nordex kooperiert mit F\u00e1brica Argentina de Aviones beim Aufbau lokaler Fertigungskapazit\u00e4ten in Argentinien - Nordex SE - Deutsch<\/title>\n<meta name=\"robots\" content=\"index, follow, max-snippet:-1, max-image-preview:large, max-video-preview:-1\" \/>\n<link rel=\"canonical\" href=\"https:\/\/www.nordex-online.com\/de\/2018\/12\/nordex-kooperiert-mit-fabrica-argentina-de-aviones-beim-aufbau-lokaler-fertigungskapazitaeten-in-argentinien\/\" \/>\n<meta property=\"og:locale\" content=\"de_DE\" \/>\n<meta property=\"og:type\" content=\"article\" \/>\n<meta property=\"og:title\" content=\"Nordex kooperiert mit F\u00e1brica Argentina de Aviones beim Aufbau lokaler Fertigungskapazit\u00e4ten in Argentinien\" \/>\n<meta property=\"og:description\" content=\"DGAP-News: Nordex SE \/ Schlagwort(e): Kooperation 20.12.2018 \/ 12:20 F\u00fcr den Inhalt der Mitteilung ist der Emittent \/ Herausgeber verantwortlich. Nordex kooperiert mit F\u00e1brica Argentina de Aviones beim Aufbau lokaler Fertigungskapazit\u00e4ten in Argentinien 2019 wird eine neue Fertigungslinie f\u00fcr Windturbinen in C\u00f3rdoba errichtet Zentraler Schritt, um Anteil an lokaler Wertsch\u00f6pfung im Wachstumsmarkt zu sichern Investition [&hellip;]\" \/>\n<meta property=\"og:url\" content=\"https:\/\/www.nordex-online.com\/de\/2018\/12\/nordex-kooperiert-mit-fabrica-argentina-de-aviones-beim-aufbau-lokaler-fertigungskapazitaeten-in-argentinien\/\" \/>\n<meta property=\"og:site_name\" content=\"Nordex SE - Deutsch\" \/>\n<meta property=\"article:published_time\" content=\"2018-12-20T11:20:32+00:00\" \/>\n<meta property=\"article:modified_time\" content=\"2023-11-28T15:00:57+00:00\" \/>\n<meta property=\"og:image\" content=\"https:\/\/link.cockpit.eqs.com\/cgi-bin\/fncls.ssp?fn=show_t_gif&amp;application_id=760865&amp;application_name=news&amp;site_id=news_data\" \/>\n<meta name=\"author\" content=\"aeckert\" \/>\n<meta name=\"twitter:card\" content=\"summary_large_image\" \/>\n<meta name=\"twitter:label1\" content=\"Geschrieben von\" \/>\n\t<meta name=\"twitter:data1\" content=\"aeckert\" \/>\n\t<meta name=\"twitter:label2\" content=\"Gesch\u00e4tzte Lesezeit\" \/>\n\t<meta name=\"twitter:data2\" content=\"4\u00a0Minuten\" \/>\n<script type=\"application\/ld+json\" class=\"yoast-schema-graph\">{\"@context\":\"https:\\\/\\\/schema.org\",\"@graph\":[{\"@type\":\"Article\",\"@id\":\"https:\\\/\\\/www.nordex-online.com\\\/de\\\/2018\\\/12\\\/nordex-kooperiert-mit-fabrica-argentina-de-aviones-beim-aufbau-lokaler-fertigungskapazitaeten-in-argentinien\\\/#article\",\"isPartOf\":{\"@id\":\"https:\\\/\\\/www.nordex-online.com\\\/de\\\/2018\\\/12\\\/nordex-kooperiert-mit-fabrica-argentina-de-aviones-beim-aufbau-lokaler-fertigungskapazitaeten-in-argentinien\\\/\"},\"author\":{\"name\":\"aeckert\",\"@id\":\"https:\\\/\\\/www.nordex-online.com\\\/de\\\/#\\\/schema\\\/person\\\/81621b8f0d2d2d605ac828cef137de95\"},\"headline\":\"Nordex kooperiert mit F\u00e1brica Argentina de Aviones beim Aufbau lokaler Fertigungskapazit\u00e4ten in Argentinien\",\"datePublished\":\"2018-12-20T11:20:32+00:00\",\"dateModified\":\"2023-11-28T15:00:57+00:00\",\"mainEntityOfPage\":{\"@id\":\"https:\\\/\\\/www.nordex-online.com\\\/de\\\/2018\\\/12\\\/nordex-kooperiert-mit-fabrica-argentina-de-aviones-beim-aufbau-lokaler-fertigungskapazitaeten-in-argentinien\\\/\"},\"wordCount\":756,\"publisher\":{\"@id\":\"https:\\\/\\\/www.nordex-online.com\\\/de\\\/#organization\"},\"image\":{\"@id\":\"https:\\\/\\\/www.nordex-online.com\\\/de\\\/2018\\\/12\\\/nordex-kooperiert-mit-fabrica-argentina-de-aviones-beim-aufbau-lokaler-fertigungskapazitaeten-in-argentinien\\\/#primaryimage\"},\"thumbnailUrl\":\"https:\\\/\\\/link.cockpit.eqs.com\\\/cgi-bin\\\/fncls.ssp?fn=show_t_gif&amp;application_id=760865&amp;application_name=news&amp;site_id=news_data\",\"articleSection\":[\"Investorenbeziehungen\",\"Unternehmen\"],\"inLanguage\":\"de\"},{\"@type\":\"WebPage\",\"@id\":\"https:\\\/\\\/www.nordex-online.com\\\/de\\\/2018\\\/12\\\/nordex-kooperiert-mit-fabrica-argentina-de-aviones-beim-aufbau-lokaler-fertigungskapazitaeten-in-argentinien\\\/\",\"url\":\"https:\\\/\\\/www.nordex-online.com\\\/de\\\/2018\\\/12\\\/nordex-kooperiert-mit-fabrica-argentina-de-aviones-beim-aufbau-lokaler-fertigungskapazitaeten-in-argentinien\\\/\",\"name\":\"Nordex kooperiert mit F\u00e1brica Argentina de Aviones beim Aufbau lokaler Fertigungskapazit\u00e4ten in Argentinien - Nordex SE - Deutsch\",\"isPartOf\":{\"@id\":\"https:\\\/\\\/www.nordex-online.com\\\/de\\\/#website\"},\"primaryImageOfPage\":{\"@id\":\"https:\\\/\\\/www.nordex-online.com\\\/de\\\/2018\\\/12\\\/nordex-kooperiert-mit-fabrica-argentina-de-aviones-beim-aufbau-lokaler-fertigungskapazitaeten-in-argentinien\\\/#primaryimage\"},\"image\":{\"@id\":\"https:\\\/\\\/www.nordex-online.com\\\/de\\\/2018\\\/12\\\/nordex-kooperiert-mit-fabrica-argentina-de-aviones-beim-aufbau-lokaler-fertigungskapazitaeten-in-argentinien\\\/#primaryimage\"},\"thumbnailUrl\":\"https:\\\/\\\/link.cockpit.eqs.com\\\/cgi-bin\\\/fncls.ssp?fn=show_t_gif&amp;application_id=760865&amp;application_name=news&amp;site_id=news_data\",\"datePublished\":\"2018-12-20T11:20:32+00:00\",\"dateModified\":\"2023-11-28T15:00:57+00:00\",\"breadcrumb\":{\"@id\":\"https:\\\/\\\/www.nordex-online.com\\\/de\\\/2018\\\/12\\\/nordex-kooperiert-mit-fabrica-argentina-de-aviones-beim-aufbau-lokaler-fertigungskapazitaeten-in-argentinien\\\/#breadcrumb\"},\"inLanguage\":\"de\",\"potentialAction\":[{\"@type\":\"ReadAction\",\"target\":[\"https:\\\/\\\/www.nordex-online.com\\\/de\\\/2018\\\/12\\\/nordex-kooperiert-mit-fabrica-argentina-de-aviones-beim-aufbau-lokaler-fertigungskapazitaeten-in-argentinien\\\/\"]}]},{\"@type\":\"ImageObject\",\"inLanguage\":\"de\",\"@id\":\"https:\\\/\\\/www.nordex-online.com\\\/de\\\/2018\\\/12\\\/nordex-kooperiert-mit-fabrica-argentina-de-aviones-beim-aufbau-lokaler-fertigungskapazitaeten-in-argentinien\\\/#primaryimage\",\"url\":\"https:\\\/\\\/link.cockpit.eqs.com\\\/cgi-bin\\\/fncls.ssp?fn=show_t_gif&amp;application_id=760865&amp;application_name=news&amp;site_id=news_data\",\"contentUrl\":\"https:\\\/\\\/link.cockpit.eqs.com\\\/cgi-bin\\\/fncls.ssp?fn=show_t_gif&amp;application_id=760865&amp;application_name=news&amp;site_id=news_data\"},{\"@type\":\"BreadcrumbList\",\"@id\":\"https:\\\/\\\/www.nordex-online.com\\\/de\\\/2018\\\/12\\\/nordex-kooperiert-mit-fabrica-argentina-de-aviones-beim-aufbau-lokaler-fertigungskapazitaeten-in-argentinien\\\/#breadcrumb\",\"itemListElement\":[{\"@type\":\"ListItem\",\"position\":1,\"name\":\"Home\",\"item\":\"https:\\\/\\\/www.nordex-online.com\\\/de\\\/\"},{\"@type\":\"ListItem\",\"position\":2,\"name\":\"Nordex kooperiert mit F\u00e1brica Argentina de Aviones beim Aufbau lokaler Fertigungskapazit\u00e4ten in Argentinien\"}]},{\"@type\":\"WebSite\",\"@id\":\"https:\\\/\\\/www.nordex-online.com\\\/de\\\/#website\",\"url\":\"https:\\\/\\\/www.nordex-online.com\\\/de\\\/\",\"name\":\"Nordex SE - Deutsch\",\"description\":\"Manufacture, installation and maintenance of wind turbines.\",\"publisher\":{\"@id\":\"https:\\\/\\\/www.nordex-online.com\\\/de\\\/#organization\"},\"potentialAction\":[{\"@type\":\"SearchAction\",\"target\":{\"@type\":\"EntryPoint\",\"urlTemplate\":\"https:\\\/\\\/www.nordex-online.com\\\/de\\\/?s={search_term_string}\"},\"query-input\":{\"@type\":\"PropertyValueSpecification\",\"valueRequired\":true,\"valueName\":\"search_term_string\"}}],\"inLanguage\":\"de\"},{\"@type\":\"Organization\",\"@id\":\"https:\\\/\\\/www.nordex-online.com\\\/de\\\/#organization\",\"name\":\"Nordex SE - Deutsch\",\"url\":\"https:\\\/\\\/www.nordex-online.com\\\/de\\\/\",\"logo\":{\"@type\":\"ImageObject\",\"inLanguage\":\"de\",\"@id\":\"https:\\\/\\\/www.nordex-online.com\\\/de\\\/#\\\/schema\\\/logo\\\/image\\\/\",\"url\":\"https:\\\/\\\/www.nordex-online.com\\\/wp-content\\\/uploads\\\/sites\\\/3\\\/2024\\\/07\\\/cropped-cropped-Combined-Logos_cmyk_PNG.png\",\"contentUrl\":\"https:\\\/\\\/www.nordex-online.com\\\/wp-content\\\/uploads\\\/sites\\\/3\\\/2024\\\/07\\\/cropped-cropped-Combined-Logos_cmyk_PNG.png\",\"width\":1181,\"height\":353,\"caption\":\"Nordex SE - Deutsch\"},\"image\":{\"@id\":\"https:\\\/\\\/www.nordex-online.com\\\/de\\\/#\\\/schema\\\/logo\\\/image\\\/\"}},{\"@type\":\"Person\",\"@id\":\"https:\\\/\\\/www.nordex-online.com\\\/de\\\/#\\\/schema\\\/person\\\/81621b8f0d2d2d605ac828cef137de95\",\"name\":\"aeckert\",\"image\":{\"@type\":\"ImageObject\",\"inLanguage\":\"de\",\"@id\":\"https:\\\/\\\/secure.gravatar.com\\\/avatar\\\/9bb1da8fdca865f8714afd486408f3f4d26ef53f3ff2e44201e2a0a3b5e3c6b2?s=96&d=mm&r=g\",\"url\":\"https:\\\/\\\/secure.gravatar.com\\\/avatar\\\/9bb1da8fdca865f8714afd486408f3f4d26ef53f3ff2e44201e2a0a3b5e3c6b2?s=96&d=mm&r=g\",\"contentUrl\":\"https:\\\/\\\/secure.gravatar.com\\\/avatar\\\/9bb1da8fdca865f8714afd486408f3f4d26ef53f3ff2e44201e2a0a3b5e3c6b2?s=96&d=mm&r=g\",\"caption\":\"aeckert\"},\"url\":\"https:\\\/\\\/www.nordex-online.com\\\/de\\\/author\\\/antje\\\/\"}]}<\/script>\n<!-- \/ Yoast SEO Premium plugin. -->","yoast_head_json":{"title":"Nordex kooperiert mit F\u00e1brica Argentina de Aviones beim Aufbau lokaler Fertigungskapazit\u00e4ten in Argentinien - Nordex SE - Deutsch","robots":{"index":"index","follow":"follow","max-snippet":"max-snippet:-1","max-image-preview":"max-image-preview:large","max-video-preview":"max-video-preview:-1"},"canonical":"https:\/\/www.nordex-online.com\/de\/2018\/12\/nordex-kooperiert-mit-fabrica-argentina-de-aviones-beim-aufbau-lokaler-fertigungskapazitaeten-in-argentinien\/","og_locale":"de_DE","og_type":"article","og_title":"Nordex kooperiert mit F\u00e1brica Argentina de Aviones beim Aufbau lokaler Fertigungskapazit\u00e4ten in Argentinien","og_description":"DGAP-News: Nordex SE \/ Schlagwort(e): Kooperation 20.12.2018 \/ 12:20 F\u00fcr den Inhalt der Mitteilung ist der Emittent \/ Herausgeber verantwortlich. Nordex kooperiert mit F\u00e1brica Argentina de Aviones beim Aufbau lokaler Fertigungskapazit\u00e4ten in Argentinien 2019 wird eine neue Fertigungslinie f\u00fcr Windturbinen in C\u00f3rdoba errichtet Zentraler Schritt, um Anteil an lokaler Wertsch\u00f6pfung im Wachstumsmarkt zu sichern Investition [&hellip;]","og_url":"https:\/\/www.nordex-online.com\/de\/2018\/12\/nordex-kooperiert-mit-fabrica-argentina-de-aviones-beim-aufbau-lokaler-fertigungskapazitaeten-in-argentinien\/","og_site_name":"Nordex SE - Deutsch","article_published_time":"2018-12-20T11:20:32+00:00","article_modified_time":"2023-11-28T15:00:57+00:00","og_image":[{"url":"https:\/\/link.cockpit.eqs.com\/cgi-bin\/fncls.ssp?fn=show_t_gif&amp;application_id=760865&amp;application_name=news&amp;site_id=news_data","type":"","width":"","height":""}],"author":"aeckert","twitter_card":"summary_large_image","twitter_misc":{"Geschrieben von":"aeckert","Gesch\u00e4tzte Lesezeit":"4\u00a0Minuten"},"schema":{"@context":"https:\/\/schema.org","@graph":[{"@type":"Article","@id":"https:\/\/www.nordex-online.com\/de\/2018\/12\/nordex-kooperiert-mit-fabrica-argentina-de-aviones-beim-aufbau-lokaler-fertigungskapazitaeten-in-argentinien\/#article","isPartOf":{"@id":"https:\/\/www.nordex-online.com\/de\/2018\/12\/nordex-kooperiert-mit-fabrica-argentina-de-aviones-beim-aufbau-lokaler-fertigungskapazitaeten-in-argentinien\/"},"author":{"name":"aeckert","@id":"https:\/\/www.nordex-online.com\/de\/#\/schema\/person\/81621b8f0d2d2d605ac828cef137de95"},"headline":"Nordex kooperiert mit F\u00e1brica Argentina de Aviones beim Aufbau lokaler Fertigungskapazit\u00e4ten in Argentinien","datePublished":"2018-12-20T11:20:32+00:00","dateModified":"2023-11-28T15:00:57+00:00","mainEntityOfPage":{"@id":"https:\/\/www.nordex-online.com\/de\/2018\/12\/nordex-kooperiert-mit-fabrica-argentina-de-aviones-beim-aufbau-lokaler-fertigungskapazitaeten-in-argentinien\/"},"wordCount":756,"publisher":{"@id":"https:\/\/www.nordex-online.com\/de\/#organization"},"image":{"@id":"https:\/\/www.nordex-online.com\/de\/2018\/12\/nordex-kooperiert-mit-fabrica-argentina-de-aviones-beim-aufbau-lokaler-fertigungskapazitaeten-in-argentinien\/#primaryimage"},"thumbnailUrl":"https:\/\/link.cockpit.eqs.com\/cgi-bin\/fncls.ssp?fn=show_t_gif&amp;application_id=760865&amp;application_name=news&amp;site_id=news_data","articleSection":["Investorenbeziehungen","Unternehmen"],"inLanguage":"de"},{"@type":"WebPage","@id":"https:\/\/www.nordex-online.com\/de\/2018\/12\/nordex-kooperiert-mit-fabrica-argentina-de-aviones-beim-aufbau-lokaler-fertigungskapazitaeten-in-argentinien\/","url":"https:\/\/www.nordex-online.com\/de\/2018\/12\/nordex-kooperiert-mit-fabrica-argentina-de-aviones-beim-aufbau-lokaler-fertigungskapazitaeten-in-argentinien\/","name":"Nordex kooperiert mit F\u00e1brica Argentina de Aviones beim Aufbau lokaler Fertigungskapazit\u00e4ten in Argentinien - Nordex SE - Deutsch","isPartOf":{"@id":"https:\/\/www.nordex-online.com\/de\/#website"},"primaryImageOfPage":{"@id":"https:\/\/www.nordex-online.com\/de\/2018\/12\/nordex-kooperiert-mit-fabrica-argentina-de-aviones-beim-aufbau-lokaler-fertigungskapazitaeten-in-argentinien\/#primaryimage"},"image":{"@id":"https:\/\/www.nordex-online.com\/de\/2018\/12\/nordex-kooperiert-mit-fabrica-argentina-de-aviones-beim-aufbau-lokaler-fertigungskapazitaeten-in-argentinien\/#primaryimage"},"thumbnailUrl":"https:\/\/link.cockpit.eqs.com\/cgi-bin\/fncls.ssp?fn=show_t_gif&amp;application_id=760865&amp;application_name=news&amp;site_id=news_data","datePublished":"2018-12-20T11:20:32+00:00","dateModified":"2023-11-28T15:00:57+00:00","breadcrumb":{"@id":"https:\/\/www.nordex-online.com\/de\/2018\/12\/nordex-kooperiert-mit-fabrica-argentina-de-aviones-beim-aufbau-lokaler-fertigungskapazitaeten-in-argentinien\/#breadcrumb"},"inLanguage":"de","potentialAction":[{"@type":"ReadAction","target":["https:\/\/www.nordex-online.com\/de\/2018\/12\/nordex-kooperiert-mit-fabrica-argentina-de-aviones-beim-aufbau-lokaler-fertigungskapazitaeten-in-argentinien\/"]}]},{"@type":"ImageObject","inLanguage":"de","@id":"https:\/\/www.nordex-online.com\/de\/2018\/12\/nordex-kooperiert-mit-fabrica-argentina-de-aviones-beim-aufbau-lokaler-fertigungskapazitaeten-in-argentinien\/#primaryimage","url":"https:\/\/link.cockpit.eqs.com\/cgi-bin\/fncls.ssp?fn=show_t_gif&amp;application_id=760865&amp;application_name=news&amp;site_id=news_data","contentUrl":"https:\/\/link.cockpit.eqs.com\/cgi-bin\/fncls.ssp?fn=show_t_gif&amp;application_id=760865&amp;application_name=news&amp;site_id=news_data"},{"@type":"BreadcrumbList","@id":"https:\/\/www.nordex-online.com\/de\/2018\/12\/nordex-kooperiert-mit-fabrica-argentina-de-aviones-beim-aufbau-lokaler-fertigungskapazitaeten-in-argentinien\/#breadcrumb","itemListElement":[{"@type":"ListItem","position":1,"name":"Home","item":"https:\/\/www.nordex-online.com\/de\/"},{"@type":"ListItem","position":2,"name":"Nordex kooperiert mit F\u00e1brica Argentina de Aviones beim Aufbau lokaler Fertigungskapazit\u00e4ten in Argentinien"}]},{"@type":"WebSite","@id":"https:\/\/www.nordex-online.com\/de\/#website","url":"https:\/\/www.nordex-online.com\/de\/","name":"Nordex SE - Deutsch","description":"Manufacture, installation and maintenance of wind turbines.","publisher":{"@id":"https:\/\/www.nordex-online.com\/de\/#organization"},"potentialAction":[{"@type":"SearchAction","target":{"@type":"EntryPoint","urlTemplate":"https:\/\/www.nordex-online.com\/de\/?s={search_term_string}"},"query-input":{"@type":"PropertyValueSpecification","valueRequired":true,"valueName":"search_term_string"}}],"inLanguage":"de"},{"@type":"Organization","@id":"https:\/\/www.nordex-online.com\/de\/#organization","name":"Nordex SE - Deutsch","url":"https:\/\/www.nordex-online.com\/de\/","logo":{"@type":"ImageObject","inLanguage":"de","@id":"https:\/\/www.nordex-online.com\/de\/#\/schema\/logo\/image\/","url":"https:\/\/www.nordex-online.com\/wp-content\/uploads\/sites\/3\/2024\/07\/cropped-cropped-Combined-Logos_cmyk_PNG.png","contentUrl":"https:\/\/www.nordex-online.com\/wp-content\/uploads\/sites\/3\/2024\/07\/cropped-cropped-Combined-Logos_cmyk_PNG.png","width":1181,"height":353,"caption":"Nordex SE - Deutsch"},"image":{"@id":"https:\/\/www.nordex-online.com\/de\/#\/schema\/logo\/image\/"}},{"@type":"Person","@id":"https:\/\/www.nordex-online.com\/de\/#\/schema\/person\/81621b8f0d2d2d605ac828cef137de95","name":"aeckert","image":{"@type":"ImageObject","inLanguage":"de","@id":"https:\/\/secure.gravatar.com\/avatar\/9bb1da8fdca865f8714afd486408f3f4d26ef53f3ff2e44201e2a0a3b5e3c6b2?s=96&d=mm&r=g","url":"https:\/\/secure.gravatar.com\/avatar\/9bb1da8fdca865f8714afd486408f3f4d26ef53f3ff2e44201e2a0a3b5e3c6b2?s=96&d=mm&r=g","contentUrl":"https:\/\/secure.gravatar.com\/avatar\/9bb1da8fdca865f8714afd486408f3f4d26ef53f3ff2e44201e2a0a3b5e3c6b2?s=96&d=mm&r=g","caption":"aeckert"},"url":"https:\/\/www.nordex-online.com\/de\/author\/antje\/"}]}},"_links":{"self":[{"href":"https:\/\/www.nordex-online.com\/de\/wp-json\/wp\/v2\/posts\/3413","targetHints":{"allow":["GET"]}}],"collection":[{"href":"https:\/\/www.nordex-online.com\/de\/wp-json\/wp\/v2\/posts"}],"about":[{"href":"https:\/\/www.nordex-online.com\/de\/wp-json\/wp\/v2\/types\/post"}],"author":[{"embeddable":true,"href":"https:\/\/www.nordex-online.com\/de\/wp-json\/wp\/v2\/users\/5"}],"replies":[{"embeddable":true,"href":"https:\/\/www.nordex-online.com\/de\/wp-json\/wp\/v2\/comments?post=3413"}],"version-history":[{"count":5,"href":"https:\/\/www.nordex-online.com\/de\/wp-json\/wp\/v2\/posts\/3413\/revisions"}],"predecessor-version":[{"id":40371,"href":"https:\/\/www.nordex-online.com\/de\/wp-json\/wp\/v2\/posts\/3413\/revisions\/40371"}],"wp:attachment":[{"href":"https:\/\/www.nordex-online.com\/de\/wp-json\/wp\/v2\/media?parent=3413"}],"wp:term":[{"taxonomy":"category","embeddable":true,"href":"https:\/\/www.nordex-online.com\/de\/wp-json\/wp\/v2\/categories?post=3413"},{"taxonomy":"post_tag","embeddable":true,"href":"https:\/\/www.nordex-online.com\/de\/wp-json\/wp\/v2\/tags?post=3413"}],"curies":[{"name":"wp","href":"https:\/\/api.w.org\/{rel}","templated":true}]}}