{"id":3389,"date":"2019-06-06T07:18:27","date_gmt":"2019-06-06T07:18:27","guid":{"rendered":"https:\/\/www.nordex-online.com\/de\/2019\/06\/%e2%80%8bnordex-group-und-fadea-feiern-offizielle-eroeffnung-einer-produktionsstaette-fuer-windkraftanlagen-in-cordoba-argentinien\/"},"modified":"2023-11-28T15:00:54","modified_gmt":"2023-11-28T15:00:54","slug":"nordex-group-und-fadea-feiern-offizielle-eroeffnung-einer-produktionsstaette-fuer-windkraftanlagen-in-cordoba-argentinien","status":"publish","type":"post","link":"https:\/\/www.nordex-online.com\/de\/2019\/06\/nordex-group-und-fadea-feiern-offizielle-eroeffnung-einer-produktionsstaette-fuer-windkraftanlagen-in-cordoba-argentinien\/","title":{"rendered":"\u200bNordex Group und FAdeA feiern offizielle Er\u00f6ffnung einer Produktionsst\u00e4tte f\u00fcr Windkraftanlagen in C\u00f3rdoba, Argentinien"},"content":{"rendered":"<table class=\"news_layout style2015\" border=\"0\" cellpadding=\"0\" cellspacing=\"0\">\n<tr>\n<td>\n<p class=\"news_top\">DGAP-News: Nordex SE \/ Schlagwort(e): Strategische Unternehmensentscheidung<\/p>\n<p><span class=\"news_top_date\">06.06.2019 \/ 09:18 <\/span><br \/>F\u00fcr den Inhalt der Mitteilung ist der Emittent \/ Herausgeber verantwortlich.<\/p>\n<hr \/>\n<div class=\"break-word news_main\">\n<p>&#8211; Erstes Produktionswerk f\u00fcr Windkraftanlagen in C\u00f3rdoba, Argentinien<br \/>&#8211; Ein wichtiger Schritt, um diesem boomenden Industriesektor einen Mehrwert im Land zu verschaffen.<br \/>&#8211; Produktionsst\u00e4tte wird zu neuen Arbeitspl\u00e4tzen in der Region f\u00fchren.<\/p>\n<p><b>Hamburg, C\u00f3rdoba, 6. Juni 2019.<\/b> Gemeinsam mit seinem Kooperationspartner F\u00e1brica Argentina de Aviones &#8222;Brig. San Martin&#8220; S.A (kurz FAdeA), dem argentinischen Pr\u00e4sidenten Mauricio Macri und Vertretern aus der Wirtschaft feierte die Nordex Group am 5. Juni 2019 mit einem Festakt die Er\u00f6ffnung des argentinischen Produktionswerks in C\u00f3rdoba.<\/p>\n<p>Die Vereinbarung zwischen der Nordex Group und der FAdeA \u00fcber den Bau einer lokalen Montagelinie wurde im Dezember 2018 geschlossen. Mitte April startete die Produktion und die ersten Maschinenh\u00e4user des Typs AW132\/3300 sind bereits f\u00fcr Projekte des Stromversorgers AES Generaci\u00f3n S.A. vom Band gerollt.<\/p>\n<p>Das Werk positioniert die Nordex Group als heimischen Anbieter in einem stark aufstrebenden Windmarkt mit guten Windbedingungen. Die Montagehalle ist auf eine Jahreskapazit\u00e4t von bis zu 500 MW ausgelegt. Hier werden Maschinenh\u00e4user und Naben produziert. Zudem sieht die Nordex Group die Errichtung von drei lokalen Fertigungen f\u00fcr Betont\u00fcrme mit Subunternehmen im Land vor. Dies erh\u00f6ht den Anteil der lokalen Wertsch\u00f6pfung an den vor Ort produzierten und installierten Turbinen der Nordex Group. Kunden profitieren von erheblichen Steuervorteilen und deshalb geringen Energiekosten.<\/p>\n<p>Jos\u00e9 Luis Blanco, CEO der Nordex Group sagte: &#8222;Als internationales Unternehmen, ist lokale Fertigung nahe an unseren Vertriebsregionen ein wesentlicher Bestandteil unserer Expansionsstrategie. Bislang waren wir in Argentinien sehr erfolgreich, wie Auftr\u00e4ge \u00fcber mehr als 600 MW in den letzten zwei Jahren zeigen. Argentinien verf\u00fcgt \u00fcber einige der besten Windressourcen der Welt und ist gut positioniert, um ein wichtiger Windenergiemarkt zu werden. Diesen Boom werden Maschinen der Multi-Megawatt-Klasse, auf die wir uns hier im Werk spezialisieren, ma\u00dfgeblich mittragen.&#8220;<\/p>\n<p>Im Produktionswerk in C\u00f3rdoba werden bis zu 100 Fachkr\u00e4fte eingestellt, in den Betonturmwerken werden zus\u00e4tzlich jeweils 200 weitere Arbeitskr\u00e4fte besch\u00e4ftigt.<\/p>\n<p>Antonio Beltramone, Pr\u00e4sident der FAdeA, sagte: &#8222;Dieses Werk ist ein neuer Beweis daf\u00fcr, dass Transparenz, Engagement und Teamarbeit schlimme Szenarien umkehren k\u00f6nnen. Noch vor acht Monaten war dieser Ort eine verlassene Halle. Dank des Vertrauens von Nordex und der Unterst\u00fctzung vieler Menschen verf\u00fcgen wir nun \u00fcber eine Produktionsst\u00e4tte mit modernster Technologie.&#8220; Und f\u00fcgte hinzu: &#8222;Heute bietet die FAdeA die gr\u00f6\u00dfte Vielfalt an Dienstleistungen in ihrer Geschichte an. Es ist eine Ehre, in der FAdeA das erste Produktionswerk f\u00fcr Windenergieanlagen in C\u00f3rdoba zu haben. Wieder einmal ist FAdeA eine wichtige Quelle f\u00fcr industriellen Wohlstand.&#8220;<\/p>\n<p><b>F\u00e1brica Argentina de Aviones &#8222;Brig. San Martin&#8220; S.A im Profil <\/b><br \/>FAdeA ist ein b\u00f6rsennotiertes Unternehmen, das dem argentinischen Verteidigungsministerium unterstellt ist und verf\u00fcgt \u00fcber mehr als 90 Jahre Erfahrung in der Luftfahrttechnik. Das Unternehmen hat sich strategisch neu ausgerichtet und ist in neuen internationalen Gesch\u00e4ftsfeldern mit Industriepartnern aus dem zivilen und milit\u00e4rischen Segment aktiv. Zu diesen z\u00e4hlen jetzt auch die Erneuerbaren Energien.<\/p>\n<p><b>Die Nordex Group im Profil<\/b><br \/>Die Gruppe hat mehr als 25 GW Windenergieleistung in \u00fcber 40 M\u00e4rkten installiert und erzielte im Jahr 2018 einen Umsatz von etwa 2,5 Mrd. EUR. Das Unternehmen besch\u00e4ftigt derzeit \u00fcber 5.500 Mitarbeiter. Zum Fertigungsverbund geh\u00f6ren Werke in Deutschland, Spanien, Brasilien, den USA, Indien, Argentinien und demn\u00e4chst auch in Mexiko. Das Produktprogramm konzentriert sich auf Onshore-Turbinen der 2,4- bis 5,X-MW-Klasse, die auf die Marktanforderungen von L\u00e4ndern mit begrenzten Ausbaufl\u00e4chen und Regionen mit begrenzten Netzkapazit\u00e4ten ausgelegt sind.<\/p>\n<p><u>Kontakt Presse:<\/u><br \/>Felix Losada<br \/>Telefon: 040 \/ 300 30 &#8211; 1141<br \/><a href=\"mailto:flosada@nordex-online.com\" target=\"_blank\" rel=\"noopener\">flosada@nordex-online.com<\/a><\/p>\n<p><u>Kontakt Investoren:<\/u><br \/>Felix Zander<br \/>Telefon: 040 \/ 300 30 &#8211; 1116<br \/><a href=\"mailto:fzander@nordex-online.com\" target=\"_blank\" rel=\"noopener\">fzander@nordex-online.com<\/a><br \/>&nbsp;<\/p>\n<\/div>\n<p><\/p>\n<hr \/>\n<p class=\"news_bottom\">06.06.2019  Ver\u00f6ffentlichung einer Corporate News\/Finanznachricht, \u00fcbermittelt durch DGAP &#8211; ein Service der EQS Group AG. <br \/>F\u00fcr den Inhalt der Mitteilung ist der Emittent \/ Herausgeber verantwortlich.<\/p>\n<p>Die DGAP Distributionsservices umfassen gesetzliche Meldepflichten, Corporate News\/Finanznachrichten und Pressemitteilungen. <br \/>Medienarchiv unter http:\/\/www.dgap.de<\/p>\n<hr \/>\n<\/td>\n<\/tr>\n<\/table>\n<table class=\"news_footer_layout\" cellpadding=\"0\" cellspacing=\"0\">\n<tr>\n<td align=\"left\" valign=\"top\" class=\"first_column column_1\" nowrap>Sprache:<\/td>\n<td align=\"left\" valign=\"top\" class=\"column_2\">Deutsch<\/td>\n<\/tr>\n<tr>\n<td align=\"left\" valign=\"top\" class=\"column_1\" nowrap>Unternehmen:<\/td>\n<td align=\"left\" valign=\"top\" class=\"column_2\">Nordex SE<\/td>\n<\/tr>\n<tr>\n<td align=\"left\" valign=\"top\" class=\"column_1\"><\/td>\n<td align=\"left\" valign=\"top\" class=\"column_2\">Erich-Schlesinger-Stra\u00dfe 50<\/td>\n<\/tr>\n<tr>\n<td align=\"left\" valign=\"top\" class=\"column_1\"><\/td>\n<td align=\"left\" valign=\"top\" class=\"column_2\">18059 Rostock<\/td>\n<\/tr>\n<tr>\n<td align=\"left\" valign=\"top\" class=\"column_1\"><\/td>\n<td align=\"left\" valign=\"top\" class=\"column_2\">Deutschland<\/td>\n<\/tr>\n<tr>\n<td align=\"left\" valign=\"top\" class=\"column_1\" nowrap>Telefon:<\/td>\n<td align=\"left\" valign=\"top\" class=\"column_2\">+49 381 6663 3300<\/td>\n<\/tr>\n<tr>\n<td align=\"left\" valign=\"top\" class=\"column_1\" nowrap>Fax:<\/td>\n<td align=\"left\" valign=\"top\" class=\"column_2\">+49 381 6663 3339<\/td>\n<\/tr>\n<tr>\n<td align=\"left\" valign=\"top\" class=\"column_1\" nowrap>E-Mail:<\/td>\n<td align=\"left\" valign=\"top\" class=\"column_2\">info@nordex-online.com<\/td>\n<\/tr>\n<tr>\n<td align=\"left\" valign=\"top\" class=\"column_1\" nowrap>Internet:<\/td>\n<td align=\"left\" valign=\"top\" class=\"column_2\">www.nordex-online.com<\/td>\n<\/tr>\n<tr>\n<td align=\"left\" valign=\"top\" class=\"column_1\" nowrap>ISIN:<\/td>\n<td align=\"left\" valign=\"top\" class=\"column_2\">DE000A0D6554<\/td>\n<\/tr>\n<tr>\n<td align=\"left\" valign=\"top\" class=\"column_1\" nowrap>WKN:<\/td>\n<td align=\"left\" valign=\"top\" class=\"column_2\">A0D655<\/td>\n<\/tr>\n<tr>\n<td align=\"left\" valign=\"top\" class=\"column_1\" nowrap>Indizes:<\/td>\n<td align=\"left\" valign=\"top\" class=\"column_2\">SDAX, TecDAX<\/td>\n<\/tr>\n<tr>\n<td align=\"left\" valign=\"top\" class=\"column_1\">B\u00f6rsen:<\/td>\n<td align=\"left\" valign=\"top\" class=\"column_2\">Regulierter Markt in Frankfurt (Prime Standard); Freiverkehr in Berlin, D\u00fcsseldorf, Hamburg, Hannover, M\u00fcnchen, Stuttgart, Tradegate Exchange<\/td>\n<\/tr>\n<tr>\n<td align=\"left\" valign=\"top\" class=\"column_1\" nowrap>EQS News ID:<\/td>\n<td align=\"left\" valign=\"top\" class=\"column_2\">820451<\/td>\n<\/tr>\n<\/table>\n<p><\/p>\n<table class=\"news_footer_layout\" border=\"0\" cellpadding=\"0\" cellspacing=\"0\">\n<tr>\n<td align=\"left\" valign=\"top\" colspan=\"2\"><\/td>\n<\/tr>\n<\/table>\n<table class=\"news_layout news_layout_footer_end\" border=\"0\" cellpadding=\"0\" cellspacing=\"0\">\n<tr>\n<td align=\"left\" valign=\"top\" colspan=\"2\">&nbsp;<\/td>\n<\/tr>\n<tr>\n<td align=\"left\" valign=\"top\" class=\"column_1\">Ende der Mitteilung<\/td>\n<td align=\"left\" valign=\"top\" class=\"column_2\">DGAP News-Service<\/td>\n<\/tr>\n<\/table>\n<p class=\"\">\n<p><img loading=\"lazy\" decoding=\"async\" src=\"https:\/\/link.cockpit.eqs.com\/cgi-bin\/fncls.ssp?fn=show_t_gif&amp;application_id=820451&amp;application_name=news&amp;site_id=news_data\" alt=\"show this\" width=\"0\" height=\"0\" border=\"0\" \/><\/p>\n","protected":false},"excerpt":{"rendered":"<p>DGAP-News: Nordex SE \/ Schlagwort(e): Strategische Unternehmensentscheidung 06.06.2019 \/ 09:18 F\u00fcr den Inhalt der Mitteilung ist der Emittent \/ Herausgeber verantwortlich. &#8211; Erstes Produktionswerk f\u00fcr Windkraftanlagen in C\u00f3rdoba, Argentinien&#8211; Ein wichtiger Schritt, um diesem boomenden Industriesektor einen Mehrwert im Land zu verschaffen.&#8211; Produktionsst\u00e4tte wird zu neuen Arbeitspl\u00e4tzen in der Region f\u00fchren. Hamburg, C\u00f3rdoba, 6. Juni [&hellip;]<\/p>\n","protected":false},"author":5,"featured_media":0,"comment_status":"closed","ping_status":"closed","sticky":false,"template":"","format":"standard","meta":{"_trash_the_other_posts":false,"editor_notices":[],"footnotes":""},"categories":[1250,1252],"tags":[],"class_list":["post-3389","post","type-post","status-publish","format-standard","hentry","category-investor-relations","category-corporate"],"yoast_head":"<!-- This site is optimized with the Yoast SEO Premium plugin v27.3 (Yoast SEO v27.3) - https:\/\/yoast.com\/product\/yoast-seo-premium-wordpress\/ -->\n<title>\u200bNordex Group und FAdeA feiern offizielle Er\u00f6ffnung einer Produktionsst\u00e4tte f\u00fcr Windkraftanlagen in C\u00f3rdoba, Argentinien - Nordex SE - Deutsch<\/title>\n<meta name=\"robots\" content=\"index, follow, max-snippet:-1, max-image-preview:large, max-video-preview:-1\" \/>\n<link rel=\"canonical\" href=\"https:\/\/www.nordex-online.com\/de\/2019\/06\/nordex-group-und-fadea-feiern-offizielle-eroeffnung-einer-produktionsstaette-fuer-windkraftanlagen-in-cordoba-argentinien\/\" \/>\n<meta property=\"og:locale\" content=\"de_DE\" \/>\n<meta property=\"og:type\" content=\"article\" \/>\n<meta property=\"og:title\" content=\"\u200bNordex Group und FAdeA feiern offizielle Er\u00f6ffnung einer Produktionsst\u00e4tte f\u00fcr Windkraftanlagen in C\u00f3rdoba, Argentinien\" \/>\n<meta property=\"og:description\" content=\"DGAP-News: Nordex SE \/ Schlagwort(e): Strategische Unternehmensentscheidung 06.06.2019 \/ 09:18 F\u00fcr den Inhalt der Mitteilung ist der Emittent \/ Herausgeber verantwortlich. &#8211; Erstes Produktionswerk f\u00fcr Windkraftanlagen in C\u00f3rdoba, Argentinien&#8211; Ein wichtiger Schritt, um diesem boomenden Industriesektor einen Mehrwert im Land zu verschaffen.&#8211; Produktionsst\u00e4tte wird zu neuen Arbeitspl\u00e4tzen in der Region f\u00fchren. Hamburg, C\u00f3rdoba, 6. Juni [&hellip;]\" \/>\n<meta property=\"og:url\" content=\"https:\/\/www.nordex-online.com\/de\/2019\/06\/nordex-group-und-fadea-feiern-offizielle-eroeffnung-einer-produktionsstaette-fuer-windkraftanlagen-in-cordoba-argentinien\/\" \/>\n<meta property=\"og:site_name\" content=\"Nordex SE - Deutsch\" \/>\n<meta property=\"article:published_time\" content=\"2019-06-06T07:18:27+00:00\" \/>\n<meta property=\"article:modified_time\" content=\"2023-11-28T15:00:54+00:00\" \/>\n<meta property=\"og:image\" content=\"https:\/\/link.cockpit.eqs.com\/cgi-bin\/fncls.ssp?fn=show_t_gif&amp;application_id=820451&amp;application_name=news&amp;site_id=news_data\" \/>\n<meta name=\"author\" content=\"aeckert\" \/>\n<meta name=\"twitter:card\" content=\"summary_large_image\" \/>\n<meta name=\"twitter:label1\" content=\"Geschrieben von\" \/>\n\t<meta name=\"twitter:data1\" content=\"aeckert\" \/>\n\t<meta name=\"twitter:label2\" content=\"Gesch\u00e4tzte Lesezeit\" \/>\n\t<meta name=\"twitter:data2\" content=\"4\u00a0Minuten\" \/>\n<script type=\"application\/ld+json\" class=\"yoast-schema-graph\">{\"@context\":\"https:\\\/\\\/schema.org\",\"@graph\":[{\"@type\":\"Article\",\"@id\":\"https:\\\/\\\/www.nordex-online.com\\\/de\\\/2019\\\/06\\\/nordex-group-und-fadea-feiern-offizielle-eroeffnung-einer-produktionsstaette-fuer-windkraftanlagen-in-cordoba-argentinien\\\/#article\",\"isPartOf\":{\"@id\":\"https:\\\/\\\/www.nordex-online.com\\\/de\\\/2019\\\/06\\\/nordex-group-und-fadea-feiern-offizielle-eroeffnung-einer-produktionsstaette-fuer-windkraftanlagen-in-cordoba-argentinien\\\/\"},\"author\":{\"name\":\"aeckert\",\"@id\":\"https:\\\/\\\/www.nordex-online.com\\\/de\\\/#\\\/schema\\\/person\\\/81621b8f0d2d2d605ac828cef137de95\"},\"headline\":\"\u200bNordex Group und FAdeA feiern offizielle Er\u00f6ffnung einer Produktionsst\u00e4tte f\u00fcr Windkraftanlagen in C\u00f3rdoba, Argentinien\",\"datePublished\":\"2019-06-06T07:18:27+00:00\",\"dateModified\":\"2023-11-28T15:00:54+00:00\",\"mainEntityOfPage\":{\"@id\":\"https:\\\/\\\/www.nordex-online.com\\\/de\\\/2019\\\/06\\\/nordex-group-und-fadea-feiern-offizielle-eroeffnung-einer-produktionsstaette-fuer-windkraftanlagen-in-cordoba-argentinien\\\/\"},\"wordCount\":729,\"publisher\":{\"@id\":\"https:\\\/\\\/www.nordex-online.com\\\/de\\\/#organization\"},\"image\":{\"@id\":\"https:\\\/\\\/www.nordex-online.com\\\/de\\\/2019\\\/06\\\/nordex-group-und-fadea-feiern-offizielle-eroeffnung-einer-produktionsstaette-fuer-windkraftanlagen-in-cordoba-argentinien\\\/#primaryimage\"},\"thumbnailUrl\":\"https:\\\/\\\/link.cockpit.eqs.com\\\/cgi-bin\\\/fncls.ssp?fn=show_t_gif&amp;application_id=820451&amp;application_name=news&amp;site_id=news_data\",\"articleSection\":[\"Investorenbeziehungen\",\"Unternehmen\"],\"inLanguage\":\"de\"},{\"@type\":\"WebPage\",\"@id\":\"https:\\\/\\\/www.nordex-online.com\\\/de\\\/2019\\\/06\\\/nordex-group-und-fadea-feiern-offizielle-eroeffnung-einer-produktionsstaette-fuer-windkraftanlagen-in-cordoba-argentinien\\\/\",\"url\":\"https:\\\/\\\/www.nordex-online.com\\\/de\\\/2019\\\/06\\\/nordex-group-und-fadea-feiern-offizielle-eroeffnung-einer-produktionsstaette-fuer-windkraftanlagen-in-cordoba-argentinien\\\/\",\"name\":\"\u200bNordex Group und FAdeA feiern offizielle Er\u00f6ffnung einer Produktionsst\u00e4tte f\u00fcr Windkraftanlagen in C\u00f3rdoba, Argentinien - Nordex SE - Deutsch\",\"isPartOf\":{\"@id\":\"https:\\\/\\\/www.nordex-online.com\\\/de\\\/#website\"},\"primaryImageOfPage\":{\"@id\":\"https:\\\/\\\/www.nordex-online.com\\\/de\\\/2019\\\/06\\\/nordex-group-und-fadea-feiern-offizielle-eroeffnung-einer-produktionsstaette-fuer-windkraftanlagen-in-cordoba-argentinien\\\/#primaryimage\"},\"image\":{\"@id\":\"https:\\\/\\\/www.nordex-online.com\\\/de\\\/2019\\\/06\\\/nordex-group-und-fadea-feiern-offizielle-eroeffnung-einer-produktionsstaette-fuer-windkraftanlagen-in-cordoba-argentinien\\\/#primaryimage\"},\"thumbnailUrl\":\"https:\\\/\\\/link.cockpit.eqs.com\\\/cgi-bin\\\/fncls.ssp?fn=show_t_gif&amp;application_id=820451&amp;application_name=news&amp;site_id=news_data\",\"datePublished\":\"2019-06-06T07:18:27+00:00\",\"dateModified\":\"2023-11-28T15:00:54+00:00\",\"breadcrumb\":{\"@id\":\"https:\\\/\\\/www.nordex-online.com\\\/de\\\/2019\\\/06\\\/nordex-group-und-fadea-feiern-offizielle-eroeffnung-einer-produktionsstaette-fuer-windkraftanlagen-in-cordoba-argentinien\\\/#breadcrumb\"},\"inLanguage\":\"de\",\"potentialAction\":[{\"@type\":\"ReadAction\",\"target\":[\"https:\\\/\\\/www.nordex-online.com\\\/de\\\/2019\\\/06\\\/nordex-group-und-fadea-feiern-offizielle-eroeffnung-einer-produktionsstaette-fuer-windkraftanlagen-in-cordoba-argentinien\\\/\"]}]},{\"@type\":\"ImageObject\",\"inLanguage\":\"de\",\"@id\":\"https:\\\/\\\/www.nordex-online.com\\\/de\\\/2019\\\/06\\\/nordex-group-und-fadea-feiern-offizielle-eroeffnung-einer-produktionsstaette-fuer-windkraftanlagen-in-cordoba-argentinien\\\/#primaryimage\",\"url\":\"https:\\\/\\\/link.cockpit.eqs.com\\\/cgi-bin\\\/fncls.ssp?fn=show_t_gif&amp;application_id=820451&amp;application_name=news&amp;site_id=news_data\",\"contentUrl\":\"https:\\\/\\\/link.cockpit.eqs.com\\\/cgi-bin\\\/fncls.ssp?fn=show_t_gif&amp;application_id=820451&amp;application_name=news&amp;site_id=news_data\"},{\"@type\":\"BreadcrumbList\",\"@id\":\"https:\\\/\\\/www.nordex-online.com\\\/de\\\/2019\\\/06\\\/nordex-group-und-fadea-feiern-offizielle-eroeffnung-einer-produktionsstaette-fuer-windkraftanlagen-in-cordoba-argentinien\\\/#breadcrumb\",\"itemListElement\":[{\"@type\":\"ListItem\",\"position\":1,\"name\":\"Home\",\"item\":\"https:\\\/\\\/www.nordex-online.com\\\/de\\\/\"},{\"@type\":\"ListItem\",\"position\":2,\"name\":\"\u200bNordex Group und FAdeA feiern offizielle Er\u00f6ffnung einer Produktionsst\u00e4tte f\u00fcr Windkraftanlagen in C\u00f3rdoba, Argentinien\"}]},{\"@type\":\"WebSite\",\"@id\":\"https:\\\/\\\/www.nordex-online.com\\\/de\\\/#website\",\"url\":\"https:\\\/\\\/www.nordex-online.com\\\/de\\\/\",\"name\":\"Nordex SE - Deutsch\",\"description\":\"Manufacture, installation and maintenance of wind turbines.\",\"publisher\":{\"@id\":\"https:\\\/\\\/www.nordex-online.com\\\/de\\\/#organization\"},\"potentialAction\":[{\"@type\":\"SearchAction\",\"target\":{\"@type\":\"EntryPoint\",\"urlTemplate\":\"https:\\\/\\\/www.nordex-online.com\\\/de\\\/?s={search_term_string}\"},\"query-input\":{\"@type\":\"PropertyValueSpecification\",\"valueRequired\":true,\"valueName\":\"search_term_string\"}}],\"inLanguage\":\"de\"},{\"@type\":\"Organization\",\"@id\":\"https:\\\/\\\/www.nordex-online.com\\\/de\\\/#organization\",\"name\":\"Nordex SE - Deutsch\",\"url\":\"https:\\\/\\\/www.nordex-online.com\\\/de\\\/\",\"logo\":{\"@type\":\"ImageObject\",\"inLanguage\":\"de\",\"@id\":\"https:\\\/\\\/www.nordex-online.com\\\/de\\\/#\\\/schema\\\/logo\\\/image\\\/\",\"url\":\"https:\\\/\\\/www.nordex-online.com\\\/wp-content\\\/uploads\\\/sites\\\/3\\\/2024\\\/07\\\/cropped-cropped-Combined-Logos_cmyk_PNG.png\",\"contentUrl\":\"https:\\\/\\\/www.nordex-online.com\\\/wp-content\\\/uploads\\\/sites\\\/3\\\/2024\\\/07\\\/cropped-cropped-Combined-Logos_cmyk_PNG.png\",\"width\":1181,\"height\":353,\"caption\":\"Nordex SE - Deutsch\"},\"image\":{\"@id\":\"https:\\\/\\\/www.nordex-online.com\\\/de\\\/#\\\/schema\\\/logo\\\/image\\\/\"}},{\"@type\":\"Person\",\"@id\":\"https:\\\/\\\/www.nordex-online.com\\\/de\\\/#\\\/schema\\\/person\\\/81621b8f0d2d2d605ac828cef137de95\",\"name\":\"aeckert\",\"image\":{\"@type\":\"ImageObject\",\"inLanguage\":\"de\",\"@id\":\"https:\\\/\\\/secure.gravatar.com\\\/avatar\\\/9bb1da8fdca865f8714afd486408f3f4d26ef53f3ff2e44201e2a0a3b5e3c6b2?s=96&d=mm&r=g\",\"url\":\"https:\\\/\\\/secure.gravatar.com\\\/avatar\\\/9bb1da8fdca865f8714afd486408f3f4d26ef53f3ff2e44201e2a0a3b5e3c6b2?s=96&d=mm&r=g\",\"contentUrl\":\"https:\\\/\\\/secure.gravatar.com\\\/avatar\\\/9bb1da8fdca865f8714afd486408f3f4d26ef53f3ff2e44201e2a0a3b5e3c6b2?s=96&d=mm&r=g\",\"caption\":\"aeckert\"},\"url\":\"https:\\\/\\\/www.nordex-online.com\\\/de\\\/author\\\/antje\\\/\"}]}<\/script>\n<!-- \/ Yoast SEO Premium plugin. -->","yoast_head_json":{"title":"\u200bNordex Group und FAdeA feiern offizielle Er\u00f6ffnung einer Produktionsst\u00e4tte f\u00fcr Windkraftanlagen in C\u00f3rdoba, Argentinien - Nordex SE - Deutsch","robots":{"index":"index","follow":"follow","max-snippet":"max-snippet:-1","max-image-preview":"max-image-preview:large","max-video-preview":"max-video-preview:-1"},"canonical":"https:\/\/www.nordex-online.com\/de\/2019\/06\/nordex-group-und-fadea-feiern-offizielle-eroeffnung-einer-produktionsstaette-fuer-windkraftanlagen-in-cordoba-argentinien\/","og_locale":"de_DE","og_type":"article","og_title":"\u200bNordex Group und FAdeA feiern offizielle Er\u00f6ffnung einer Produktionsst\u00e4tte f\u00fcr Windkraftanlagen in C\u00f3rdoba, Argentinien","og_description":"DGAP-News: Nordex SE \/ Schlagwort(e): Strategische Unternehmensentscheidung 06.06.2019 \/ 09:18 F\u00fcr den Inhalt der Mitteilung ist der Emittent \/ Herausgeber verantwortlich. &#8211; Erstes Produktionswerk f\u00fcr Windkraftanlagen in C\u00f3rdoba, Argentinien&#8211; Ein wichtiger Schritt, um diesem boomenden Industriesektor einen Mehrwert im Land zu verschaffen.&#8211; Produktionsst\u00e4tte wird zu neuen Arbeitspl\u00e4tzen in der Region f\u00fchren. Hamburg, C\u00f3rdoba, 6. Juni [&hellip;]","og_url":"https:\/\/www.nordex-online.com\/de\/2019\/06\/nordex-group-und-fadea-feiern-offizielle-eroeffnung-einer-produktionsstaette-fuer-windkraftanlagen-in-cordoba-argentinien\/","og_site_name":"Nordex SE - Deutsch","article_published_time":"2019-06-06T07:18:27+00:00","article_modified_time":"2023-11-28T15:00:54+00:00","og_image":[{"url":"https:\/\/link.cockpit.eqs.com\/cgi-bin\/fncls.ssp?fn=show_t_gif&amp;application_id=820451&amp;application_name=news&amp;site_id=news_data","type":"","width":"","height":""}],"author":"aeckert","twitter_card":"summary_large_image","twitter_misc":{"Geschrieben von":"aeckert","Gesch\u00e4tzte Lesezeit":"4\u00a0Minuten"},"schema":{"@context":"https:\/\/schema.org","@graph":[{"@type":"Article","@id":"https:\/\/www.nordex-online.com\/de\/2019\/06\/nordex-group-und-fadea-feiern-offizielle-eroeffnung-einer-produktionsstaette-fuer-windkraftanlagen-in-cordoba-argentinien\/#article","isPartOf":{"@id":"https:\/\/www.nordex-online.com\/de\/2019\/06\/nordex-group-und-fadea-feiern-offizielle-eroeffnung-einer-produktionsstaette-fuer-windkraftanlagen-in-cordoba-argentinien\/"},"author":{"name":"aeckert","@id":"https:\/\/www.nordex-online.com\/de\/#\/schema\/person\/81621b8f0d2d2d605ac828cef137de95"},"headline":"\u200bNordex Group und FAdeA feiern offizielle Er\u00f6ffnung einer Produktionsst\u00e4tte f\u00fcr Windkraftanlagen in C\u00f3rdoba, Argentinien","datePublished":"2019-06-06T07:18:27+00:00","dateModified":"2023-11-28T15:00:54+00:00","mainEntityOfPage":{"@id":"https:\/\/www.nordex-online.com\/de\/2019\/06\/nordex-group-und-fadea-feiern-offizielle-eroeffnung-einer-produktionsstaette-fuer-windkraftanlagen-in-cordoba-argentinien\/"},"wordCount":729,"publisher":{"@id":"https:\/\/www.nordex-online.com\/de\/#organization"},"image":{"@id":"https:\/\/www.nordex-online.com\/de\/2019\/06\/nordex-group-und-fadea-feiern-offizielle-eroeffnung-einer-produktionsstaette-fuer-windkraftanlagen-in-cordoba-argentinien\/#primaryimage"},"thumbnailUrl":"https:\/\/link.cockpit.eqs.com\/cgi-bin\/fncls.ssp?fn=show_t_gif&amp;application_id=820451&amp;application_name=news&amp;site_id=news_data","articleSection":["Investorenbeziehungen","Unternehmen"],"inLanguage":"de"},{"@type":"WebPage","@id":"https:\/\/www.nordex-online.com\/de\/2019\/06\/nordex-group-und-fadea-feiern-offizielle-eroeffnung-einer-produktionsstaette-fuer-windkraftanlagen-in-cordoba-argentinien\/","url":"https:\/\/www.nordex-online.com\/de\/2019\/06\/nordex-group-und-fadea-feiern-offizielle-eroeffnung-einer-produktionsstaette-fuer-windkraftanlagen-in-cordoba-argentinien\/","name":"\u200bNordex Group und FAdeA feiern offizielle Er\u00f6ffnung einer Produktionsst\u00e4tte f\u00fcr Windkraftanlagen in C\u00f3rdoba, Argentinien - Nordex SE - Deutsch","isPartOf":{"@id":"https:\/\/www.nordex-online.com\/de\/#website"},"primaryImageOfPage":{"@id":"https:\/\/www.nordex-online.com\/de\/2019\/06\/nordex-group-und-fadea-feiern-offizielle-eroeffnung-einer-produktionsstaette-fuer-windkraftanlagen-in-cordoba-argentinien\/#primaryimage"},"image":{"@id":"https:\/\/www.nordex-online.com\/de\/2019\/06\/nordex-group-und-fadea-feiern-offizielle-eroeffnung-einer-produktionsstaette-fuer-windkraftanlagen-in-cordoba-argentinien\/#primaryimage"},"thumbnailUrl":"https:\/\/link.cockpit.eqs.com\/cgi-bin\/fncls.ssp?fn=show_t_gif&amp;application_id=820451&amp;application_name=news&amp;site_id=news_data","datePublished":"2019-06-06T07:18:27+00:00","dateModified":"2023-11-28T15:00:54+00:00","breadcrumb":{"@id":"https:\/\/www.nordex-online.com\/de\/2019\/06\/nordex-group-und-fadea-feiern-offizielle-eroeffnung-einer-produktionsstaette-fuer-windkraftanlagen-in-cordoba-argentinien\/#breadcrumb"},"inLanguage":"de","potentialAction":[{"@type":"ReadAction","target":["https:\/\/www.nordex-online.com\/de\/2019\/06\/nordex-group-und-fadea-feiern-offizielle-eroeffnung-einer-produktionsstaette-fuer-windkraftanlagen-in-cordoba-argentinien\/"]}]},{"@type":"ImageObject","inLanguage":"de","@id":"https:\/\/www.nordex-online.com\/de\/2019\/06\/nordex-group-und-fadea-feiern-offizielle-eroeffnung-einer-produktionsstaette-fuer-windkraftanlagen-in-cordoba-argentinien\/#primaryimage","url":"https:\/\/link.cockpit.eqs.com\/cgi-bin\/fncls.ssp?fn=show_t_gif&amp;application_id=820451&amp;application_name=news&amp;site_id=news_data","contentUrl":"https:\/\/link.cockpit.eqs.com\/cgi-bin\/fncls.ssp?fn=show_t_gif&amp;application_id=820451&amp;application_name=news&amp;site_id=news_data"},{"@type":"BreadcrumbList","@id":"https:\/\/www.nordex-online.com\/de\/2019\/06\/nordex-group-und-fadea-feiern-offizielle-eroeffnung-einer-produktionsstaette-fuer-windkraftanlagen-in-cordoba-argentinien\/#breadcrumb","itemListElement":[{"@type":"ListItem","position":1,"name":"Home","item":"https:\/\/www.nordex-online.com\/de\/"},{"@type":"ListItem","position":2,"name":"\u200bNordex Group und FAdeA feiern offizielle Er\u00f6ffnung einer Produktionsst\u00e4tte f\u00fcr Windkraftanlagen in C\u00f3rdoba, Argentinien"}]},{"@type":"WebSite","@id":"https:\/\/www.nordex-online.com\/de\/#website","url":"https:\/\/www.nordex-online.com\/de\/","name":"Nordex SE - Deutsch","description":"Manufacture, installation and maintenance of wind turbines.","publisher":{"@id":"https:\/\/www.nordex-online.com\/de\/#organization"},"potentialAction":[{"@type":"SearchAction","target":{"@type":"EntryPoint","urlTemplate":"https:\/\/www.nordex-online.com\/de\/?s={search_term_string}"},"query-input":{"@type":"PropertyValueSpecification","valueRequired":true,"valueName":"search_term_string"}}],"inLanguage":"de"},{"@type":"Organization","@id":"https:\/\/www.nordex-online.com\/de\/#organization","name":"Nordex SE - Deutsch","url":"https:\/\/www.nordex-online.com\/de\/","logo":{"@type":"ImageObject","inLanguage":"de","@id":"https:\/\/www.nordex-online.com\/de\/#\/schema\/logo\/image\/","url":"https:\/\/www.nordex-online.com\/wp-content\/uploads\/sites\/3\/2024\/07\/cropped-cropped-Combined-Logos_cmyk_PNG.png","contentUrl":"https:\/\/www.nordex-online.com\/wp-content\/uploads\/sites\/3\/2024\/07\/cropped-cropped-Combined-Logos_cmyk_PNG.png","width":1181,"height":353,"caption":"Nordex SE - Deutsch"},"image":{"@id":"https:\/\/www.nordex-online.com\/de\/#\/schema\/logo\/image\/"}},{"@type":"Person","@id":"https:\/\/www.nordex-online.com\/de\/#\/schema\/person\/81621b8f0d2d2d605ac828cef137de95","name":"aeckert","image":{"@type":"ImageObject","inLanguage":"de","@id":"https:\/\/secure.gravatar.com\/avatar\/9bb1da8fdca865f8714afd486408f3f4d26ef53f3ff2e44201e2a0a3b5e3c6b2?s=96&d=mm&r=g","url":"https:\/\/secure.gravatar.com\/avatar\/9bb1da8fdca865f8714afd486408f3f4d26ef53f3ff2e44201e2a0a3b5e3c6b2?s=96&d=mm&r=g","contentUrl":"https:\/\/secure.gravatar.com\/avatar\/9bb1da8fdca865f8714afd486408f3f4d26ef53f3ff2e44201e2a0a3b5e3c6b2?s=96&d=mm&r=g","caption":"aeckert"},"url":"https:\/\/www.nordex-online.com\/de\/author\/antje\/"}]}},"_links":{"self":[{"href":"https:\/\/www.nordex-online.com\/de\/wp-json\/wp\/v2\/posts\/3389","targetHints":{"allow":["GET"]}}],"collection":[{"href":"https:\/\/www.nordex-online.com\/de\/wp-json\/wp\/v2\/posts"}],"about":[{"href":"https:\/\/www.nordex-online.com\/de\/wp-json\/wp\/v2\/types\/post"}],"author":[{"embeddable":true,"href":"https:\/\/www.nordex-online.com\/de\/wp-json\/wp\/v2\/users\/5"}],"replies":[{"embeddable":true,"href":"https:\/\/www.nordex-online.com\/de\/wp-json\/wp\/v2\/comments?post=3389"}],"version-history":[{"count":5,"href":"https:\/\/www.nordex-online.com\/de\/wp-json\/wp\/v2\/posts\/3389\/revisions"}],"predecessor-version":[{"id":40347,"href":"https:\/\/www.nordex-online.com\/de\/wp-json\/wp\/v2\/posts\/3389\/revisions\/40347"}],"wp:attachment":[{"href":"https:\/\/www.nordex-online.com\/de\/wp-json\/wp\/v2\/media?parent=3389"}],"wp:term":[{"taxonomy":"category","embeddable":true,"href":"https:\/\/www.nordex-online.com\/de\/wp-json\/wp\/v2\/categories?post=3389"},{"taxonomy":"post_tag","embeddable":true,"href":"https:\/\/www.nordex-online.com\/de\/wp-json\/wp\/v2\/tags?post=3389"}],"curies":[{"name":"wp","href":"https:\/\/api.w.org\/{rel}","templated":true}]}}